{"id":562504,"date":"2026-09-01T12:30:00","date_gmt":"2026-09-01T10:30:00","guid":{"rendered":"https:\/\/medizinonline.com\/?p=562504"},"modified":"2026-09-01T13:01:28","modified_gmt":"2026-09-01T11:01:28","slug":"ralentir-la-perte-de-la-fonction-des-cellules-%ce%b2-et-freiner-la-progression-de-la-maladie","status":"publish","type":"post","link":"https:\/\/medizinonline.com\/fr\/ralentir-la-perte-de-la-fonction-des-cellules-%ce%b2-et-freiner-la-progression-de-la-maladie\/","title":{"rendered":"Ralentir la perte de la fonction des cellules \u03b2 et freiner la progression de la maladie"},"content":{"rendered":"\n<p class=\"wp-block-paragraph\"><strong>Le diab\u00e8te de type 1 est la maladie m\u00e9tabolique la plus fr\u00e9quente chez les enfants et les adolescents. L&#8217;apparition clinique du diab\u00e8te de type 1 est pr\u00e9c\u00e9d\u00e9e d&#8217;une auto-immunit\u00e9 pr\u00e9symptomatique des cellules des \u00eelots pancr\u00e9atiques, qui peut \u00eatre diagnostiqu\u00e9e par la d\u00e9tection d&#8217;auto-anticorps dirig\u00e9s contre ces cellules. L&#8217;objectif d&#8217;un nouveau traitement par anticorps est de retarder de plusieurs ann\u00e9es le passage au stade n\u00e9cessitant un traitement \u00e0 l&#8217;insuline, voire, dans le meilleur des cas, de l&#8217;emp\u00eacher.<\/strong><\/p>\n\n<div class=\"pmpro\"><div class=\"pmpro_card pmpro_content_message\"><div class=\"pmpro_card_content\">Dieser Inhalt ist nur f\u00fcr Benutzer der Gruppe: Medizinische Fachperson zug\u00e4nglich <br \/><a href=\"https:\/\/medizinonline.com\/fr\/mon-compte\/paquets\/\">Jetzt beitreten<\/a><\/div><div class=\"pmpro_card_actions pmpro_font-medium\">Already a member? <a href=\"https:\/\/medizinonline.com\/fr\/se-connecter\/?redirect_to=https%3A%2F%2Fmedizinonline.com%2Ffr%2Fralentir-la-perte-de-la-fonction-des-cellules-%25ce%25b2-et-freiner-la-progression-de-la-maladie%2F\">Connectez-vous ici<\/a><\/div><\/div><\/div>","protected":false},"excerpt":{"rendered":"<p>Le diab\u00e8te de type 1 est la maladie m\u00e9tabolique la plus fr\u00e9quente chez les enfants et les adolescents. L&#8217;apparition clinique du diab\u00e8te de type 1 est pr\u00e9c\u00e9d\u00e9e d&#8217;une auto-immunit\u00e9 pr\u00e9symptomatique&#8230;&hellip;... <\/p>\n<div class=\"pmpro\"><div class=\"pmpro_card pmpro_content_message\"><div class=\"pmpro_card_content\">Dieser Inhalt ist nur f\u00fcr Benutzer der Gruppe: Medizinische Fachperson zug\u00e4nglich <br \/><a href=\"https:\/\/medizinonline.com\/fr\/mon-compte\/paquets\/\">Jetzt beitreten<\/a><\/div><div class=\"pmpro_card_actions pmpro_font-medium\">Already a member? <a href=\"https:\/\/medizinonline.com\/fr\/se-connecter\/?redirect_to=https%3A%2F%2Fmedizinonline.com%2Ffr%2Fralentir-la-perte-de-la-fonction-des-cellules-%25ce%25b2-et-freiner-la-progression-de-la-maladie%2F\">Connectez-vous ici<\/a><\/div><\/div><\/div>","protected":false},"author":7,"featured_media":562506,"comment_status":"closed","ping_status":"closed","sticky":false,"template":"","format":"standard","meta":{"_acf_changed":false,"pmpro_default_level":"","cat_1_feature_home_top":false,"cat_2_editor_pick":false,"csco_eyebrow_text":"Diab\u00e8te de type 1 : nouvelle approche th\u00e9rapeutique visant \u00e0 modifier l'\u00e9volution de la maladie  ","footnotes":"","_members_access_role":[],"_members_access_error":""},"category":[11549,11404,11527,11531,11315,11458],"tags":[99205,99209,99203,99207,99202,79961,99206,99204,99210,99208,75018,59306,99211],"powerkit_post_featured":[],"class_list":["post-562504","post","type-post","status-publish","format-standard","has-post-thumbnail","category-rx-fr","category-endocrinologie-et-diabetologie","category-etudes","category-formation-continue","category-medecine-interne-generale","category-pediatrie","tag-approche-therapeutique-visant-a-modifier-le-cours-de-la-maladie","tag-auto-anticorps-anti-glutamate-decarboxylase-65-gad","tag-auto-anticorps-anti-ilots-pancreatiques","tag-auto-anticorps-anti-insuline-iaa","tag-auto-immunite-presymptomatique-des-cellules-des-ilots-pancreatiques","tag-diabete-de-type-1-fr","tag-etude-tn-10","tag-fonction-des-cellules-","tag-ia-2a","tag-teizeild","tag-teplizumab-fr","tag-traitement-par-anticorps","tag-znt8a","pmpro-level-required","pmpro-level-1","pmpro-no-access"],"acf":[],"publishpress_future_action":{"enabled":false,"date":"2026-09-09 10:15:38","action":"change-status","newStatus":"draft","terms":[],"taxonomy":"category","extraData":[]},"publishpress_future_workflow_manual_trigger":{"enabledWorkflows":[]},"wpml_current_locale":"fr_FR","wpml_translations":{"it_IT":{"locale":"it_IT","id":562508,"slug":"rallentare-la-perdita-della-funzione-delle-cellule-%ce%b2-e-frenare-il-decorso-della-malattia","post_title":"Rallentare la perdita della funzione delle cellule \u03b2 e frenare il decorso della malattia","href":"https:\/\/medizinonline.com\/it\/rallentare-la-perdita-della-funzione-delle-cellule-%ce%b2-e-frenare-il-decorso-della-malattia\/"},"pt_PT":{"locale":"pt_PT","id":562513,"slug":"retardar-a-perda-da-funcao-das-celulas-%ce%b2-e-abrandar-a-evolucao-da-doenca","post_title":"Retardar a perda da fun\u00e7\u00e3o das c\u00e9lulas \u03b2 e abrandar a evolu\u00e7\u00e3o da doen\u00e7a","href":"https:\/\/medizinonline.com\/pt-pt\/retardar-a-perda-da-funcao-das-celulas-%ce%b2-e-abrandar-a-evolucao-da-doenca\/"},"es_ES":{"locale":"es_ES","id":562519,"slug":"ralentizar-la-perdida-de-la-funcion-de-las-celulas-%ce%b2-y-frenar-la-evolucion-de-la-enfermedad","post_title":"Ralentizar la p\u00e9rdida de la funci\u00f3n de las c\u00e9lulas \u03b2 y frenar la evoluci\u00f3n de la enfermedad","href":"https:\/\/medizinonline.com\/es\/ralentizar-la-perdida-de-la-funcion-de-las-celulas-%ce%b2-y-frenar-la-evolucion-de-la-enfermedad\/"}},"_links":{"self":[{"href":"https:\/\/medizinonline.com\/fr\/wp-json\/wp\/v2\/posts\/562504","targetHints":{"allow":["GET"]}}],"collection":[{"href":"https:\/\/medizinonline.com\/fr\/wp-json\/wp\/v2\/posts"}],"about":[{"href":"https:\/\/medizinonline.com\/fr\/wp-json\/wp\/v2\/types\/post"}],"author":[{"embeddable":true,"href":"https:\/\/medizinonline.com\/fr\/wp-json\/wp\/v2\/users\/7"}],"replies":[{"embeddable":true,"href":"https:\/\/medizinonline.com\/fr\/wp-json\/wp\/v2\/comments?post=562504"}],"version-history":[{"count":2,"href":"https:\/\/medizinonline.com\/fr\/wp-json\/wp\/v2\/posts\/562504\/revisions"}],"predecessor-version":[{"id":563884,"href":"https:\/\/medizinonline.com\/fr\/wp-json\/wp\/v2\/posts\/562504\/revisions\/563884"}],"wp:featuredmedia":[{"embeddable":true,"href":"https:\/\/medizinonline.com\/fr\/wp-json\/wp\/v2\/media\/562506"}],"wp:attachment":[{"href":"https:\/\/medizinonline.com\/fr\/wp-json\/wp\/v2\/media?parent=562504"}],"wp:term":[{"taxonomy":"category","embeddable":true,"href":"https:\/\/medizinonline.com\/fr\/wp-json\/wp\/v2\/category?post=562504"},{"taxonomy":"post_tag","embeddable":true,"href":"https:\/\/medizinonline.com\/fr\/wp-json\/wp\/v2\/tags?post=562504"},{"taxonomy":"powerkit_post_featured","embeddable":true,"href":"https:\/\/medizinonline.com\/fr\/wp-json\/wp\/v2\/powerkit_post_featured?post=562504"}],"curies":[{"name":"wp","href":"https:\/\/api.w.org\/{rel}","templated":true}]}}