{"id":564205,"date":"2026-08-29T02:00:00","date_gmt":"2026-08-29T00:00:00","guid":{"rendered":"https:\/\/medizinonline.com\/faut-il-recommander-un-traitement-topique-ou-systemique\/"},"modified":"2026-09-04T09:32:09","modified_gmt":"2026-09-04T07:32:09","slug":"faut-il-recommander-un-traitement-topique-ou-systemique","status":"publish","type":"post","link":"https:\/\/medizinonline.com\/fr\/faut-il-recommander-un-traitement-topique-ou-systemique\/","title":{"rendered":"Faut-il recommander un traitement topique ou syst\u00e9mique ?"},"content":{"rendered":"\n<p class=\"wp-block-paragraph\"><strong>En cas de chute de cheveux localis\u00e9e et limit\u00e9e, le traitement de premi\u00e8re intention consiste le plus souvent en l\u2019utilisation de corticost\u00e9ro\u00efdes, administr\u00e9s sous forme topique et\/ou par injections intral\u00e9sionnelles. Le minoxidil topique constitue une autre option th\u00e9rapeutique valid\u00e9e par des essais cliniques, qui s\u2019est r\u00e9v\u00e9l\u00e9e efficace pour favoriser la repousse des cheveux en cas d\u2019alop\u00e9cie areata. Parmi les options th\u00e9rapeutiques syst\u00e9miques, la prednisolone par voie orale reste un traitement classique, mais ces derni\u00e8res ann\u00e9es, les inhibiteurs de la Janus kinase par voie orale (par exemple, le baricitinib, le ritlecitinib) ont consid\u00e9rablement \u00e9largi l\u2019arsenal th\u00e9rapeutique.<\/strong><\/p>\n\n<div class=\"pmpro\"><div class=\"pmpro_card pmpro_content_message\"><div class=\"pmpro_card_content\">Dieser Inhalt ist nur f\u00fcr Benutzer der Gruppe: Medizinische Fachperson zug\u00e4nglich <br \/><a href=\"https:\/\/medizinonline.com\/fr\/mon-compte\/paquets\/\">Jetzt beitreten<\/a><\/div><div class=\"pmpro_card_actions pmpro_font-medium\">Already a member? <a href=\"https:\/\/medizinonline.com\/fr\/se-connecter\/?redirect_to=https%3A%2F%2Fmedizinonline.com%2Ffr%2Ffaut-il-recommander-un-traitement-topique-ou-systemique%2F\">Connectez-vous ici<\/a><\/div><\/div><\/div>","protected":false},"excerpt":{"rendered":"<p>En cas de chute de cheveux localis\u00e9e et limit\u00e9e, le traitement de premi\u00e8re intention consiste le plus souvent en l\u2019utilisation de corticost\u00e9ro\u00efdes, administr\u00e9s sous forme topique et\/ou par injections intral\u00e9sionnelles&#8230;.&hellip;... <\/p>\n<div class=\"pmpro\"><div class=\"pmpro_card pmpro_content_message\"><div class=\"pmpro_card_content\">Dieser Inhalt ist nur f\u00fcr Benutzer der Gruppe: Medizinische Fachperson zug\u00e4nglich <br \/><a href=\"https:\/\/medizinonline.com\/fr\/mon-compte\/paquets\/\">Jetzt beitreten<\/a><\/div><div class=\"pmpro_card_actions pmpro_font-medium\">Already a member? <a href=\"https:\/\/medizinonline.com\/fr\/se-connecter\/?redirect_to=https%3A%2F%2Fmedizinonline.com%2Ffr%2Ffaut-il-recommander-un-traitement-topique-ou-systemique%2F\">Connectez-vous ici<\/a><\/div><\/div><\/div>","protected":false},"author":7,"featured_media":564206,"comment_status":"closed","ping_status":"closed","sticky":false,"template":"","format":"standard","meta":{"_acf_changed":false,"pmpro_default_level":"","cat_1_feature_home_top":false,"cat_2_editor_pick":false,"csco_eyebrow_text":"Alop\u00e9cie areata  ","footnotes":"","_members_access_role":[],"_members_access_error":""},"category":[11549,11349,11362,11527,11464,11535],"tags":[51398,17473,18303,100234,50687,100235,94885,31111,17479,65793,100236,100233,12617],"powerkit_post_featured":[],"class_list":["post-564205","post","type-post","status-publish","format-standard","has-post-thumbnail","category-rx-fr","category-allergologie-et-immunologie-clinique","category-dermatologie-et-venerologie","category-etudes","category-pharmacologie-et-toxicologie","category-rapports-de-congres","tag-alopecie-areata","tag-baricitinib-fr","tag-corticosteroides-fr","tag-inhibiteurs-oraux-de-la-janus-kinase","tag-kenacort-fr","tag-la-prednisolone-par-voie-orale","tag-litfulo","tag-minoxidil-fr","tag-olumiant-fr","tag-ritlecitinib-fr","tag-score-salt","tag-therapie-systemique-2","tag-therapie-topique","pmpro-level-required","pmpro-level-1","pmpro-no-access"],"acf":[],"publishpress_future_action":{"enabled":false,"date":"2026-09-11 11:31:32","action":"change-status","newStatus":"draft","terms":[],"taxonomy":"category","extraData":[]},"publishpress_future_workflow_manual_trigger":{"enabledWorkflows":[]},"wpml_current_locale":"fr_FR","wpml_translations":{"it_IT":{"locale":"it_IT","id":564211,"slug":"e-opportuno-raccomandare-un-trattamento-topico-o-sistemico","post_title":"\u00c8 opportuno raccomandare un trattamento topico o sistemico?","href":"https:\/\/medizinonline.com\/it\/e-opportuno-raccomandare-un-trattamento-topico-o-sistemico\/"},"pt_PT":{"locale":"pt_PT","id":564217,"slug":"recomenda-se-o-tratamento-topico-ou-sistemico","post_title":"Recomenda-se o tratamento t\u00f3pico ou sist\u00e9mico?","href":"https:\/\/medizinonline.com\/pt-pt\/recomenda-se-o-tratamento-topico-ou-sistemico\/"},"es_ES":{"locale":"es_ES","id":564267,"slug":"se-recomienda-un-tratamiento-topico-o-sistemico","post_title":"\u00bfSe recomienda un tratamiento t\u00f3pico o sist\u00e9mico?","href":"https:\/\/medizinonline.com\/es\/se-recomienda-un-tratamiento-topico-o-sistemico\/"}},"_links":{"self":[{"href":"https:\/\/medizinonline.com\/fr\/wp-json\/wp\/v2\/posts\/564205","targetHints":{"allow":["GET"]}}],"collection":[{"href":"https:\/\/medizinonline.com\/fr\/wp-json\/wp\/v2\/posts"}],"about":[{"href":"https:\/\/medizinonline.com\/fr\/wp-json\/wp\/v2\/types\/post"}],"author":[{"embeddable":true,"href":"https:\/\/medizinonline.com\/fr\/wp-json\/wp\/v2\/users\/7"}],"replies":[{"embeddable":true,"href":"https:\/\/medizinonline.com\/fr\/wp-json\/wp\/v2\/comments?post=564205"}],"version-history":[{"count":1,"href":"https:\/\/medizinonline.com\/fr\/wp-json\/wp\/v2\/posts\/564205\/revisions"}],"predecessor-version":[{"id":564210,"href":"https:\/\/medizinonline.com\/fr\/wp-json\/wp\/v2\/posts\/564205\/revisions\/564210"}],"wp:featuredmedia":[{"embeddable":true,"href":"https:\/\/medizinonline.com\/fr\/wp-json\/wp\/v2\/media\/564206"}],"wp:attachment":[{"href":"https:\/\/medizinonline.com\/fr\/wp-json\/wp\/v2\/media?parent=564205"}],"wp:term":[{"taxonomy":"category","embeddable":true,"href":"https:\/\/medizinonline.com\/fr\/wp-json\/wp\/v2\/category?post=564205"},{"taxonomy":"post_tag","embeddable":true,"href":"https:\/\/medizinonline.com\/fr\/wp-json\/wp\/v2\/tags?post=564205"},{"taxonomy":"powerkit_post_featured","embeddable":true,"href":"https:\/\/medizinonline.com\/fr\/wp-json\/wp\/v2\/powerkit_post_featured?post=564205"}],"curies":[{"name":"wp","href":"https:\/\/api.w.org\/{rel}","templated":true}]}}