{"id":564230,"date":"2026-08-29T02:00:00","date_gmt":"2026-08-29T00:00:00","guid":{"rendered":"https:\/\/medizinonline.com\/effets-sur-la-sante-le-bien-etre-et-la-productivite\/"},"modified":"2026-08-29T02:00:00","modified_gmt":"2026-08-29T00:00:00","slug":"effets-sur-la-sante-le-bien-etre-et-la-productivite","status":"publish","type":"post","link":"https:\/\/medizinonline.com\/fr\/effets-sur-la-sante-le-bien-etre-et-la-productivite\/","title":{"rendered":"Effets sur la sant\u00e9, le bien-\u00eatre et la productivit\u00e9"},"content":{"rendered":"<p>... <\/p>\n<div class=\"pmpro\"><div class=\"pmpro_card pmpro_content_message\"><div class=\"pmpro_card_content\">Dieser Inhalt ist nur f\u00fcr Benutzer der Gruppe: Medizinische Fachperson zug\u00e4nglich <br \/><a href=\"https:\/\/medizinonline.com\/fr\/mon-compte\/paquets\/\">Jetzt beitreten<\/a><\/div><div class=\"pmpro_card_actions pmpro_font-medium\">Already a member? <a href=\"https:\/\/medizinonline.com\/fr\/se-connecter\/?redirect_to=https%3A%2F%2Fmedizinonline.com%2Ffr%2Feffets-sur-la-sante-le-bien-etre-et-la-productivite%2F\">Connectez-vous ici<\/a><\/div><\/div><\/div>","protected":false},"excerpt":{"rendered":"<p>&#8230; Dieser Inhalt ist nur f\u00fcr Benutzer der Gruppe: Medizinische Fachperson zug\u00e4nglich Jetzt beitretenAlready a member? Connectez-vous ici... <\/p>\n<div class=\"pmpro\"><div class=\"pmpro_card pmpro_content_message\"><div class=\"pmpro_card_content\">Dieser Inhalt ist nur f\u00fcr Benutzer der Gruppe: Medizinische Fachperson zug\u00e4nglich <br \/><a href=\"https:\/\/medizinonline.com\/fr\/mon-compte\/paquets\/\">Jetzt beitreten<\/a><\/div><div class=\"pmpro_card_actions pmpro_font-medium\">Already a member? <a href=\"https:\/\/medizinonline.com\/fr\/se-connecter\/?redirect_to=https%3A%2F%2Fmedizinonline.com%2Ffr%2Feffets-sur-la-sante-le-bien-etre-et-la-productivite%2F\">Connectez-vous ici<\/a><\/div><\/div><\/div>","protected":false},"author":7,"featured_media":564231,"comment_status":"closed","ping_status":"closed","sticky":false,"template":"","format":"standard","meta":{"_acf_changed":false,"pmpro_default_level":"","cat_1_feature_home_top":false,"cat_2_editor_pick":false,"csco_eyebrow_text":"Conception biophilique des environnements de travail  ","footnotes":"","_members_access_role":[],"_members_access_error":""},"category":[11549,11527,11546,11315,11482],"tags":[100275,100279,100287,100277,100285,100281,69855,100283,13155],"powerkit_post_featured":[],"class_list":["post-564230","post","type-post","status-publish","format-standard","has-post-thumbnail","category-rx-fr","category-etudes","category-gestion-du-cabinet-medical","category-medecine-interne-generale","category-prevention-et-soins-de-sante","tag-bien-etre-2","tag-conception-biophile","tag-conseil-mondial-du-batiment-durable","tag-environnements-de-travail","tag-etude-pilote-sur-la-realite-virtuelle","tag-hypothese-de-la-biophilie","tag-organisation-mondiale-de-la-sante","tag-productivite","tag-sante","pmpro-level-required","pmpro-level-1","pmpro-no-access"],"acf":[],"publishpress_future_action":{"enabled":false,"date":"2026-09-11 11:29:15","action":"change-status","newStatus":"draft","terms":[],"taxonomy":"category","extraData":[]},"publishpress_future_workflow_manual_trigger":{"enabledWorkflows":[]},"wpml_current_locale":"fr_FR","wpml_translations":{"it_IT":{"locale":"it_IT","id":564238,"slug":"effetti-sulla-salute-sul-benessere-e-sulla-produttivita","post_title":"Effetti sulla salute, sul benessere e sulla produttivit\u00e0","href":"https:\/\/medizinonline.com\/it\/effetti-sulla-salute-sul-benessere-e-sulla-produttivita\/"},"pt_PT":{"locale":"pt_PT","id":564212,"slug":"efeitos-na-saude-no-bem-estar-e-na-produtividade","post_title":"Efeitos na sa\u00fade, no bem-estar e na produtividade","href":"https:\/\/medizinonline.com\/pt-pt\/efeitos-na-saude-no-bem-estar-e-na-produtividade\/"},"es_ES":{"locale":"es_ES","id":564218,"slug":"efectos-sobre-la-salud-el-bienestar-y-la-productividad","post_title":"Efectos sobre la salud, el bienestar y la productividad","href":"https:\/\/medizinonline.com\/es\/efectos-sobre-la-salud-el-bienestar-y-la-productividad\/"}},"_links":{"self":[{"href":"https:\/\/medizinonline.com\/fr\/wp-json\/wp\/v2\/posts\/564230","targetHints":{"allow":["GET"]}}],"collection":[{"href":"https:\/\/medizinonline.com\/fr\/wp-json\/wp\/v2\/posts"}],"about":[{"href":"https:\/\/medizinonline.com\/fr\/wp-json\/wp\/v2\/types\/post"}],"author":[{"embeddable":true,"href":"https:\/\/medizinonline.com\/fr\/wp-json\/wp\/v2\/users\/7"}],"replies":[{"embeddable":true,"href":"https:\/\/medizinonline.com\/fr\/wp-json\/wp\/v2\/comments?post=564230"}],"version-history":[{"count":0,"href":"https:\/\/medizinonline.com\/fr\/wp-json\/wp\/v2\/posts\/564230\/revisions"}],"wp:featuredmedia":[{"embeddable":true,"href":"https:\/\/medizinonline.com\/fr\/wp-json\/wp\/v2\/media\/564231"}],"wp:attachment":[{"href":"https:\/\/medizinonline.com\/fr\/wp-json\/wp\/v2\/media?parent=564230"}],"wp:term":[{"taxonomy":"category","embeddable":true,"href":"https:\/\/medizinonline.com\/fr\/wp-json\/wp\/v2\/category?post=564230"},{"taxonomy":"post_tag","embeddable":true,"href":"https:\/\/medizinonline.com\/fr\/wp-json\/wp\/v2\/tags?post=564230"},{"taxonomy":"powerkit_post_featured","embeddable":true,"href":"https:\/\/medizinonline.com\/fr\/wp-json\/wp\/v2\/powerkit_post_featured?post=564230"}],"curies":[{"name":"wp","href":"https:\/\/api.w.org\/{rel}","templated":true}]}}