{"id":564239,"date":"2026-08-28T04:00:00","date_gmt":"2026-08-28T02:00:00","guid":{"rendered":"https:\/\/medizinonline.com\/zoom-sur-les-sujets-dactualite\/"},"modified":"2026-08-28T04:00:00","modified_gmt":"2026-08-28T02:00:00","slug":"zoom-sur-les-sujets-dactualite","status":"publish","type":"post","link":"https:\/\/medizinonline.com\/fr\/zoom-sur-les-sujets-dactualite\/","title":{"rendered":"Zoom sur les \u00ab sujets d&#8217;actualit\u00e9 \u00bb"},"content":{"rendered":"<p>... <\/p>\n<div class=\"pmpro\"><div class=\"pmpro_card pmpro_content_message\"><div class=\"pmpro_card_content\">Dieser Inhalt ist nur f\u00fcr Benutzer der Gruppe: Medizinische Fachperson zug\u00e4nglich <br \/><a href=\"https:\/\/medizinonline.com\/fr\/mon-compte\/paquets\/\">Jetzt beitreten<\/a><\/div><div class=\"pmpro_card_actions pmpro_font-medium\">Already a member? <a href=\"https:\/\/medizinonline.com\/fr\/se-connecter\/?redirect_to=https%3A%2F%2Fmedizinonline.com%2Ffr%2Fzoom-sur-les-sujets-dactualite%2F\">Connectez-vous ici<\/a><\/div><\/div><\/div>","protected":false},"excerpt":{"rendered":"<p>&#8230; Dieser Inhalt ist nur f\u00fcr Benutzer der Gruppe: Medizinische Fachperson zug\u00e4nglich Jetzt beitretenAlready a member? Connectez-vous ici... <\/p>\n<div class=\"pmpro\"><div class=\"pmpro_card pmpro_content_message\"><div class=\"pmpro_card_content\">Dieser Inhalt ist nur f\u00fcr Benutzer der Gruppe: Medizinische Fachperson zug\u00e4nglich <br \/><a href=\"https:\/\/medizinonline.com\/fr\/mon-compte\/paquets\/\">Jetzt beitreten<\/a><\/div><div class=\"pmpro_card_actions pmpro_font-medium\">Already a member? <a href=\"https:\/\/medizinonline.com\/fr\/se-connecter\/?redirect_to=https%3A%2F%2Fmedizinonline.com%2Ffr%2Fzoom-sur-les-sujets-dactualite%2F\">Connectez-vous ici<\/a><\/div><\/div><\/div>","protected":false},"author":7,"featured_media":564245,"comment_status":"closed","ping_status":"closed","sticky":false,"template":"","format":"standard","meta":{"_acf_changed":false,"pmpro_default_level":"","cat_1_feature_home_top":false,"cat_2_editor_pick":false,"csco_eyebrow_text":"Acn\u00e9 vulgaire : options th\u00e9rapeutiques topiques et syst\u00e9miques  ","footnotes":"","_members_access_role":[],"_members_access_error":""},"category":[11549,11349,11362,11527,11428,11464,11535],"tags":[28939,100308,100304,14511,100305,100298,100302,100294,100292,100309,100303,100306,100307,100311,100301,100299,100297,100300,55225,100310,24093,12617,14509],"powerkit_post_featured":[],"class_list":["post-564239","post","type-post","status-publish","format-standard","has-post-thumbnail","category-rx-fr","category-allergologie-et-immunologie-clinique","category-dermatologie-et-venerologie","category-etudes","category-infectiologie","category-pharmacologie-et-toxicologie","category-rapports-de-congres","tag-acne-vulgaire-fr","tag-acne-mycin","tag-adapalene","tag-aklief-fr","tag-antibiotiques-topiques","tag-bpo","tag-cb-03-01","tag-clascoteron","tag-clindamycine-2","tag-dalacin","tag-differin","tag-erythromycine","tag-gel-aknilox","tag-gel-benzac","tag-inhibiteur-des-recepteurs-androgeniques","tag-isotretinoine-par-voie-orale","tag-peroxyde-de-benzoyle","tag-risque-cancerigene","tag-roaccutan-fr","tag-skinoren","tag-therapie-systemique-fr","tag-therapie-topique","tag-trifarots","pmpro-level-required","pmpro-level-1","pmpro-no-access"],"acf":[],"publishpress_future_action":{"enabled":false,"date":"2026-09-12 10:59:11","action":"change-status","newStatus":"draft","terms":[],"taxonomy":"category","extraData":[]},"publishpress_future_workflow_manual_trigger":{"enabledWorkflows":[]},"wpml_current_locale":"fr_FR","wpml_translations":{"it_IT":{"locale":"it_IT","id":564249,"slug":"i-temi-di-attualita-sotto-i-riflettori","post_title":"I \u00abtemi di attualit\u00e0\u00bb sotto i riflettori","href":"https:\/\/medizinonline.com\/it\/i-temi-di-attualita-sotto-i-riflettori\/"},"pt_PT":{"locale":"pt_PT","id":564277,"slug":"temas-de-atualidade-em-destaque","post_title":"\u00abTemas de atualidade\u00bb em destaque","href":"https:\/\/medizinonline.com\/pt-pt\/temas-de-atualidade-em-destaque\/"},"es_ES":{"locale":"es_ES","id":564294,"slug":"temas-de-actualidad-en-el-punto-de-mira","post_title":"\u00abTemas de actualidad\u00bb en el punto de mira","href":"https:\/\/medizinonline.com\/es\/temas-de-actualidad-en-el-punto-de-mira\/"}},"_links":{"self":[{"href":"https:\/\/medizinonline.com\/fr\/wp-json\/wp\/v2\/posts\/564239","targetHints":{"allow":["GET"]}}],"collection":[{"href":"https:\/\/medizinonline.com\/fr\/wp-json\/wp\/v2\/posts"}],"about":[{"href":"https:\/\/medizinonline.com\/fr\/wp-json\/wp\/v2\/types\/post"}],"author":[{"embeddable":true,"href":"https:\/\/medizinonline.com\/fr\/wp-json\/wp\/v2\/users\/7"}],"replies":[{"embeddable":true,"href":"https:\/\/medizinonline.com\/fr\/wp-json\/wp\/v2\/comments?post=564239"}],"version-history":[{"count":0,"href":"https:\/\/medizinonline.com\/fr\/wp-json\/wp\/v2\/posts\/564239\/revisions"}],"wp:featuredmedia":[{"embeddable":true,"href":"https:\/\/medizinonline.com\/fr\/wp-json\/wp\/v2\/media\/564245"}],"wp:attachment":[{"href":"https:\/\/medizinonline.com\/fr\/wp-json\/wp\/v2\/media?parent=564239"}],"wp:term":[{"taxonomy":"category","embeddable":true,"href":"https:\/\/medizinonline.com\/fr\/wp-json\/wp\/v2\/category?post=564239"},{"taxonomy":"post_tag","embeddable":true,"href":"https:\/\/medizinonline.com\/fr\/wp-json\/wp\/v2\/tags?post=564239"},{"taxonomy":"powerkit_post_featured","embeddable":true,"href":"https:\/\/medizinonline.com\/fr\/wp-json\/wp\/v2\/powerkit_post_featured?post=564239"}],"curies":[{"name":"wp","href":"https:\/\/api.w.org\/{rel}","templated":true}]}}