{"id":60669,"count":1,"description":"","link":"https:\/\/medizinonline.com\/fr\/tag\/epilepsies-generalisees\/","name":"\u00e9pilepsies g\u00e9n\u00e9ralis\u00e9es","slug":"epilepsies-generalisees","taxonomy":"post_tag","meta":[],"_links":{"self":[{"href":"https:\/\/medizinonline.com\/fr\/wp-json\/wp\/v2\/tags\/60669","targetHints":{"allow":["GET"]}}],"collection":[{"href":"https:\/\/medizinonline.com\/fr\/wp-json\/wp\/v2\/tags"}],"about":[{"href":"https:\/\/medizinonline.com\/fr\/wp-json\/wp\/v2\/taxonomies\/post_tag"}],"wp:post_type":[{"href":"https:\/\/medizinonline.com\/fr\/wp-json\/wp\/v2\/posts?tags=60669"},{"href":"https:\/\/medizinonline.com\/fr\/wp-json\/wp\/v2\/article_rx?tags=60669"},{"href":"https:\/\/medizinonline.com\/fr\/wp-json\/wp\/v2\/post_dl?tags=60669"},{"href":"https:\/\/medizinonline.com\/fr\/wp-json\/wp\/v2\/tribe_events?tags=60669"},{"href":"https:\/\/medizinonline.com\/fr\/wp-json\/wp\/v2\/tec_calendar_embed?tags=60669"}],"curies":[{"name":"wp","href":"https:\/\/api.w.org\/{rel}","templated":true}]}}