{"id":62183,"count":1,"description":"","link":"https:\/\/medizinonline.com\/fr\/tag\/evenement-cardiovasculaire-et-cerebrovasculaire\/","name":"\u00e9v\u00e9nement cardiovasculaire et c\u00e9r\u00e9brovasculaire","slug":"evenement-cardiovasculaire-et-cerebrovasculaire","taxonomy":"post_tag","meta":[],"_links":{"self":[{"href":"https:\/\/medizinonline.com\/fr\/wp-json\/wp\/v2\/tags\/62183","targetHints":{"allow":["GET"]}}],"collection":[{"href":"https:\/\/medizinonline.com\/fr\/wp-json\/wp\/v2\/tags"}],"about":[{"href":"https:\/\/medizinonline.com\/fr\/wp-json\/wp\/v2\/taxonomies\/post_tag"}],"wp:post_type":[{"href":"https:\/\/medizinonline.com\/fr\/wp-json\/wp\/v2\/posts?tags=62183"},{"href":"https:\/\/medizinonline.com\/fr\/wp-json\/wp\/v2\/article_rx?tags=62183"},{"href":"https:\/\/medizinonline.com\/fr\/wp-json\/wp\/v2\/post_dl?tags=62183"},{"href":"https:\/\/medizinonline.com\/fr\/wp-json\/wp\/v2\/tribe_events?tags=62183"},{"href":"https:\/\/medizinonline.com\/fr\/wp-json\/wp\/v2\/tec_calendar_embed?tags=62183"}],"curies":[{"name":"wp","href":"https:\/\/api.w.org\/{rel}","templated":true}]}}