{"id":321771,"date":"2015-04-02T16:08:42","date_gmt":"2015-04-02T14:08:42","guid":{"rendered":"https:\/\/medizinonline.com\/la-cosa-piu-importante-e-costruire-la-fiducia-in-se-stessi\/"},"modified":"2023-01-09T02:01:46","modified_gmt":"2023-01-09T01:01:46","slug":"la-cosa-piu-importante-e-costruire-la-fiducia-in-se-stessi","status":"publish","type":"post","link":"https:\/\/medizinonline.com\/it\/la-cosa-piu-importante-e-costruire-la-fiducia-in-se-stessi\/","title":{"rendered":"La cosa pi\u00f9 importante \u00e8 costruire la fiducia in se stessi."},"content":{"rendered":"<p><strong>DERMATOLOGY PRAXIS ha intervistato Hannes L\u00fcthi, Direttore dei Servizi Professionali del centro allergologico aha! in Svizzera, sulle attuali opzioni disponibili per i pazienti nel campo della neurodermite. Ci sono molte possibilit\u00e0 per i bambini e le loro famiglie, dai corsi intensivi ai campi estivi per bambini. Quando si ha a che fare con pazienti giovani, \u00e8 importante adattarsi alla persona con cui si ha a che fare per trasmettere le informazioni.<\/strong><\/p>\n<p><!--more--><\/p>\n<p><strong>Signor L\u00fcthi, la neurodermite si manifesta per lo pi\u00f9 precocemente: l&#8217;85% dei pazienti mostra i segni della malattia prima dei cinque anni. Come viene attuato il training sulla neurodermite in pazienti cos\u00ec giovani?<br \/>\n<em>Hannes L\u00fcthi:<\/em><\/strong>  Il corso di formazione sulla neurodermite infantile insegna ai bambini dai quattro ai sette anni ad assumersi la responsabilit\u00e0 di se stessi, della loro pelle e della malattia attraverso il gioco. I bambini si prendono cura della loro pelle e imparano ad applicare strategie per affrontare il prurito sgradevole e le reazioni negative di chi li circonda. Imparano anche a rilassarsi, a evitare gli allergeni e sono incoraggiati a riconoscere i propri punti di forza.<br \/>\nIl pupazzo &#8220;Phil&#8221; e il suo amico a quattro zampe &#8220;Bo&#8221; sono gli eroi dei corsi per bambini e accompagnano il gruppo per tutta la giornata. Ogni bambino torna a casa con diversi &#8220;regali&#8221; per aiutarlo ad affrontare la malattia: &#8220;Bo&#8221;, l&#8217;amico a quattro zampe, il libro motivazionale &#8220;Das Rucks\u00e4ckchen&#8221; in tedesco (&#8220;Il piccolo zaino&#8221;) e molti altri tesori che i bambini possono portare con s\u00e9 nel proprio zaino.<\/p>\n<p><strong>Nei bambini, \u00e8 anche importante che i genitori e gli altri assistenti sappiano come gestire la malattia. I genitori sono presenti durante le lezioni?<\/strong><br \/>\nS\u00ec, anche i genitori sono presenti: mentre i bambini imparano molte cose interessanti sulla loro pelle in gruppo, i genitori ricevono informazioni interessanti sul quadro clinico della neurodermite durante le lezioni e partecipano a laboratori pratici. La giornata offre anche ai genitori l&#8217;opportunit\u00e0 di scambiarsi esperienze preziose.<\/p>\n<p><strong>Offrite anche corsi esclusivamente per adulti nell&#8217;ambiente circostante?<\/strong><br \/>\nS\u00ec, offriamo anche una formazione sulla neurodermite ai genitori. Questi corsi sono rivolti ai genitori e a chi si prende cura dei bambini di et\u00e0 compresa tra 0 e 7 anni colpiti dalla malattia.<\/p>\n<p><strong>In che modo il contenuto di questi corsi differisce da quello delle persone direttamente colpite dalla malattia?<\/strong><br \/>\nI bambini non sono presenti alla formazione sulla neurodermite per i genitori. I genitori imparano le nozioni mediche di base e ricevono molte conoscenze sulla struttura e sulla cura della pelle. Vengono trattati anche altri argomenti come l&#8217;alimentazione, la prevenzione, le strategie quotidiane e i metodi di trattamento complementari.<\/p>\n<p><strong>Lavora a stretto contatto con i medici durante la pianificazione e tiene conto delle ultime scoperte della ricerca, ad esempio sulle nuove forme di trattamento?<\/strong><br \/>\nI corsi sono guidati da un team interdisciplinare di specialisti dei settori della medicina, della psicologia e della nutrizione. Il contenuto e le offerte di aha! Il Centro Allergie Svizzera si basa sulle attuali conoscenze scientifiche. Lavoriamo anche a stretto contatto con un consiglio scientifico composto da personalit\u00e0 del mondo medico-scientifico.<\/p>\n<p><strong>Pu\u00f2 essere importante che i dermatologi e i medici curanti informino le persone colpite sulle offerte di assistenza e siano in grado di indirizzarle a un ente competente. In quali cantoni vengono offerti i corsi e come ci si pu\u00f2 iscrivere?<\/strong><br \/>\nI corsi di formazione sulla neurodermite infantile si tengono a Berna, Zurigo e Lucerna. I corsi di formazione per genitori si tengono in primavera e in autunno ad Aarau, Basilea, Berna, Lucerna e Zurigo.<br \/>\nI corsi sono offerti anche nella Svizzera francese, a Losanna e Ginevra. Pu\u00f2 iscriversi direttamente sul sito web: www.aha.ch alla voce formazione e corsi, oppure chiamando il numero 031 359 90 00.<\/p>\n<p><strong>Quali altri servizi sono disponibili per i bambini colpiti dalla malattia? Il suo sito web parla di campi per bambini e adolescenti, quali sono?<\/strong><br \/>\nQueste offerte di vacanza sono destinate a bambini e adolescenti con allergie, asma o neurodermite. Il campo per bambini dagli otto ai dodici anni offre una settimana di vacanza ricca di giochi, divertimento e avventura. Il campo per adolescenti tra i 13 e i 16 anni \u00e8 un campo di sport invernali. Attraverso una supervisione specializzata, i bambini e i giovani sono incoraggiati a gestire in modo responsabile le esigenze della loro salute. Il team di istruttori \u00e8 a conoscenza della storia medica dei partecipanti e le loro esigenze speciali vengono prese in considerazione, soprattutto in termini di alimentazione. Tutti i campi vacanze si svolgono nella regione di Davos\/Klosters.<\/p>\n<p><strong>Come possiamo aiutare i bambini che, a causa della visibilit\u00e0 della loro malattia della pelle, vengono ostracizzati o maltrattati a scuola?<\/strong><br \/>\nI genitori e gli insegnanti dovrebbero essere particolarmente coinvolti in questi casi. Da un lato, i bambini colpiti devono essere aiutati a gestire le reazioni negative. Soprattutto, \u00e8 importante che sviluppino una sana fiducia in se stessi. I genitori danno un contributo essenziale in questo ambito. Questo \u00e8 anche uno degli argomenti trattati nei corsi. D&#8217;altra parte, gli insegnanti devono adottare misure preventive adeguate, prendere una posizione chiara ed essere in grado di reagire sistematicamente a tali incidenti. L&#8217;assistente sociale scolastico pu\u00f2 anche offrire supporto in queste situazioni e l&#8217;aha! Il Centro Allergie Svizzera \u00e8 al suo fianco per consigliarla.<\/p>\n<p><em><strong>Intervista: Andreas Grossmann<\/strong><\/em><\/p>\n","protected":false},"excerpt":{"rendered":"<p>DERMATOLOGY PRAXIS ha intervistato Hannes L\u00fcthi, Direttore dei Servizi Professionali del centro allergologico aha! in Svizzera, sulle attuali opzioni disponibili per i pazienti nel campo della neurodermite. Ci sono molte&hellip;<\/p>\n","protected":false},"author":8,"featured_media":50269,"comment_status":"closed","ping_status":"closed","sticky":false,"template":"","format":"standard","meta":{"_acf_changed":false,"pmpro_default_level":"0","cat_1_feature_home_top":false,"cat_2_editor_pick":false,"csco_eyebrow_text":"Formazione sulla neurodermite","footnotes":""},"category":[],"tags":[12994,12643,13147],"powerkit_post_featured":[],"class_list":["post-321771","post","type-post","status-publish","format-standard","has-post-thumbnail","tag-allergia","tag-bambini","tag-neurodermite-it","pmpro-has-access"],"acf":[],"publishpress_future_action":{"enabled":false,"date":"2026-05-03 23:37:03","action":"change-status","newStatus":"draft","terms":[],"taxonomy":"category","extraData":[]},"publishpress_future_workflow_manual_trigger":{"enabledWorkflows":[]},"wpml_current_locale":"it_IT","wpml_translations":{"pt_PT":{"locale":"pt_PT","id":321772,"slug":"o-mais-importante-e-construir-a-autoconfianca","post_title":"O mais importante \u00e9 construir a autoconfian\u00e7a","href":"https:\/\/medizinonline.com\/pt-pt\/o-mais-importante-e-construir-a-autoconfianca\/"},"es_ES":{"locale":"es_ES","id":321769,"slug":"lo-mas-importante-es-fomentar-la-confianza-en-uno-mismo","post_title":"Lo m\u00e1s importante es fomentar la confianza en uno mismo","href":"https:\/\/medizinonline.com\/es\/lo-mas-importante-es-fomentar-la-confianza-en-uno-mismo\/"}},"_links":{"self":[{"href":"https:\/\/medizinonline.com\/it\/wp-json\/wp\/v2\/posts\/321771","targetHints":{"allow":["GET"]}}],"collection":[{"href":"https:\/\/medizinonline.com\/it\/wp-json\/wp\/v2\/posts"}],"about":[{"href":"https:\/\/medizinonline.com\/it\/wp-json\/wp\/v2\/types\/post"}],"author":[{"embeddable":true,"href":"https:\/\/medizinonline.com\/it\/wp-json\/wp\/v2\/users\/8"}],"replies":[{"embeddable":true,"href":"https:\/\/medizinonline.com\/it\/wp-json\/wp\/v2\/comments?post=321771"}],"version-history":[{"count":1,"href":"https:\/\/medizinonline.com\/it\/wp-json\/wp\/v2\/posts\/321771\/revisions"}],"predecessor-version":[{"id":321845,"href":"https:\/\/medizinonline.com\/it\/wp-json\/wp\/v2\/posts\/321771\/revisions\/321845"}],"wp:featuredmedia":[{"embeddable":true,"href":"https:\/\/medizinonline.com\/it\/wp-json\/wp\/v2\/media\/50269"}],"wp:attachment":[{"href":"https:\/\/medizinonline.com\/it\/wp-json\/wp\/v2\/media?parent=321771"}],"wp:term":[{"taxonomy":"category","embeddable":true,"href":"https:\/\/medizinonline.com\/it\/wp-json\/wp\/v2\/category?post=321771"},{"taxonomy":"post_tag","embeddable":true,"href":"https:\/\/medizinonline.com\/it\/wp-json\/wp\/v2\/tags?post=321771"},{"taxonomy":"powerkit_post_featured","embeddable":true,"href":"https:\/\/medizinonline.com\/it\/wp-json\/wp\/v2\/powerkit_post_featured?post=321771"}],"curies":[{"name":"wp","href":"https:\/\/api.w.org\/{rel}","templated":true}]}}