{"id":322528,"date":"2021-12-22T17:00:00","date_gmt":"2021-12-22T16:00:00","guid":{"rendered":"https:\/\/medizinonline.com\/le-malattie-reumatiche-sono-ancora-oggetto-di-molte-incomprensioni-da-parte-del-pubblico\/"},"modified":"2023-01-10T02:02:57","modified_gmt":"2023-01-10T01:02:57","slug":"le-malattie-reumatiche-sono-ancora-oggetto-di-molte-incomprensioni-da-parte-del-pubblico","status":"publish","type":"post","link":"https:\/\/medizinonline.com\/it\/le-malattie-reumatiche-sono-ancora-oggetto-di-molte-incomprensioni-da-parte-del-pubblico\/","title":{"rendered":"&#8220;Le malattie reumatiche sono ancora oggetto di molte incomprensioni da parte del pubblico&#8221;."},"content":{"rendered":"\n<p><strong>La Lega svizzera contro i reumatismi lavora per le persone affette da reumatismi dal 1958. In un&#8217;intervista, la direttrice esecutiva Val\u00e9rie Krafft spiega come l&#8217;organizzazione no-profit sostiene le persone colpite, perch\u00e9 la crescente quantit\u00e0 di informazioni \u00e8 sia una maledizione che una benedizione e quali sono le esigenze in materia di gestione della malattia.<\/strong><\/p>\n\n<!--more-->\n\n<p><img decoding=\"async\" style=\"--smush-placeholder-width: 522px; --smush-placeholder-aspect-ratio: 522\/391;height: 150px; width: 200px;\" data-src=\"https:\/\/medizinonline.com\/wp-content\/uploads\/2021\/12\/valerie_krafft.jpg\" alt=\"\" src=\"data:image\/svg+xml;base64,PHN2ZyB3aWR0aD0iMSIgaGVpZ2h0PSIxIiB4bWxucz0iaHR0cDovL3d3dy53My5vcmcvMjAwMC9zdmciPjwvc3ZnPg==\" class=\"lazyload\" \/><br\/><strong><em>Val\u00e9rie Krafft, Direttore Esecutivo della Lega Reumatismi Svizzera<\/em><\/strong><\/p>\n\n<p><strong><a href=\"https:\/\/www.rheumaliga.ch\/\" target=\"_blank\" rel=\"noopener\">Clicchi qui per il sito web della Lega svizzera contro il reumatismo.<\/a><\/strong><\/p>\n\n<p><strong>Pu\u00f2 presentare brevemente la Lega svizzera contro il reumatismo come organizzazione? Quali sono i suoi compiti, quali servizi fornisce?<\/strong><\/p>\n\n<p>La Lega svizzera contro il reumatismo \u00e8 un&#8217;organizzazione di oltre 60 anni, strutturata a livello federale, con organizzazioni affiliate nei vari cantoni e organizzazioni nazionali di pazienti. L&#8217;attenzione si concentra sulla persona, con il suo bisogno di qualit\u00e0 di vita e di indipendenza nonostante la malattia reumatica.<br\/>In sintesi, offriamo consulenza, orientamento ed esercizio fisico. Il nostro slogan &#8220;Bewusst bewegt&#8221; (muoversi consapevolmente) mostra di cosa si tratta: far muovere le persone con malattie reumatiche.<br\/>Da un lato, lo promuoviamo attraverso i programmi e i corsi di attivit\u00e0 fisica, che vengono offerti principalmente dalle nostre organizzazioni associate. Dall&#8217;altro lato, forniamo informazioni per spiegare in modo semplice questioni complesse sulle malattie reumatiche, in modo che le persone capiscano cosa significa la diagnosi per la loro vita e come possono affrontarla. Offriamo anche una consulenza paramedica a bassa soglia da parte di fisioterapisti, terapisti occupazionali, infermieri e assistenti sociali. Nel nostro negozio, vendiamo anche piccoli aiuti, ad esempio per aprire le bottiglie, e offriamo consigli specifici, anche da parte di un terapista occupazionale, per facilitare la vita quotidiana.<br\/>La Lega svizzera contro il reumatismo, in stretta collaborazione con i reumatologi, vuole definire il termine &#8220;reumatismo&#8221; in modo ampio: Non si tratta solo di malattie infiammatorie, ma anche di malattie degenerative, osteoporosi, reumatismi dei tessuti molli, problemi alla schiena e altre forme reumatiche.<\/p>\n\n<p><strong>Se confronta i malati di una malattia reumatica infiammatoria di 10 anni fa con quelli di oggi, dove vede i progressi pi\u00f9 importanti nella gestione della malattia nella vita quotidiana?<\/strong><\/p>\n\n<p>Oggi esistono opzioni di trattamento migliori e pi\u00f9 mirate. Ma sono aumentate anche le informazioni disponibili e i canali attraverso i quali le persone interessate possono scambiarsi informazioni. Da un lato, questo pu\u00f2 essere visto come un progresso, ma dall&#8217;altro pone anche nuove sfide per le persone colpite. Si trovano di fronte a molte pi\u00f9 informazioni, a volte contraddittorie e non sempre comprensibili. Pertanto, non sono sicuro che la gestione della loro malattia sia diventata davvero pi\u00f9 facile per i pazienti. Anche se, come estraneo, si vedono malattie come l&#8217;artrite reumatoide meno frequentemente nella vita di tutti i giorni, grazie ai trattamenti avanzati, la sofferenza delle persone colpite \u00e8 ancora molto alta.<\/p>\n\n<p><strong>Quali esigenze hanno oggi le persone colpite, cosa si aspettano dalla terapia e vede nella sua vita quotidiana che queste esigenze e aspettative vengono gi\u00e0 soddisfatte?<\/strong><\/p>\n\n<p>La terapia non comprende solo il trattamento farmacologico, che ovviamente deve avere il minor numero di effetti collaterali ed essere il pi\u00f9 efficace possibile. Anche l&#8217;assistenza olistica per le persone colpite e una maggiore accettazione della malattia da parte dell&#8217;opinione pubblica sono esigenze importanti. Quando si parla di malattie reumatiche, c&#8217;\u00e8 ancora molta incomprensione nell&#8217;ambiente privato e professionale. Qui c&#8217;\u00e8 ancora bisogno di molto lavoro educativo.<br\/>Abbiamo notato, soprattutto durante i periodi di pandemia, che molti malati nascondono la loro malattia reumatica infiammatoria al proprio datore di lavoro. Con COVID-19, queste persone si sono trovate in una situazione difficile: avevano un rischio aumentato a causa di una malattia precedente, ma nessuno sul posto di lavoro ne era a conoscenza fino a quel momento. \u00c8 importante promuovere la comprensione e l&#8217;accettazione di queste condizioni, che possono essere associate a stanchezza, dolore e riduzione delle prestazioni. Il nuovo video di sensibilizzazione della Lega svizzera contro il reumatismo mostra molto bene ci\u00f2 che i malati sperimentano nella vita di tutti i giorni, quali sono le loro esigenze e contro cosa stanno lottando.<\/p>\n\n<p><strong><a href=\"https:\/\/www.rheumaliga.ch\/blog\/2021\/betroffene-vor-der-kamera?q=kamera\" target=\"_blank\" rel=\"noopener\">&#8220;Siamo in tanti. Siamo forti. E combattiamo&#8221;. Pu\u00f2 vedere il video di sensibilizzazione qui.<\/a><\/strong><\/p>\n\n<p><strong>Quali sfide devono affrontare in particolare i pi\u00f9 giovani?<\/strong><\/p>\n\n<p>Soprattutto per le persone pi\u00f9 giovani, la diagnosi pu\u00f2 essere un grande shock. Il nostro membro pi\u00f9 giovane del Consiglio delle persone colpite ha 21 anni: \u00e8 un&#8217;et\u00e0 in cui il mondo \u00e8 aperto, si hanno sogni, desideri e idee, e improvvisamente si \u00e8 limitati. Per i pi\u00f9 giovani, l&#8217;attenzione \u00e8 rivolta alla pianificazione della vita e della famiglia, al lavoro e allo sviluppo personale. Questo comporta sfide molto diverse rispetto a quelle affrontate dagli anziani. La Lega Reumatismi desidera quindi fornire un sostegno speciale ai pazienti pi\u00f9 giovani. Ad esempio, abbiamo realizzato una pubblicazione sulla gravidanza e il posto di lavoro \u00e8 in primo piano. Con i nuovi media, possiamo concentrarci maggiormente sui temi che sfidano i giovani.<\/p>\n\n<p><strong>In che modo la Lega Reumatismi sostiene concretamente i pazienti con malattie reumatiche nel superare le sfide associate?<\/strong><\/p>\n\n<p>Nel complesso, le brochure sono un canale informativo importante, ma certamente non l&#8217;unico. Organizziamo anche eventi come le giornate della salute gratuite, dove offriamo aiuto concreto, consigli e suggerimenti alle persone colpite. Inoltre, esiste la possibilit\u00e0 di una consulenza telefonica o scritta. Naturalmente, anche le informazioni online sono diventate sempre pi\u00f9 importanti negli ultimi tempi. Il sito web della Lega Reumatismi registra una media di 180.000 visite al mese; nel primo anno Corona ha registrato un vero e proprio picco, cio\u00e8 un&#8217;enorme quantit\u00e0 di persone alla ricerca di informazioni affidabili e comprensibili. Inoltre, i social media, ossia Facebook, Instagram e, dal 1\u00b0 novembre, il canale LinkedIn della Lega Reumatismi, per essere meglio ancorati al mondo professionale. La sfida consiste nel raggiungere il gruppo target molto eterogeneo delle persone colpite e dei parenti, attraverso la comunicazione con i vari canali. Dall&#8217;inizio dell&#8217;anno, ad esempio, c&#8217;\u00e8 la serie di podcast &#8220;Reumatismo in persona&#8221;, in cui un presentatore discute vari argomenti insieme a persone che soffrono e a specialisti di vari settori. Tra le altre cose, si parla di come affrontare il dolore, del ruolo dell&#8217;ambiente e delle strategie per affrontare la malattia. Le conversazioni sono vere, autentiche e senza tab\u00f9. Inoltre, stiamo preparando le informazioni sui vari quadri clinici in un linguaggio di facile comprensione e le stiamo traducendo in varie lingue straniere, in modo da poter raggiungere anche le persone colpite con un background migratorio o i loro familiari.<\/p>\n\n<p><strong>Quanto \u00e8 importante lo scambio tra le persone interessate?<\/strong><\/p>\n\n<p>Ritengo che questo sia estremamente importante e apprezzo il fatto che i gruppi di supporto classici si stiano spostando sempre pi\u00f9 nell&#8217;ambiente digitale. I malati pi\u00f9 giovani, in particolare, hanno vite impegnate e sono integrati nella vita, quindi vogliono scegliere quando avere questi scambi. In questo ambito, come organizzazione dobbiamo anche essere pi\u00f9 flessibili con le nostre offerte e trovare nuove forme per il futuro, come la nostra comunit\u00e0 su Facebook, che oggi conta circa 4.000 membri.<\/p>\n\n<p><strong>Qual \u00e8 l&#8217;importanza della collaborazione tra le persone colpite, i reumatologi e la Lega svizzera contro il reumatismo e quali sono le possibilit\u00e0 corrispondenti?<\/strong><\/p>\n\n<p>La collaborazione tra queste tre parti \u00e8 molto importante, ma aggiungerei anche i professionisti della salute in generale e in particolare quelli della reumatologia (HPR). Probabilmente questi diventeranno sempre pi\u00f9 importanti, soprattutto in considerazione della carenza di specialisti. In futuro, il paziente dovr\u00e0 essere messo maggiormente al centro ed essere assistito in modo ottimale dai reumatologi, dalla Lega Reumatismi e dall&#8217;HPR, che lavorano fianco a fianco. C&#8217;\u00e8 ancora molto da fare in questo senso e siamo in stretto contatto con pazienti e professionisti per poter collaborare ancora meglio e in modo pi\u00f9 strutturato in futuro.<\/p>\n\n<p><strong>Cosa desidera per la gestione delle malattie reumatiche infiammatorie nei prossimi 10 anni?<\/strong><\/p>\n\n<p>Come gi\u00e0 detto, l&#8217;assistenza interprofessionale e olistica sta diventando sempre pi\u00f9 importante. Inoltre, dovremmo mantenere una certa soglia bassa, cio\u00e8 non creare troppi ostacoli, e fornire alle persone interessate un accesso semplice e facile a informazioni e servizi di supporto affidabili. Questo \u00e8 particolarmente vero in relazione alla giungla delle informazioni online. A questo proposito sarebbe auspicabile un portale web uniforme, con l&#8217;aiuto del quale i pazienti potrebbero organizzarsi da soli. Sarebbe un grande desiderio.<\/p>\n\n<p>Questo testo \u00e8 stato realizzato con il sostegno finanziario di AbbVie AG, Alte Steinhauserstrasse 14, Cham.<\/p>\n\n<p>CH-RNQR-210063_12\/2021<\/p>\n\n<p>Articolo online dal 20.12.2021<\/p>\n","protected":false},"excerpt":{"rendered":"<p>La Lega svizzera contro i reumatismi lavora per le persone affette da reumatismi dal 1958. In un&#8217;intervista, la direttrice esecutiva Val\u00e9rie Krafft spiega come l&#8217;organizzazione no-profit sostiene le persone colpite,&hellip;<\/p>\n","protected":false},"author":15,"featured_media":113788,"comment_status":"closed","ping_status":"closed","sticky":false,"template":"","format":"standard","meta":{"_acf_changed":false,"pmpro_default_level":"","cat_1_feature_home_top":false,"cat_2_editor_pick":false,"csco_eyebrow_text":"Val\u00e9rie Krafft, Direttore esecutivo della Lega svizzera contro il reumatismo:  ","footnotes":""},"category":[11337,11525,11494,11550],"tags":[11688],"powerkit_post_featured":[],"class_list":["post-322528","post","type-post","status-publish","format-standard","has-post-thumbnail","category-contenuto-del-partner","category-interviste","category-reumatologia-it","category-rx-it","tag-malattie-reumatiche-infiammatorie-fatti-ed-esperienze","pmpro-has-access"],"acf":[],"publishpress_future_action":{"enabled":false,"date":"2026-05-03 14:02:10","action":"change-status","newStatus":"draft","terms":[],"taxonomy":"category","extraData":[]},"publishpress_future_workflow_manual_trigger":{"enabledWorkflows":[]},"wpml_current_locale":"it_IT","wpml_translations":{"pt_PT":{"locale":"pt_PT","id":322536,"slug":"as-doencas-reumaticas-ainda-sao-alvo-de-muitos-mal-entendidos-por-parte-do-publico","post_title":"\"As doen\u00e7as reum\u00e1ticas ainda s\u00e3o alvo de muitos mal-entendidos por parte do p\u00fablico\".","href":"https:\/\/medizinonline.com\/pt-pt\/as-doencas-reumaticas-ainda-sao-alvo-de-muitos-mal-entendidos-por-parte-do-publico\/"},"es_ES":{"locale":"es_ES","id":322530,"slug":"las-enfermedades-reumaticas-siguen-encontrando-mucha-incomprension-por-parte-del-publico","post_title":"\"Las enfermedades reum\u00e1ticas siguen encontrando mucha incomprensi\u00f3n por parte del p\u00fablico\".","href":"https:\/\/medizinonline.com\/es\/las-enfermedades-reumaticas-siguen-encontrando-mucha-incomprension-por-parte-del-publico\/"}},"_links":{"self":[{"href":"https:\/\/medizinonline.com\/it\/wp-json\/wp\/v2\/posts\/322528","targetHints":{"allow":["GET"]}}],"collection":[{"href":"https:\/\/medizinonline.com\/it\/wp-json\/wp\/v2\/posts"}],"about":[{"href":"https:\/\/medizinonline.com\/it\/wp-json\/wp\/v2\/types\/post"}],"author":[{"embeddable":true,"href":"https:\/\/medizinonline.com\/it\/wp-json\/wp\/v2\/users\/15"}],"replies":[{"embeddable":true,"href":"https:\/\/medizinonline.com\/it\/wp-json\/wp\/v2\/comments?post=322528"}],"version-history":[{"count":1,"href":"https:\/\/medizinonline.com\/it\/wp-json\/wp\/v2\/posts\/322528\/revisions"}],"predecessor-version":[{"id":322529,"href":"https:\/\/medizinonline.com\/it\/wp-json\/wp\/v2\/posts\/322528\/revisions\/322529"}],"wp:featuredmedia":[{"embeddable":true,"href":"https:\/\/medizinonline.com\/it\/wp-json\/wp\/v2\/media\/113788"}],"wp:attachment":[{"href":"https:\/\/medizinonline.com\/it\/wp-json\/wp\/v2\/media?parent=322528"}],"wp:term":[{"taxonomy":"category","embeddable":true,"href":"https:\/\/medizinonline.com\/it\/wp-json\/wp\/v2\/category?post=322528"},{"taxonomy":"post_tag","embeddable":true,"href":"https:\/\/medizinonline.com\/it\/wp-json\/wp\/v2\/tags?post=322528"},{"taxonomy":"powerkit_post_featured","embeddable":true,"href":"https:\/\/medizinonline.com\/it\/wp-json\/wp\/v2\/powerkit_post_featured?post=322528"}],"curies":[{"name":"wp","href":"https:\/\/api.w.org\/{rel}","templated":true}]}}