{"id":324013,"date":"2022-12-01T02:30:00","date_gmt":"2022-12-01T01:30:00","guid":{"rendered":"https:\/\/medizinonline.com\/rafforzare-lalfabetizzazione-sanitaria\/"},"modified":"2022-12-01T02:30:00","modified_gmt":"2022-12-01T01:30:00","slug":"rafforzare-lalfabetizzazione-sanitaria","status":"publish","type":"post","link":"https:\/\/medizinonline.com\/it\/rafforzare-lalfabetizzazione-sanitaria\/","title":{"rendered":"Rafforzare l&#8217;alfabetizzazione sanitaria"},"content":{"rendered":"<p><strong>I risultati dell&#8217;<em>indagine sull&#8217;alfabetizzazione sanitaria in Svizzera<\/em>&nbsp;2019-21 sono ora riassunti nelle schede informative&nbsp;. Questi mostrano anche la Svizzera nel confronto internazionale. \u00c8 emerso chiaramente che l&#8217;alfabetizzazione sanitaria pu\u00f2 ancora essere migliorata in diverse aree.<\/strong><\/p>\n<p> <!--more--> <\/p>\n<p><em>(red)&nbsp;<\/em>L&#8217;alfabetizzazione sanitaria \u00e8 la capacit\u00e0 degli individui di prendere decisioni che hanno un impatto positivo sulla loro salute. Comprende la motivazione, la conoscenza e la capacit\u00e0 di una persona di trovare, comprendere e valutare le informazioni sulla salute. Il rafforzamento dell&#8217;alfabetizzazione sanitaria della popolazione \u00e8 un obiettivo della strategia Salute2030 del Consiglio federale. Grazie all&#8217;ottimizzazione delle informazioni sulla popolazione, le persone dovrebbero essere in grado di navigare nel sistema sanitario in modo pi\u00f9 efficiente, prevenire le malattie e prendersi cura della propria salute. L&#8217;obiettivo \u00e8 quello di rivolgersi a gruppi target svantaggiati con informazioni tradotte e facilmente comprensibili. Lo stato attuale dell&#8217;alfabetizzazione sanitaria tra la popolazione svizzera, nel confronto internazionale, \u00e8 stato indagato dal&nbsp;<em>Indagine sull&#8217;alfabetizzazione sanitaria in Svizzera&nbsp;<\/em>2019-21. In esso, il 49% degli intervistati ha segnalato frequenti difficolt\u00e0 nel gestire le informazioni sanitarie. Di conseguenza, l&#8217;alfabetizzazione sanitaria \u00e8 piuttosto bassa. Considerando tutti i 17 Paesi (compresa la Svizzera), il 46% degli intervistati riferisce di difficolt\u00e0 frequenti. Pertanto, la percentuale di persone con una bassa alfabetizzazione sanitaria \u00e8 leggermente pi\u00f9 alta in Svizzera.<\/p>\n<p>&nbsp;<\/p>\n<p><img fetchpriority=\"high\" decoding=\"async\" class=\" size-full wp-image-20333\" alt=\"\" src=\"https:\/\/medizinonline.com\/wp-content\/uploads\/2022\/12\/tab1_cv4_s52.png\" style=\"height:398px; width:600px\" width=\"1100\" height=\"730\" srcset=\"https:\/\/medizinonline.com\/wp-content\/uploads\/2022\/12\/tab1_cv4_s52.png 1100w, https:\/\/medizinonline.com\/wp-content\/uploads\/2022\/12\/tab1_cv4_s52-800x531.png 800w, https:\/\/medizinonline.com\/wp-content\/uploads\/2022\/12\/tab1_cv4_s52-120x80.png 120w, https:\/\/medizinonline.com\/wp-content\/uploads\/2022\/12\/tab1_cv4_s52-90x60.png 90w, https:\/\/medizinonline.com\/wp-content\/uploads\/2022\/12\/tab1_cv4_s52-320x212.png 320w, https:\/\/medizinonline.com\/wp-content\/uploads\/2022\/12\/tab1_cv4_s52-560x372.png 560w\" sizes=\"(max-width: 1100px) 100vw, 1100px\" \/><\/p>\n<p>&nbsp;<\/p>\n<p><em>Fonte: www.bag.admin.ch\/bag\/de (ultimo accesso 23.11.2022)<\/em><\/p>\n<p>&nbsp;<\/p>\n<p><em>CARDIOVASC 2022; 21(4): 52<br \/>\nInFo NEUROLOGIA &amp; PSICHIATRIA 2022; 20(6): 40<\/em><\/p>\n","protected":false},"excerpt":{"rendered":"<p>I risultati dell&#8217;indagine sull&#8217;alfabetizzazione sanitaria in Svizzera&nbsp;2019-21 sono ora riassunti nelle schede informative&nbsp;. Questi mostrano anche la Svizzera nel confronto internazionale. \u00c8 emerso chiaramente che l&#8217;alfabetizzazione sanitaria pu\u00f2 ancora essere&hellip;<\/p>\n","protected":false},"author":7,"featured_media":127159,"comment_status":"closed","ping_status":"closed","sticky":false,"template":"","format":"standard","meta":{"_acf_changed":false,"pmpro_default_level":"","cat_1_feature_home_top":false,"cat_2_editor_pick":false,"csco_eyebrow_text":"Sondaggio sull'alfabetizzazione sanitaria","footnotes":""},"category":[11519,11306,11511,11473,11550,11515],"tags":[12342,13429,12347],"powerkit_post_featured":[],"class_list":["post-324013","post","type-post","status-publish","format-standard","has-post-thumbnail","category-formazione-continua","category-medicina-interna-generale","category-notizie","category-prevenzione-e-assistenza-sanitaria","category-rx-it","category-studi","tag-alfabetizzazione-sanitaria","tag-gestione-della-pratica","tag-sondaggio-sullalfabetizzazione-sanitaria","pmpro-has-access"],"acf":[],"publishpress_future_action":{"enabled":false,"date":"2026-05-07 05:13:09","action":"change-status","newStatus":"draft","terms":[],"taxonomy":"category","extraData":[]},"publishpress_future_workflow_manual_trigger":{"enabledWorkflows":[]},"wpml_current_locale":"it_IT","wpml_translations":{"pt_PT":{"locale":"pt_PT","id":324023,"slug":"reforcar-a-literacia-em-saude","post_title":"Refor\u00e7ar a literacia em sa\u00fade","href":"https:\/\/medizinonline.com\/pt-pt\/reforcar-a-literacia-em-saude\/"},"es_ES":{"locale":"es_ES","id":324030,"slug":"reforzar-los-conocimientos-sanitarios","post_title":"Reforzar los conocimientos sanitarios","href":"https:\/\/medizinonline.com\/es\/reforzar-los-conocimientos-sanitarios\/"}},"_links":{"self":[{"href":"https:\/\/medizinonline.com\/it\/wp-json\/wp\/v2\/posts\/324013","targetHints":{"allow":["GET"]}}],"collection":[{"href":"https:\/\/medizinonline.com\/it\/wp-json\/wp\/v2\/posts"}],"about":[{"href":"https:\/\/medizinonline.com\/it\/wp-json\/wp\/v2\/types\/post"}],"author":[{"embeddable":true,"href":"https:\/\/medizinonline.com\/it\/wp-json\/wp\/v2\/users\/7"}],"replies":[{"embeddable":true,"href":"https:\/\/medizinonline.com\/it\/wp-json\/wp\/v2\/comments?post=324013"}],"version-history":[{"count":0,"href":"https:\/\/medizinonline.com\/it\/wp-json\/wp\/v2\/posts\/324013\/revisions"}],"wp:featuredmedia":[{"embeddable":true,"href":"https:\/\/medizinonline.com\/it\/wp-json\/wp\/v2\/media\/127159"}],"wp:attachment":[{"href":"https:\/\/medizinonline.com\/it\/wp-json\/wp\/v2\/media?parent=324013"}],"wp:term":[{"taxonomy":"category","embeddable":true,"href":"https:\/\/medizinonline.com\/it\/wp-json\/wp\/v2\/category?post=324013"},{"taxonomy":"post_tag","embeddable":true,"href":"https:\/\/medizinonline.com\/it\/wp-json\/wp\/v2\/tags?post=324013"},{"taxonomy":"powerkit_post_featured","embeddable":true,"href":"https:\/\/medizinonline.com\/it\/wp-json\/wp\/v2\/powerkit_post_featured?post=324013"}],"curies":[{"name":"wp","href":"https:\/\/api.w.org\/{rel}","templated":true}]}}