{"id":324316,"date":"2022-11-01T13:00:00","date_gmt":"2022-11-01T12:00:00","guid":{"rendered":"https:\/\/medizinonline.com\/pensi-subito-alla-vaccinazione-di-richiamo\/"},"modified":"2022-11-01T13:00:00","modified_gmt":"2022-11-01T12:00:00","slug":"pensi-subito-alla-vaccinazione-di-richiamo","status":"publish","type":"post","link":"https:\/\/medizinonline.com\/it\/pensi-subito-alla-vaccinazione-di-richiamo\/","title":{"rendered":"Pensi subito alla vaccinazione di richiamo!"},"content":{"rendered":"<p><strong>Un&#8217;altra vaccinazione di richiamo Covid 19 \u00e8 disponibile dal 10.10.2022. L&#8217;UFSP e la Commissione federale per le vaccinazioni (EKIF) raccomandano la vaccinazione di richiamo soprattutto alle persone particolarmente a rischio e agli operatori sanitari. I cantoni sono responsabili dell&#8217;attuazione.&nbsp;I costi della vaccinazione di richiamo sono coperti dal governo federale.<\/strong><\/p>\n<p> <!--more--> <\/p>\n<p><em>(rosso)&nbsp;<\/em>Attualmente, sia il numero di casi segnalati con infezioni da SARS-CoV-2 che la percentuale di test positivi stanno aumentando in modo significativo. Questo sviluppo si osserva anche nel monitoraggio nazionale delle acque reflue, dove il carico virale misurato nelle acque reflue \u00e8 in aumento. La percentuale di letti di terapia intensiva occupati da pazienti Covid 19 e i decessi segnalati rimangono fortunatamente a livelli molto bassi. Tuttavia, \u00e8 prevedibile un ulteriore aumento dell&#8217;incidenza dell&#8217;infezione.<\/p>\n<p>Luned\u00ec 10 ottobre 2022, sono entrate in vigore le raccomandazioni di vaccinazione Covid 19 modificate. Un&#8217;altra vaccinazione di richiamo pu\u00f2 aiutare a ridurre il numero di malattie gravi e quindi il sovraccarico del sistema sanitario in autunno e in inverno. La raccomandazione di vaccinazione si rivolge principalmente alle persone particolarmente a rischio, ossia alle persone di et\u00e0 superiore ai 65 anni e a quelle che presentano un rischio individuale maggiore per la salute, ad esempio a causa di una specifica malattia precedente o di una gravidanza. Questi gruppi hanno il rischio pi\u00f9 elevato di contrarre una grave forma di Covid-19. Con una vaccinazione di richiamo, migliorano la loro protezione individuale contro un decorso grave della malattia, almeno temporaneamente. La raccomandazione si applica in secondo luogo alle persone di et\u00e0 compresa tra i 16 e i 64 anni senza fattori di rischio, che sono attive nell&#8217;assistenza acuta e a lungo termine o che si occupano di persone particolarmente a rischio a livello professionale o privato. Una vaccinazione di richiamo offre a queste persone una certa protezione contro l&#8217;infezione della malattia e pu\u00f2 anche ridurre in qualche misura l&#8217;assenteismo dal lavoro.<\/p>\n<p>Esiste anche una raccomandazione generale per tutte le altre persone di et\u00e0 compresa tra 16 e 64 anni senza fattori di rischio. Per loro, una vaccinazione di richiamo ha senso dopo una considerazione e una decisione individuale, se vogliono ridurre il rischio di infezione o di un raro decorso grave. Tuttavia, per le persone senza fattori di rischio, c&#8217;\u00e8 un basso rischio di malattia grave nell&#8217;autunno 2022, a differenza dell&#8217;inizio della pandemia. Ai bambini e agli adolescenti di et\u00e0 compresa tra i 5 e i 15 anni&nbsp;non \u00e8 raccomandata una vaccinazione di richiamo nell&#8217;autunno 2022 nella situazione attuale, poich\u00e9 il loro rischio di malattia grave Covid 19 \u00e8 molto basso. Tutte le vaccinazioni raccomandate dall&#8217;UFSP e dall&#8217;EKIF sono gratuite per i vaccinati.<\/p>\n<p>Fonte: www.bag.admin.ch\/bag\/de\/home\/das-bag\/aktuell\/medienmitteilungen.msg-id-90601.html (ultimo accesso 22.10.2022)<\/p>\n<p>&nbsp;<\/p>\n<p><em>InFo ONCOLOGIA ED EMATOLOGIA 2022; 10(5): 37<\/em><\/p>\n","protected":false},"excerpt":{"rendered":"<p>Un&#8217;altra vaccinazione di richiamo Covid 19 \u00e8 disponibile dal 10.10.2022. L&#8217;UFSP e la Commissione federale per le vaccinazioni (EKIF) raccomandano la vaccinazione di richiamo soprattutto alle persone particolarmente a rischio&hellip;<\/p>\n","protected":false},"author":7,"featured_media":126289,"comment_status":"closed","ping_status":"","sticky":false,"template":"","format":"standard","meta":{"_acf_changed":false,"pmpro_default_level":"","cat_1_feature_home_top":false,"cat_2_editor_pick":false,"csco_eyebrow_text":"Covid-19","footnotes":""},"category":[11415,11306,11511,11473,11550],"tags":[13267,13264,13266,12000],"powerkit_post_featured":[],"class_list":["post-324316","post","type-post","status-publish","format-standard","has-post-thumbnail","category-infettivologia","category-medicina-interna-generale","category-notizie","category-prevenzione-e-assistenza-sanitaria","category-rx-it","tag-booster-it","tag-corona-it","tag-covid-it","tag-vaccinazione","pmpro-has-access"],"acf":[],"publishpress_future_action":{"enabled":false,"date":"2026-05-05 05:14:14","action":"change-status","newStatus":"draft","terms":[],"taxonomy":"category","extraData":[]},"publishpress_future_workflow_manual_trigger":{"enabledWorkflows":[]},"wpml_current_locale":"it_IT","wpml_translations":{"pt_PT":{"locale":"pt_PT","id":324285,"slug":"pense-na-vacinacao-de-reforco-agora","post_title":"Pense na vacina\u00e7\u00e3o de refor\u00e7o agora!","href":"https:\/\/medizinonline.com\/pt-pt\/pense-na-vacinacao-de-reforco-agora\/"},"es_ES":{"locale":"es_ES","id":324299,"slug":"piense-ya-en-la-vacunacion-de-refuerzo","post_title":"Piense ya en la vacunaci\u00f3n de refuerzo","href":"https:\/\/medizinonline.com\/es\/piense-ya-en-la-vacunacion-de-refuerzo\/"}},"_links":{"self":[{"href":"https:\/\/medizinonline.com\/it\/wp-json\/wp\/v2\/posts\/324316","targetHints":{"allow":["GET"]}}],"collection":[{"href":"https:\/\/medizinonline.com\/it\/wp-json\/wp\/v2\/posts"}],"about":[{"href":"https:\/\/medizinonline.com\/it\/wp-json\/wp\/v2\/types\/post"}],"author":[{"embeddable":true,"href":"https:\/\/medizinonline.com\/it\/wp-json\/wp\/v2\/users\/7"}],"replies":[{"embeddable":true,"href":"https:\/\/medizinonline.com\/it\/wp-json\/wp\/v2\/comments?post=324316"}],"version-history":[{"count":0,"href":"https:\/\/medizinonline.com\/it\/wp-json\/wp\/v2\/posts\/324316\/revisions"}],"wp:featuredmedia":[{"embeddable":true,"href":"https:\/\/medizinonline.com\/it\/wp-json\/wp\/v2\/media\/126289"}],"wp:attachment":[{"href":"https:\/\/medizinonline.com\/it\/wp-json\/wp\/v2\/media?parent=324316"}],"wp:term":[{"taxonomy":"category","embeddable":true,"href":"https:\/\/medizinonline.com\/it\/wp-json\/wp\/v2\/category?post=324316"},{"taxonomy":"post_tag","embeddable":true,"href":"https:\/\/medizinonline.com\/it\/wp-json\/wp\/v2\/tags?post=324316"},{"taxonomy":"powerkit_post_featured","embeddable":true,"href":"https:\/\/medizinonline.com\/it\/wp-json\/wp\/v2\/powerkit_post_featured?post=324316"}],"curies":[{"name":"wp","href":"https:\/\/api.w.org\/{rel}","templated":true}]}}