{"id":326251,"date":"2022-03-26T01:00:00","date_gmt":"2022-03-26T00:00:00","guid":{"rendered":"https:\/\/medizinonline.com\/ritorno-alla-normale-vita-di-tutti-i-giorni-con-un-trattamento-olistico-e-con-pazienza\/"},"modified":"2022-03-26T01:00:00","modified_gmt":"2022-03-26T00:00:00","slug":"ritorno-alla-normale-vita-di-tutti-i-giorni-con-un-trattamento-olistico-e-con-pazienza","status":"publish","type":"post","link":"https:\/\/medizinonline.com\/it\/ritorno-alla-normale-vita-di-tutti-i-giorni-con-un-trattamento-olistico-e-con-pazienza\/","title":{"rendered":"Ritorno alla normale vita di tutti i giorni con un trattamento olistico e con pazienza"},"content":{"rendered":"<p><strong>Anche dopo una lieve infezione da covidone, possono verificarsi sintomi prolungati, che limitano notevolmente la persona colpita. Ci sono sempre pi\u00f9 strutture cliniche che offrono consulenze e programmi specializzati. La responsabile della consulenza interprofessionale Long Covid presso il Waid City Hospital di Zurigo ha raccontato la sua esperienza fino ad oggi al simposio di quest&#8217;anno dell&#8217;Associazione degli Internisti Generali e Specializzati di Zurigo.<\/strong><\/p>\n<p> <!--more--> <\/p>\n<p>Il Long Covid \u00e8 un argomento molto discusso che suscita un grande interesse da parte del pubblico. &#8220;Noi della consulenza Long Covid lavoriamo principalmente con i pazienti che hanno ancora sintomi dopo 12 settimane&#8221;, spiega il medico capo Dr Elisabeth Weber, MD, Servizio Medico Cantonale e responsabile della consulenza interprofessionale Long Covid presso il Waid City Hospital [1].<\/p>\n<p>Le implicazioni di questi disturbi possono essere significative ed \u00e8 importante supportare i pazienti in modo appropriato, ha detto. Da maggio 2021 a gennaio 2022, 130 pazienti sono stati indirizzati alla consultazione interprofessionale presso il Waid City Hospital. Per 50 di questi pazienti, l&#8217;assistenza \u00e8 stata completata, 50 erano in trattamento continuo e 30 sono stati indirizzati ad altri centri. I dati di prevalenza della covida lunga\/post covida variano a seconda dello studio o della fonte dei dati. Si presume che circa il 10-30% delle persone affette da Covid-19 abbia un decorso prolungato dei sintomi [2]. In uno studio che includeva 143 pazienti con Covid, il 32% lamentava 1 o 2 sintomi e il 55% almeno 3 sintomi 60 giorni dopo l&#8217;infezione [3]. Vaes et al. 2021 hanno raccolto i dati di 239 pazienti Covid 19 a lungo termine [4]. \u00c8 stato dimostrato che i disturbi diminuiscono nel periodo di 3-6 mesi dopo la fase acuta della malattia. Anche questo ha avuto un impatto sulle prestazioni, ma circa la met\u00e0 dei partecipanti allo studio ha continuato a fare assenze dal lavoro durante questa fase. La percentuale di coloro che hanno auto-valutato la propria salute come buona era del 16,7% dopo questo periodo.<\/p>\n<h2 id=\"i-disturbi-da-stanchezza-sono-molto-comuni\">I disturbi da stanchezza sono molto comuni<\/h2>\n<p>Attualmente, non esiste una definizione professionale uniforme e universalmente valida per i sintomi dopo la fase acuta di un&#8217;infezione da covid 19. Secondo la linea guida attuale, la covida lunga si riferisce alla presenza di sintomi oltre le 4 settimane dall&#8217;insorgenza della malattia covida acuta [5].  <span style=\"font-family:franklin gothic demi\">(Fig.&nbsp;1).<\/span>  Gli studi clinici utilizzano anche il termine &#8220;infezione da covid-19 persistentemente sintomatica (prolungata)&#8221; nel periodo da 4 a 12 settimane dopo la fase acuta della malattia e quello di &#8220;sindrome post-covid-19&#8221;, definito dai sintomi che persistono oltre le 12 settimane e che non sono spiegati da una diagnosi alternativa [2]. La probabilit\u00e0 di sviluppare la sindrome del covide lungo \u00e8 indipendente dalla gravit\u00e0 dell&#8217;infezione acuta e non importa se la persona colpita \u00e8 stata ricoverata o meno [2]. Possono essere colpiti diversi sistemi di organi. I sintomi pi\u00f9 comuni sono affaticamento, dispnea, prestazioni ridotte, cefalea, disturbi olfattivi e gustativi [7]. La stanchezza \u00e8 un sintomo molto dominante nei pazienti con Long Covid, sottolinea il dottor Weber.<\/p>\n<p>&nbsp;<\/p>\n<p><img fetchpriority=\"high\" decoding=\"async\" class=\" size-full wp-image-18660\" alt=\"\" src=\"https:\/\/medizinonline.com\/wp-content\/uploads\/2022\/03\/abb1_hp3_s4.png\" style=\"height:187px; width:600px\" width=\"1100\" height=\"343\" srcset=\"https:\/\/medizinonline.com\/wp-content\/uploads\/2022\/03\/abb1_hp3_s4.png 1100w, https:\/\/medizinonline.com\/wp-content\/uploads\/2022\/03\/abb1_hp3_s4-800x249.png 800w, https:\/\/medizinonline.com\/wp-content\/uploads\/2022\/03\/abb1_hp3_s4-120x37.png 120w, https:\/\/medizinonline.com\/wp-content\/uploads\/2022\/03\/abb1_hp3_s4-90x28.png 90w, https:\/\/medizinonline.com\/wp-content\/uploads\/2022\/03\/abb1_hp3_s4-320x100.png 320w, https:\/\/medizinonline.com\/wp-content\/uploads\/2022\/03\/abb1_hp3_s4-560x175.png 560w\" sizes=\"(max-width: 1100px) 100vw, 1100px\" \/><\/p>\n<p>&nbsp;<\/p>\n<h2 id=\"il-long-covid-e-una-malattia-a-se-stante\">Il Long Covid \u00e8 una malattia a s\u00e9 stante?<\/h2>\n<p>\u00c8 difficile valutare quanto sia alta la componente psicologica nei pazienti con sintomi covidi prolungati. Potrebbe essere che le condizioni psicologiche di base per la covida lunga e il burnout siano simili, ha detto il relatore. Circa la met\u00e0 ha sperimentato il burnout in passato, ma sembra che ci siano altri componenti in Long Covid, questo pu\u00f2 essere ben differenziato dalle persone colpite, spiega il dottor Weber [1]. Rivolgendosi ai singoli pazienti che lamentano sintomi simili a quelli di Long Covid dopo la vaccinazione contro la SARS-CoV-2, il dottor Weber sottolinea che bisogna fare attenzione nell&#8217;interpretarli. &#8220;Long Covid \u00e8 un barile enorme&#8221;, ha detto il relatore [1]. I problemi di stanchezza si verificano anche nel contesto di altre malattie di base, come la sclerosi multipla o la sindrome di apnea ostruttiva del sonno, e sono anche un fenomeno noto dopo malattie virali come l&#8217;influenza o l&#8217;EBV. Molti esperti ritengono che la covida lunga sia un&#8217;entit\u00e0 separata nel senso di una malattia multisistemica. Il dottor Weber \u00e8 anche dell&#8217;opinione che questo sia vero per quei pazienti che continuano ad avere disturbi a distanza di pi\u00f9 di 3 mesi da una malattia covid 19 a cui non c&#8217;\u00e8 altra spiegazione.<\/p>\n<h2 id=\"consiglio-di-amministrazione-di-long-covid-concetto-di-trattamento-interdisciplinare-e-pragmatico\">Consiglio di amministrazione di Long Covid: Concetto di trattamento interdisciplinare e pragmatico<\/h2>\n<p>Esistono diverse ipotesi sui fattori eziologici, ma nessuna di esse \u00e8 stata finora dimostrata empiricamente. Sono stati discussi diversi meccanismi, come le limitazioni funzionali di pi\u00f9 sistemi di organi dovute al danno tissutale, nonch\u00e9 l&#8217;autoimmunit\u00e0 post-virale [8]. Corsi simili alla covida lunga sono stati riportati con altri coronavirus (ad esempio, SARS-CoV-1 e MERS), e questi hanno dei paralleli fisiopatologici con la covida-19 post-acuta [2]. La maggior parte di questi pazienti recupera lentamente o spontaneamente con il supporto olistico, il riposo, il trattamento sintomatico e un lento aumento dell&#8217;attivit\u00e0. Le complicazioni gravi per la salute sono molto rare. Pertanto, \u00e8 importante trattare i pazienti in modo pragmatico ed evitare la sovradiagnosi [2].<\/p>\n<p>&nbsp;<\/p>\n<p><img decoding=\"async\" class=\"size-full wp-image-18661 lazyload\" alt=\"\" data-src=\"https:\/\/medizinonline.com\/wp-content\/uploads\/2022\/03\/abb2_hp3_s5.png\" style=\"--smush-placeholder-width: 1100px; --smush-placeholder-aspect-ratio: 1100\/617;height:337px; width:600px\" width=\"1100\" height=\"617\" data-srcset=\"https:\/\/medizinonline.com\/wp-content\/uploads\/2022\/03\/abb2_hp3_s5.png 1100w, https:\/\/medizinonline.com\/wp-content\/uploads\/2022\/03\/abb2_hp3_s5-800x449.png 800w, https:\/\/medizinonline.com\/wp-content\/uploads\/2022\/03\/abb2_hp3_s5-120x67.png 120w, https:\/\/medizinonline.com\/wp-content\/uploads\/2022\/03\/abb2_hp3_s5-90x50.png 90w, https:\/\/medizinonline.com\/wp-content\/uploads\/2022\/03\/abb2_hp3_s5-320x179.png 320w, https:\/\/medizinonline.com\/wp-content\/uploads\/2022\/03\/abb2_hp3_s5-560x314.png 560w\" data-sizes=\"(max-width: 1100px) 100vw, 1100px\" src=\"data:image\/svg+xml;base64,PHN2ZyB3aWR0aD0iMSIgaGVpZ2h0PSIxIiB4bWxucz0iaHR0cDovL3d3dy53My5vcmcvMjAwMC9zdmciPjwvc3ZnPg==\" \/><\/p>\n<p>&nbsp;<\/p>\n<p>L&#8217;obiettivo della consultazione ambulatoriale Long Covid presso il Waid City Hospital \u00e8 quello di fornire un punto di contatto per i pazienti e i fornitori di cure primarie [1]. L&#8217;offerta, che si basa su un concetto di assistenza olistica, \u00e8 rivolta principalmente alle persone colpite a Zurigo e dintorni. Oltre ai medici (internisti), il team interprofessionale comprende anche specialisti dei settori della fisioterapia, della terapia occupazionale, della psicologia\/neuropsicologia, nonch\u00e9 un servizio infermieristico ambulatoriale o uno Spitex psicosociale. Se necessario, si fa riferimento anche ad altri punti di contatto. &#8220;Il fulcro del nostro lavoro \u00e8 la tavola Long Covid&#8221;, dice. Oltre alle discussioni sui casi, durante le riunioni settimanali vengono discusse anche le nuove scoperte scientifiche. La procedura terapeutica si basa su un approccio somatopsichico e interprofessionale <span style=\"font-family:franklin gothic demi\">(Fig.&nbsp;2)<\/span>. Gli aspetti importanti sono l&#8217;educazione, la rassicurazione e la presa sul serio delle persone colpite. Anche la guida alla gestione dell&#8217;energia \u00e8 una componente essenziale nel contesto del problema della fatica comune.<\/p>\n<p>&nbsp;<\/p>\n<p><img decoding=\"async\" class=\"size-full wp-image-18662 lazyload\" alt=\"\" data-src=\"https:\/\/medizinonline.com\/wp-content\/uploads\/2022\/03\/kasten_hp3_s5_0.png\" style=\"--smush-placeholder-width: 1100px; --smush-placeholder-aspect-ratio: 1100\/420;height:229px; width:600px\" width=\"1100\" height=\"420\" data-srcset=\"https:\/\/medizinonline.com\/wp-content\/uploads\/2022\/03\/kasten_hp3_s5_0.png 1100w, https:\/\/medizinonline.com\/wp-content\/uploads\/2022\/03\/kasten_hp3_s5_0-800x305.png 800w, https:\/\/medizinonline.com\/wp-content\/uploads\/2022\/03\/kasten_hp3_s5_0-120x46.png 120w, https:\/\/medizinonline.com\/wp-content\/uploads\/2022\/03\/kasten_hp3_s5_0-90x34.png 90w, https:\/\/medizinonline.com\/wp-content\/uploads\/2022\/03\/kasten_hp3_s5_0-320x122.png 320w, https:\/\/medizinonline.com\/wp-content\/uploads\/2022\/03\/kasten_hp3_s5_0-560x214.png 560w\" data-sizes=\"(max-width: 1100px) 100vw, 1100px\" src=\"data:image\/svg+xml;base64,PHN2ZyB3aWR0aD0iMSIgaGVpZ2h0PSIxIiB4bWxucz0iaHR0cDovL3d3dy53My5vcmcvMjAwMC9zdmciPjwvc3ZnPg==\" \/><\/p>\n<p>&nbsp;<\/p>\n<p>I pazienti vengono indirizzati dai medici di base e il tempo di attesa \u00e8 di circa 4-6 settimane<span style=\"font-family:franklin gothic demi\"> (box)<\/span>. Il consulto interprofessionale si rivolge principalmente ai pazienti che presentano sintomi persistenti 12 settimane dopo l&#8217;insorgenza della malattia acuta del covide. \u00c8 possibile fare riferimento prima, e poi si effettua il triage, spiega il Dr. Weber.<\/p>\n<p>\n<em>Fonte:&nbsp;Simposio VZI<\/em><br \/>\n&nbsp;<\/p>\n<p>Letteratura:<\/p>\n<ol>\n<li>Weber E: Long Covid &#8211; Esperienze dalla consultazione interprofessionale. KD Elisabeth Weber, MD, Simposio VZI 12.01.2022<\/li>\n<li>Chmiel C: Long Covid\/PASC (Sequele post acute dell&#8217;infezione da SARS-CoV-2). Foglio informativo. Ultimo aggiornamento: 10\/2021, www.medix.ch\/wissen\/guidelines\/infektionskrankheiten\/Long Covid-pasc-post-acute-sequelae-of-sars-cov-2-infection-factsheet (ultimo accesso 04\/03\/2022).<\/li>\n<li>Carf\u00ec A, Bernabei R, Landi F: Gruppo di studio Gemelli contro COVID-19 Post-Acute Care. Sintomi persistenti nei pazienti dopo una COVID-19 acuta. JAMA 2020; 324(6): 603-605.<\/li>\n<li>Vaes AW, et al: Recupero dalla COVID-19: uno sprint o una maratona? Dati di follow-up a 6 mesi dai membri del gruppo di supporto COVID-19 lungo online. ERJ Open Res 2021; 7(2): 00141-2021.<\/li>\n<li>Rabady S, et al: Linea guida S1: COVID lungo: Wien Klin Wochenschr 2021; 133: 237-278.<\/li>\n<li>Sivan M, Taylor S: Linea guida NICE sul covido lungo. BMJ 2020; 371: m4938. DOI:10.1136\/bmj.m4938<\/li>\n<li>Bundestag tedesco, www.bundestag.de\/resource\/blob\/845546\/c69b018b3a2ebd126c2589286de6e8cd\/19_14_0345-5-_Arbeitsgemeinschaft-der-Wissenschaftlichen-Medizinischen-Fachgesellschaft_Long Covid-data.pdf (ultimo accesso 04.03.2022)<\/li>\n<li>Puta C, Haunhorst S, Bloch W: Ortopedia e Traumatologia dello Sport 2021; 37(3): 214-225.<\/li>\n<li>Koczulla AR, et al.: S1-Leitlinie Post-COVID\/Long Covid. Registro AWMF n. 020\/027, al 12.07.2021.<\/li>\n<\/ol>\n<p>&nbsp;<\/p>\n<p><em>PRATICA GP 2022; 17(3): 4-5<br \/>\nInFo NEUROLOGIA &amp; PSICHIATRIA 2022; 20(2): 38-39<\/em><\/p>\n","protected":false},"excerpt":{"rendered":"<p>Anche dopo una lieve infezione da covidone, possono verificarsi sintomi prolungati, che limitano notevolmente la persona colpita. Ci sono sempre pi\u00f9 strutture cliniche che offrono consulenze e programmi specializzati. La&hellip;<\/p>\n","protected":false},"author":7,"featured_media":118147,"comment_status":"closed","ping_status":"closed","sticky":false,"template":"","format":"standard","meta":{"_acf_changed":false,"pmpro_default_level":"","cat_1_feature_home_top":false,"cat_2_editor_pick":false,"csco_eyebrow_text":"Lungo Covid","footnotes":""},"category":[11519,11415,11462,11306,11371,11511,11473,11522,11550,11515],"tags":[13264,15505,13429,15508,13058],"powerkit_post_featured":[],"class_list":["post-326251","post","type-post","status-publish","format-standard","has-post-thumbnail","category-formazione-continua","category-infettivologia","category-medicina-fisica-e-riabilitazione","category-medicina-interna-generale","category-neurologia-it","category-notizie","category-prevenzione-e-assistenza-sanitaria","category-rapporti-del-congresso","category-rx-it","category-studi","tag-corona-it","tag-covid-lungo","tag-gestione-della-pratica","tag-post-covid-it","tag-stanchezza-it","pmpro-has-access"],"acf":[],"publishpress_future_action":{"enabled":false,"date":"2026-05-04 05:28:53","action":"change-status","newStatus":"draft","terms":[],"taxonomy":"category","extraData":[]},"publishpress_future_workflow_manual_trigger":{"enabledWorkflows":[]},"wpml_current_locale":"it_IT","wpml_translations":{"pt_PT":{"locale":"pt_PT","id":326258,"slug":"voltar-a-vida-quotidiana-normal-com-tratamento-holistico-e-paciencia","post_title":"Voltar \u00e0 vida quotidiana normal com tratamento hol\u00edstico e paci\u00eancia","href":"https:\/\/medizinonline.com\/pt-pt\/voltar-a-vida-quotidiana-normal-com-tratamento-holistico-e-paciencia\/"},"es_ES":{"locale":"es_ES","id":326267,"slug":"vuelta-a-la-vida-cotidiana-normal-con-tratamiento-holistico-y-paciencia","post_title":"Vuelta a la vida cotidiana normal con tratamiento hol\u00edstico y paciencia","href":"https:\/\/medizinonline.com\/es\/vuelta-a-la-vida-cotidiana-normal-con-tratamiento-holistico-y-paciencia\/"}},"_links":{"self":[{"href":"https:\/\/medizinonline.com\/it\/wp-json\/wp\/v2\/posts\/326251","targetHints":{"allow":["GET"]}}],"collection":[{"href":"https:\/\/medizinonline.com\/it\/wp-json\/wp\/v2\/posts"}],"about":[{"href":"https:\/\/medizinonline.com\/it\/wp-json\/wp\/v2\/types\/post"}],"author":[{"embeddable":true,"href":"https:\/\/medizinonline.com\/it\/wp-json\/wp\/v2\/users\/7"}],"replies":[{"embeddable":true,"href":"https:\/\/medizinonline.com\/it\/wp-json\/wp\/v2\/comments?post=326251"}],"version-history":[{"count":0,"href":"https:\/\/medizinonline.com\/it\/wp-json\/wp\/v2\/posts\/326251\/revisions"}],"wp:featuredmedia":[{"embeddable":true,"href":"https:\/\/medizinonline.com\/it\/wp-json\/wp\/v2\/media\/118147"}],"wp:attachment":[{"href":"https:\/\/medizinonline.com\/it\/wp-json\/wp\/v2\/media?parent=326251"}],"wp:term":[{"taxonomy":"category","embeddable":true,"href":"https:\/\/medizinonline.com\/it\/wp-json\/wp\/v2\/category?post=326251"},{"taxonomy":"post_tag","embeddable":true,"href":"https:\/\/medizinonline.com\/it\/wp-json\/wp\/v2\/tags?post=326251"},{"taxonomy":"powerkit_post_featured","embeddable":true,"href":"https:\/\/medizinonline.com\/it\/wp-json\/wp\/v2\/powerkit_post_featured?post=326251"}],"curies":[{"name":"wp","href":"https:\/\/api.w.org\/{rel}","templated":true}]}}