{"id":326325,"date":"2022-03-19T01:00:00","date_gmt":"2022-03-19T00:00:00","guid":{"rendered":"https:\/\/medizinonline.com\/il-sollievo-dallacufene-e-parzialmente-mediato-dalla-riduzione-dei-sintomi-neuropsichiatrici\/"},"modified":"2022-03-19T01:00:00","modified_gmt":"2022-03-19T00:00:00","slug":"il-sollievo-dallacufene-e-parzialmente-mediato-dalla-riduzione-dei-sintomi-neuropsichiatrici","status":"publish","type":"post","link":"https:\/\/medizinonline.com\/it\/il-sollievo-dallacufene-e-parzialmente-mediato-dalla-riduzione-dei-sintomi-neuropsichiatrici\/","title":{"rendered":"Il sollievo dall&#8217;acufene \u00e8 parzialmente mediato dalla riduzione dei sintomi neuropsichiatrici."},"content":{"rendered":"<p><strong>Un team di ricerca con la partecipazione del Centro per gli acufeni della Charit\u00e9-Universit\u00e4tsmedizin di Berlino (D) \u00e8 stato in grado di dimostrare in un&#8217;analisi di mediazione che i pazienti affetti da acufene traggono beneficio dal trattamento con un estratto di Ginkgo biloba di alta qualit\u00e0, dove l&#8217;efficacia \u00e8 in parte mediata dal miglioramento dell&#8217;ansia, della depressione e del deterioramento cognitivo.<\/strong><\/p>\n<p> <!--more--> <\/p>\n<p>L&#8217;alta prevalenza dell&#8217;acufene nei pazienti con demenza non \u00e8 sorprendente, poich\u00e9 l&#8217;acufene &#8211; con o senza perdita dell&#8217;udito &#8211; influisce su una serie di funzioni cognitive e pu\u00f2 quindi contribuire allo sviluppo di un problema legato alla demenza [1]. L&#8217;estratto di Ginkgo biloba EGb&nbsp;761\u00ae si \u00e8 dimostrato efficace nel ridurre i sintomi neuropsichiatrici nei pazienti anziani con demenza e acufene; il meccanismo d&#8217;azione sottostante \u00e8 multifattoriale [1,2]. Per determinare quanta parte dell&#8217;effetto complessivo dell&#8217;EGb&nbsp;761\u00ae sull&#8217;acufene pu\u00f2 essere spiegata dagli effetti diretti e quale parte \u00e8 determinata indirettamente attraverso il miglioramento dei sintomi depressivi e ansiosi, Br\u00fcggemann et al. ha condotto un&#8217;analisi di mediazione, che \u00e8 stata pubblicata nel <em>Journal of Clinical Medicine 2021<\/em> [1].<\/p>\n<p>&nbsp;<\/p>\n<h2 id=\"\"><img fetchpriority=\"high\" decoding=\"async\" class=\" size-full wp-image-18535\" alt=\"\" src=\"https:\/\/medizinonline.com\/wp-content\/uploads\/2022\/03\/abb1_hp2_s33.png\" style=\"font-size:13px; height:479px; width:400px\" width=\"752\" height=\"901\"><\/h2>\n<h2 id=\"-2\">&nbsp;<\/h2>\n<h2 id=\"dati-in-comune-di-tre-rct\">Dati in comune di tre RCT<\/h2>\n<p>Sono stati inclusi tre studi randomizzati, controllati con placebo, in doppio cieco, sull&#8217;efficacia di EGb&nbsp;761\u00ae (240 mg\/d; 22-24 settimane) in un totale di 594 pazienti affetti da acufene con demenza e sintomi neuropsichiatrici [1,3\u20135]. La gravit\u00e0 dell&#8217;acufene \u00e8 stata valutata utilizzando la scala &#8220;box a 11 punti&#8221; (0=nessun acufene, 10=acufene estremamente grave) [6,7]. Per valutare la depressione e l&#8217;ansia \u00e8 stato utilizzato il Neuropsychiatric Inventory (NPI), una valutazione dei sintomi neuropsichiatrici basata su un&#8217;intervista [8].&nbsp; L&#8217;entit\u00e0 del deterioramento cognitivo \u00e8 stata misurata dal punteggio totale nel &#8220;Short Cognitive Performance Tests&#8221; (SKT) (punteggi bassi=migliori prestazioni) [9,10]. In tutti e tre gli RCT, EGb&nbsp;761\u00ae \u00e8 stato somministrato al dosaggio di 240&nbsp;mg al giorno [11]. La durata del trattamento \u00e8 stata di 22 o 24 settimane. Le misurazioni test-diagnostiche (scala &#8220;box a 11 punti&#8221;, NPI, SKT) sono state effettuate allo screening e al basale, nonch\u00e9 a met\u00e0 studio e alla fine del trattamento (settimana 22 o 24).<\/p>\n<h2 id=\"-3\">&nbsp;<\/h2>\n<p><img decoding=\"async\" class=\"size-full wp-image-18536 lazyload\" alt=\"\" data-src=\"https:\/\/medizinonline.com\/wp-content\/uploads\/2022\/03\/tab1_hp2_s33_0.png\" style=\"--smush-placeholder-width: 1100px; --smush-placeholder-aspect-ratio: 1100\/710;height:387px; width:600px\" width=\"1100\" height=\"710\" data-srcset=\"https:\/\/medizinonline.com\/wp-content\/uploads\/2022\/03\/tab1_hp2_s33_0.png 1100w, https:\/\/medizinonline.com\/wp-content\/uploads\/2022\/03\/tab1_hp2_s33_0-800x516.png 800w, https:\/\/medizinonline.com\/wp-content\/uploads\/2022\/03\/tab1_hp2_s33_0-120x77.png 120w, https:\/\/medizinonline.com\/wp-content\/uploads\/2022\/03\/tab1_hp2_s33_0-90x58.png 90w, https:\/\/medizinonline.com\/wp-content\/uploads\/2022\/03\/tab1_hp2_s33_0-320x207.png 320w, https:\/\/medizinonline.com\/wp-content\/uploads\/2022\/03\/tab1_hp2_s33_0-560x361.png 560w\" data-sizes=\"(max-width: 1100px) 100vw, 1100px\" src=\"data:image\/svg+xml;base64,PHN2ZyB3aWR0aD0iMSIgaGVpZ2h0PSIxIiB4bWxucz0iaHR0cDovL3d3dy53My5vcmcvMjAwMC9zdmciPjwvc3ZnPg==\" \/><\/p>\n<h2 id=\"-4\">&nbsp;<\/h2>\n<h2 id=\"conclusione-egb-761-e-particolarmente-utile-per-i-pazienti-anziani-affetti-da-acufene\">Conclusione: EGb&nbsp;761\u00ae \u00e8 particolarmente utile per&nbsp;i pazienti anziani affetti da acufene.<\/h2>\n<p>Le analisi di mediazione mirano a verificare se la relazione tra due variabili \u00e8 mediata da altri fattori&nbsp; <span style=\"font-family:franklin gothic demi\">(Fig. 1) <\/span>[12]. I risultati del lavoro di Br\u00fcggemann et al. mostrano che l&#8217;effetto diretto di EGb&nbsp;761\u00ae sull&#8217;acufene rappresenta il 58,5% dell&#8217;effetto totale e il 41,5% dell&#8217;effetto totale \u00e8 indirettamente causato da un miglioramento dei sintomi neuropsichiatrici (p&lt;0,001 e p \u22640,004, rispettivamente) [1]. La <span style=\"font-family:franklin gothic demi\">Tabella&nbsp;1<\/span> mostra la forza e la direzione delle rispettive correlazioni (&#8220;Stima&#8221;). Dai risultati dell&#8217;analisi di mediazione disponibili su&nbsp;, si pu\u00f2 concludere che EGb 761\u00ae \u00e8 utile come trattamento di supporto per l&#8217;acufene nei pazienti anziani con demenza, con un ulteriore beneficio nei pazienti con depressione o ansia. Per quanto riguarda i meccanismi d&#8217;azione, \u00e8 noto, tra l&#8217;altro, che EGb 761\u00ae modula le trasmissioni di segnali neuronali e aumenta il flusso sanguigno [2].<\/p>\n<p>&nbsp;<\/p>\n<p>Letteratura:<\/p>\n<ol>\n<li>Br\u00fcggemann P, S\u00f3ria MG, Brandes-Schramm J, Mazurek B: J Clin Med 2021; 10(14): 3151.<\/li>\n<li>Lang F, et al.: In: Wagner H, Ulrich-Merzenich G (eds). Ricerca basata sull&#8217;evidenza e sulla razionalit\u00e0 dei farmaci cinesi. Vienna 2013: Springer.<\/li>\n<li>Napryeyenko O, Borzenko I, Gruppo di studio GINDEM-NP: Drug Research 2007; 57: 4-11.<\/li>\n<li>Ihl R, et al; Gruppo di studio GOTADAY: Int J Geriatr Psychiatr 2010; 26: 1186-1194.<\/li>\n<li>Herrschaft H, et al: J. Psychiatr Res 2012; 46: 716-723.<\/li>\n<li>Hawker GA, et al: Arthritis Care Res 2011; 63(Suppl. S11): S240-S252<\/li>\n<li>Adamchic I, et al: Am J Audiol 2012; 21: 215-225.<\/li>\n<li>Cummings JL: Neurologia 1997; 48(Suppl. S6): 10S-16S.<\/li>\n<li>Erzigkeit HA: Manuale SKT. Versione concisa. Geromed GmbH; Castrop-Rauxel, Germania: 1992.<\/li>\n<li>Lehfeld H, et al: GeroPsych 2014; 27:75-80.<\/li>\n<li>Le Bars PL : Farmacopsichiatria 2003; 36(Suppl. S1): S44-S49.<\/li>\n<li>Oostermeijer M, Boonen AJ, Jolles J: Front Psychol 2014; 5: 782.<\/li>\n<\/ol>\n<p>&nbsp;<\/p>\n<p><em>PRATICA GP 2022; 17(2): 33<\/em><\/p>\n","protected":false},"excerpt":{"rendered":"<p>Un team di ricerca con la partecipazione del Centro per gli acufeni della Charit\u00e9-Universit\u00e4tsmedizin di Berlino (D) \u00e8 stato in grado di dimostrare in un&#8217;analisi di mediazione che i pazienti&hellip;<\/p>\n","protected":false},"author":7,"featured_media":117246,"comment_status":"closed","ping_status":"","sticky":false,"template":"","format":"standard","meta":{"_acf_changed":false,"pmpro_default_level":"","cat_1_feature_home_top":false,"cat_2_editor_pick":false,"csco_eyebrow_text":"Estratto speciale di Ginkgo","footnotes":""},"category":[11519,11355,11306,11371,11433,11479,11550,11515],"tags":[15382,16662,16632,12131,14677,15059,16647,15068,16651,14682,16642,16654,16635,16657,16660,16638],"powerkit_post_featured":[],"class_list":["post-326325","post","type-post","status-publish","format-standard","has-post-thumbnail","category-formazione-continua","category-geriatria-it","category-medicina-interna-generale","category-neurologia-it","category-orl-it","category-psichiatria-e-psicoterapia","category-rx-it","category-studi","tag-acufene","tag-analisi-di-mediazione","tag-cognitivo","tag-demenza","tag-depressione","tag-egb-761-it","tag-estratto-speciale","tag-ginkgo-it","tag-neuropsichiatrico","tag-paura","tag-pazienti","tag-piu-vecchio","tag-prevalenza","tag-restrizioni","tag-scala-a-caselle-a-11-punti","tag-sintomi","pmpro-has-access"],"acf":[],"publishpress_future_action":{"enabled":false,"date":"2026-05-08 22:55:21","action":"change-status","newStatus":"draft","terms":[],"taxonomy":"category","extraData":[]},"publishpress_future_workflow_manual_trigger":{"enabledWorkflows":[]},"wpml_current_locale":"it_IT","wpml_translations":{"pt_PT":{"locale":"pt_PT","id":326332,"slug":"alivio-do-zumbido-parcialmente-mediado-atraves-da-reducao-dos-sintomas-neuropsiquiatricos","post_title":"Al\u00edvio do zumbido parcialmente mediado atrav\u00e9s da redu\u00e7\u00e3o dos sintomas neuropsiqui\u00e1tricos","href":"https:\/\/medizinonline.com\/pt-pt\/alivio-do-zumbido-parcialmente-mediado-atraves-da-reducao-dos-sintomas-neuropsiquiatricos\/"},"es_ES":{"locale":"es_ES","id":326338,"slug":"alivio-del-tinnitus-parcialmente-mediado-a-traves-de-la-reduccion-de-los-sintomas-neuropsiquiatricos","post_title":"Alivio del tinnitus parcialmente mediado a trav\u00e9s de la reducci\u00f3n de los s\u00edntomas neuropsiqui\u00e1tricos","href":"https:\/\/medizinonline.com\/es\/alivio-del-tinnitus-parcialmente-mediado-a-traves-de-la-reduccion-de-los-sintomas-neuropsiquiatricos\/"}},"_links":{"self":[{"href":"https:\/\/medizinonline.com\/it\/wp-json\/wp\/v2\/posts\/326325","targetHints":{"allow":["GET"]}}],"collection":[{"href":"https:\/\/medizinonline.com\/it\/wp-json\/wp\/v2\/posts"}],"about":[{"href":"https:\/\/medizinonline.com\/it\/wp-json\/wp\/v2\/types\/post"}],"author":[{"embeddable":true,"href":"https:\/\/medizinonline.com\/it\/wp-json\/wp\/v2\/users\/7"}],"replies":[{"embeddable":true,"href":"https:\/\/medizinonline.com\/it\/wp-json\/wp\/v2\/comments?post=326325"}],"version-history":[{"count":0,"href":"https:\/\/medizinonline.com\/it\/wp-json\/wp\/v2\/posts\/326325\/revisions"}],"wp:featuredmedia":[{"embeddable":true,"href":"https:\/\/medizinonline.com\/it\/wp-json\/wp\/v2\/media\/117246"}],"wp:attachment":[{"href":"https:\/\/medizinonline.com\/it\/wp-json\/wp\/v2\/media?parent=326325"}],"wp:term":[{"taxonomy":"category","embeddable":true,"href":"https:\/\/medizinonline.com\/it\/wp-json\/wp\/v2\/category?post=326325"},{"taxonomy":"post_tag","embeddable":true,"href":"https:\/\/medizinonline.com\/it\/wp-json\/wp\/v2\/tags?post=326325"},{"taxonomy":"powerkit_post_featured","embeddable":true,"href":"https:\/\/medizinonline.com\/it\/wp-json\/wp\/v2\/powerkit_post_featured?post=326325"}],"curies":[{"name":"wp","href":"https:\/\/api.w.org\/{rel}","templated":true}]}}