{"id":326599,"date":"2022-02-10T14:00:00","date_gmt":"2022-02-10T13:00:00","guid":{"rendered":"https:\/\/medizinonline.com\/quale-impatto-puo-avere-lo-stress-sulla-gestione-del-trattamento\/"},"modified":"2022-02-10T14:00:00","modified_gmt":"2022-02-10T13:00:00","slug":"quale-impatto-puo-avere-lo-stress-sulla-gestione-del-trattamento","status":"publish","type":"post","link":"https:\/\/medizinonline.com\/it\/quale-impatto-puo-avere-lo-stress-sulla-gestione-del-trattamento\/","title":{"rendered":"Quale impatto pu\u00f2 avere lo stress sulla gestione del trattamento"},"content":{"rendered":"<p><strong>La pandemia di Corona ha tenuto il mondo sulle spine per due anni. Le incertezze, le restrizioni e le preoccupazioni non lasciano traccia a nessuno. Tuttavia, per le persone con disturbo da deficit di attenzione e iperattivit\u00e0, lo stress pu\u00f2 avere un altro impatto. L&#8217;assistenza intensiva e la gestione efficace del trattamento sono quindi essenziali.<\/strong><\/p>\n<p> <!--more--> <\/p>\n<p>Sono passati ben due anni da quando il dipartimento sanitario di Wuhan ha segnalato un&#8217;epidemia di polmonite grave con insufficienza respiratoria acuta. Il numero di infezioni \u00e8 aumentato rapidamente. L&#8217;agente causale \u00e8 stato rapidamente trovato e identificato: SARS-CoV-2, un nuovo virus della corona. Il virus si \u00e8 diffuso in tutto il mondo in un tempo molto breve. I dati dell&#8217;OMS del novembre 2021 mostrano che finora pi\u00f9 di 250 milioni di persone in tutto il mondo sono state colpite dalla corona &#8211; nel frattempo, la situazione \u00e8 gi\u00e0 cambiata. La nuova mutazione ci porta un aumento senza precedenti. Il 12.01.2022, il numero di persone infette era gi\u00e0 superiore a 312 milioni [1]. Fortunatamente, il numero di decessi legati alla corona non sta aumentando allo stesso ritmo. Alla fine di novembre, erano morte 5,098 milioni di persone, rispetto ai 5,501 milioni di met\u00e0 gennaio.<\/p>\n<p>Il confronto con la malattia e la possibile morte, cos\u00ec come la paura dell&#8217;infezione e la possibile quarantena, non passano davanti alle persone senza lasciare traccia. Portano all&#8217;isolamento sociale, a conflitti all&#8217;interno della famiglia, al sovraccarico di lavoro e\/o a perdite finanziarie. Si tratta di uno stress pericoloso, da cui possono svilupparsi, tra l&#8217;altro, depressione, disturbo bipolare o disturbo da stress post-traumatico [2]. Questo perch\u00e9 la grave malattia multiorgano \u00e8 associata non solo alle manifestazioni cardio-respiratorie, ma anche alla compromissione del sistema nervoso centrale. L&#8217;infiammazione sistemica e i cambiamenti neuroinfiammatori comportano un aumento massiccio delle molecole proinfiammatorie nel cervello, una reattivit\u00e0 neurogliale, un paesaggio neurochimico alterato e un rimodellamento patologico delle reti neuronali.<\/p>\n<h2 id=\"rischio-piu-elevato-di-mortalita-e-di-ospedalizzazione\">Rischio pi\u00f9 elevato di mortalit\u00e0 e di ospedalizzazione&nbsp;<\/h2>\n<p>Su questa base, gli scienziati sono stati in grado di rilevare una relazione bidirezionale tra corona e malattia mentale. Il rischio di mortalit\u00e0 \u00e8 raddoppiato nelle persone con malattia mentale e anche il tasso di ospedalizzazione \u00e8 significativamente pi\u00f9 alto (27% contro 18%) [3]. Anche i pazienti con disturbo da deficit di attenzione e iperattivit\u00e0 (ADHD) sono frequentemente colpiti. A causa dello stress, i sintomi tipici come l&#8217;impulsivit\u00e0 e la disattenzione diventano ancora pi\u00f9 evidenti. I risultati di uno studio longitudinale su bambini e adolescenti condotto in Germania mostrano che la percentuale di persone affette da disturbi mentali come l&#8217;iperattivit\u00e0 \u00e8 in qualche modo raddoppiata durante la pandemia [4]. Anche in Cina \u00e8 stato registrato un aumento dell&#8217;iperattivit\u00e0 negli scolari in quarantena domestica [5]. Ma le persone con ADHD sono anche limitate nella loro capacit\u00e0 di rispettare le misure di prevenzione. Questo aumenta il rischio di infezione, soprattutto nei pazienti non trattati [6].<\/p>\n<p>Sono stati studiati 14.022 pazienti che si sono sottoposti ad almeno un test COVID-19. \u00c8 stato riscontrato che un totale del 10,1% dei soggetti ha contratto l&#8217;infezione. In modo sorprendente, tutti i pazienti affetti avevano tassi pi\u00f9 elevati di ADHD rispetto ai pazienti COVID-19-negativi. Il rischio di malattia della corona era pi\u00f9 alto nei soggetti con ADHD non trattati rispetto ai pazienti senza ADHD. Al contrario, non \u00e8 stato riscontrato un aumento del rischio nei pazienti ADHD trattati [6]. Ci\u00f2 suggerisce che sia i bambini che gli adulti beneficiano di una farmacoterapia efficace e ben tollerata. Il gold standard per questo \u00e8 il metilfenidato, che ha una comprovata esperienza basata su un&#8217;ampia gamma di dati.<\/p>\n<p><em>Congresso:&nbsp;dgppn 2021<\/em><\/p>\n<p>&nbsp;<\/p>\n<p>Letteratura:<\/p>\n<ol>\n<li>https:\/\/covid19.who.int (ultima chiamata il 13.01.2022)<\/li>\n<li>Steardo Jr. L, Steardo L, Verkhratsky A: Il volto psichiatrico di COVID-19. Psichiatria traslazionale 2020; 10: 261.<\/li>\n<li>Wang QQ, Xu R, Volkow ND: Aumento del rischio di infezione e mortalit\u00e0 da COVID-19 nelle persone con disturbi mentali: analisi delle cartelle cliniche elettromedicali negli Stati Uniti. World Psychiatry 2021; 20: 124-130.<\/li>\n<li>Ravens-Sieberer U, et al.: Impatto della pandemia COVID-19 sulla qualit\u00e0 della vita e sulla salute mentale nei bambini e negli adolescenti in Germania. Bundesgesundheitsbl 2021. https:\/\/doi.org\/10.1007\/s00103-021-03291-3<\/li>\n<li>Jiao WY, Wang LN, Liu J, et al: Disturbi comportamentali ed emozionali nei bambini durante l&#8217;epidemia COVID-19. J Pediatr. 2020; 221: 264-266.<\/li>\n<li>Merzon E, Manor I, Rotem A, et al: ADHD come fattore di rischio per l&#8217;infezione da Covid-19. Journal of Attention Disorders 2020;13: 1783-1790.<\/li>\n<\/ol>\n<p>&nbsp;<\/p>\n<p><em>InFo NEUROLOGIA &amp; PSICHIATRIA 2022; 20(1): 26-27 (pubblicato il 1.2.22, prima della stampa).<\/em><\/p>\n","protected":false},"excerpt":{"rendered":"<p>La pandemia di Corona ha tenuto il mondo sulle spine per due anni. Le incertezze, le restrizioni e le preoccupazioni non lasciano traccia a nessuno. Tuttavia, per le persone con&hellip;<\/p>\n","protected":false},"author":7,"featured_media":116003,"comment_status":"closed","ping_status":"","sticky":false,"template":"","format":"standard","meta":{"_acf_changed":false,"pmpro_default_level":"","cat_1_feature_home_top":false,"cat_2_editor_pick":false,"csco_eyebrow_text":"ADHD sotto il segno di COVID-19","footnotes":"","_members_access_role":[],"_members_access_error":""},"category":[11415,11306,11371,11511,11443,11473,11479,11522,11550,11515],"tags":[17231,13264,13266,17227],"powerkit_post_featured":[],"class_list":["post-326599","post","type-post","status-publish","format-standard","has-post-thumbnail","category-infettivologia","category-medicina-interna-generale","category-neurologia-it","category-notizie","category-pediatria-it","category-prevenzione-e-assistenza-sanitaria","category-psichiatria-e-psicoterapia","category-rapporti-del-congresso","category-rx-it","category-studi","tag-adhd-it","tag-corona-it","tag-covid-it","tag-stress-it","pmpro-has-access"],"acf":[],"publishpress_future_action":{"enabled":false,"date":"2026-09-07 23:07:16","action":"change-status","newStatus":"draft","terms":[],"taxonomy":"category","extraData":[]},"publishpress_future_workflow_manual_trigger":{"enabledWorkflows":[]},"wpml_current_locale":"it_IT","wpml_translations":{"pt_PT":{"locale":"pt_PT","id":326614,"slug":"que-impacto-pode-ter-o-stress-na-gestao-do-tratamento","post_title":"Que impacto pode ter o stress na gest\u00e3o do tratamento","href":"https:\/\/medizinonline.com\/pt-pt\/que-impacto-pode-ter-o-stress-na-gestao-do-tratamento\/"},"es_ES":{"locale":"es_ES","id":326622,"slug":"que-impacto-puede-tener-el-estres-en-la-gestion-del-tratamiento","post_title":"Qu\u00e9 impacto puede tener el estr\u00e9s en la gesti\u00f3n del tratamiento","href":"https:\/\/medizinonline.com\/es\/que-impacto-puede-tener-el-estres-en-la-gestion-del-tratamiento\/"}},"_links":{"self":[{"href":"https:\/\/medizinonline.com\/it\/wp-json\/wp\/v2\/posts\/326599","targetHints":{"allow":["GET"]}}],"collection":[{"href":"https:\/\/medizinonline.com\/it\/wp-json\/wp\/v2\/posts"}],"about":[{"href":"https:\/\/medizinonline.com\/it\/wp-json\/wp\/v2\/types\/post"}],"author":[{"embeddable":true,"href":"https:\/\/medizinonline.com\/it\/wp-json\/wp\/v2\/users\/7"}],"replies":[{"embeddable":true,"href":"https:\/\/medizinonline.com\/it\/wp-json\/wp\/v2\/comments?post=326599"}],"version-history":[{"count":0,"href":"https:\/\/medizinonline.com\/it\/wp-json\/wp\/v2\/posts\/326599\/revisions"}],"wp:featuredmedia":[{"embeddable":true,"href":"https:\/\/medizinonline.com\/it\/wp-json\/wp\/v2\/media\/116003"}],"wp:attachment":[{"href":"https:\/\/medizinonline.com\/it\/wp-json\/wp\/v2\/media?parent=326599"}],"wp:term":[{"taxonomy":"category","embeddable":true,"href":"https:\/\/medizinonline.com\/it\/wp-json\/wp\/v2\/category?post=326599"},{"taxonomy":"post_tag","embeddable":true,"href":"https:\/\/medizinonline.com\/it\/wp-json\/wp\/v2\/tags?post=326599"},{"taxonomy":"powerkit_post_featured","embeddable":true,"href":"https:\/\/medizinonline.com\/it\/wp-json\/wp\/v2\/powerkit_post_featured?post=326599"}],"curies":[{"name":"wp","href":"https:\/\/api.w.org\/{rel}","templated":true}]}}