{"id":327099,"date":"2021-12-11T01:00:00","date_gmt":"2021-12-11T00:00:00","guid":{"rendered":"https:\/\/medizinonline.com\/diagnostica-articolare-dolore-al-tallone-dorsale-apofisite-calcanea\/"},"modified":"2021-12-11T01:00:00","modified_gmt":"2021-12-11T00:00:00","slug":"diagnostica-articolare-dolore-al-tallone-dorsale-apofisite-calcanea","status":"publish","type":"post","link":"https:\/\/medizinonline.com\/it\/diagnostica-articolare-dolore-al-tallone-dorsale-apofisite-calcanea\/","title":{"rendered":"Diagnostica articolare: dolore al tallone dorsale &#8211; apofisite calcanea"},"content":{"rendered":"<p><strong>L&#8217;<em>apofisite calcanea<\/em> \u00e8 un&#8217;infiammazione dell&#8217;attacco osseo del tendine di Achille. Si verifica soprattutto nei bambini e negli adolescenti in crescita ed \u00e8 associata a gonfiore, arrossamento e dolore dell&#8217;osso del tallone. Durante la fase di crescita, l&#8217;apofisi \u00e8 collegata all&#8217;osso dal tessuto cartilagineo. A questo punto, spesso si verifica un&#8217;irritazione nell&#8217;area dell&#8217;inserzione del tendine di Achille a causa del sovraccarico.<\/strong><\/p>\n<p> <!--more--> <\/p>\n<p>Come hanno dimostrato gli ultimi articoli sui disturbi dipendenti dal movimento e dal carico nell&#8217;area dell&#8217;osso del tallone e della pianta del piede, possono manifestarsi clinicamente cause diverse con sintomi simili. Per differenziare o confermare la diagnosi, dopo l&#8217;anamnesi, l&#8217;esame clinico e l&#8217;eventuale diagnostica di laboratorio, \u00e8 necessaria la diagnostica per immagini, per consentire una terapia adeguata se la diagnosi differenziale viene chiarita. Anche l&#8217;attuale tema dell&#8217;apofisite calcanea rientra in questo concetto.<\/p>\n<p>Conosciuta anche come <em>lesione di Sever, malattia di Sever<\/em> o malattia di <em>Sever-Haglund<\/em>, l&#8217;alterazione dell&#8217;apofisi calcaneale si riscontra solitamente nei bambini e negli adolescenti, con un picco di et\u00e0 tra gli 8 e i 15 anni. Colpisce i bambini che sono (iper)attivi nello sport e anche quelli che sono in sovrappeso. L&#8217;eccessivo stress meccanico \u00e8 la causa della malattia [3\u20135].<\/p>\n<p>Il termine apofisite \u00e8 fuorviante e suggerisce un cambiamento osseo infiammatorio. Tuttavia, \u00e8 stata smentita una genesi infiammatoria. I disturbi transitori della perfusione ossea, innescati dallo stress meccanico, svolgono un ruolo causale. Ci\u00f2 \u00e8 dovuto all&#8217;aumento della trazione muscolotendinea attraverso la loggia dei flessori superficiali, con forze di taglio consecutive sull&#8217;apofisi. Anche le micro-contusioni ripetute del tallone durante la corsa o gli sport di salto possono causare la reazione di stress locale. La malattia di Sever diventa clinicamente evidente soprattutto durante gli scatti di crescita delle ossa lunghe. Sono stati discussi diversi fattori di rischio biomeccanici <span style=\"font-family:franklin gothic demi\">(panoramica&nbsp;1), \u00e8 stata <\/span>descritta la prevalenza dei disturbi nel tendine d&#8217;Achille e nella fascia plantare.<\/p>\n<p>&nbsp;<\/p>\n<p><img fetchpriority=\"high\" decoding=\"async\" class=\" size-full wp-image-17769\" alt=\"\" src=\"https:\/\/medizinonline.com\/wp-content\/uploads\/2021\/12\/ubersicht1-hp11_s48.png\" style=\"height:165px; width:600px\" width=\"1100\" height=\"303\"><\/p>\n<p>&nbsp;<\/p>\n<p>La sintomatologia dolorosa di solito si manifesta nella regione apofisaria del tallone, durante o subito dopo l&#8217;esercizio fisico. La regione dorsale del tallone pu\u00f2 essere gonfia e dolente alla pressione. La &#8220;posizione in piedi con una gamba sola&#8221; sul lato interessato, il test di compressione e il test di pressione hanno una sensibilit\u00e0 molto elevata di provocazione del dolore con una specificit\u00e0 del 100% [2].<\/p>\n<p>Dal punto di vista terapeutico, le misure conservative con la riduzione del carico, la prescrizione di plantari e l&#8217;eventuale supporto con analgesici si sono dimostrate efficaci [2,4].<\/p>\n<p>I <em>raggi X <\/em>possono idealmente dimostrare condensazioni omogenee o disomogenee dell&#8217;apofisi, occasionalmente frammentazioni. Bisogna differenziare le varianti fisiologiche dell&#8217;apofisi con contorno ondulato o ampia fessura apofisaria. Dal punto di vista sonografico, l&#8217;ampia lacuna apofisaria, le reazioni infiammatorie edematose dei tessuti molli e anche l&#8217;iperaemia locale possono essere rilevate dalla sonografia Doppler [5].<\/p>\n<p>Gli esami <em>tomografici computerizzati<\/em> sono pi\u00f9 di interesse diagnostico differenziale per escludere fratture o processi osteodistruttivi.<\/p>\n<p>La <em>risonanza magnetica<\/em> mostra la reazione infiammatoria periostale locale, in particolare la borsite o la tendinite, nonch\u00e9 l&#8217;edema spongioso risultante a causa del disturbo della perfusione ossea, dovuto all&#8217;elevato contrasto dei tessuti molli. L&#8217;edema pu\u00f2 essere molto lieve, la variazione del segnale iperintenso nella soppressione del grasso discreta [1].<\/p>\n<h2 id=\"\">&nbsp;<\/h2>\n<h2 id=\"-2\"><img decoding=\"async\" class=\"size-full wp-image-17770 lazyload\" alt=\"\" data-src=\"https:\/\/medizinonline.com\/wp-content\/uploads\/2021\/12\/abb1_thiel_hp11.png\" style=\"--smush-placeholder-width: 1100px; --smush-placeholder-aspect-ratio: 1100\/565;height:308px; width:600px\" width=\"1100\" height=\"565\" src=\"data:image\/svg+xml;base64,PHN2ZyB3aWR0aD0iMSIgaGVpZ2h0PSIxIiB4bWxucz0iaHR0cDovL3d3dy53My5vcmcvMjAwMC9zdmciPjwvc3ZnPg==\"><\/h2>\n<h2 id=\"-3\">&nbsp;<\/h2>\n<h2 id=\"casi-di-studio\">Casi di studio<\/h2>\n<p>Il caso di studio <span style=\"font-family:franklin gothic demi\">(Fig.&nbsp;1) <\/span>mostra gli esami di imaging di un ragazzo di 12 anni, un calciatore entusiasta. Negli ultimi 3 mesi, c&#8217;\u00e8 stato un dolore al tallone sinistro dorsale subito dopo l&#8217;esercizio fisico, a volte anche durante la normale camminata. La radiografia \u00e8 stata richiesta per escludere una frattura in caso di &#8220;condizione di dolore non chiara&#8221;. I risultati erano altrimenti normali per l&#8217;et\u00e0 del paziente, ma c&#8217;era una compressione quasi omogenea dell&#8217;apofisi del calcagno con una posizione regolare <span style=\"font-family:franklin gothic demi\">(Fig.&nbsp;1A)<\/span>. 6 giorni dopo, \u00e8 stata eseguita una risonanza magnetica per verificare la sospetta apofisite. C&#8217;era solo un edema discreto dell&#8217;osso cancelloso dell&#8217;apofisi <span style=\"font-family:franklin gothic demi\">(Fig.&nbsp;1B)<\/span> e un versamento irritativo nell&#8217;articolazione della caviglia <span style=\"font-family:franklin gothic demi\">(Fig.&nbsp;1C)<\/span>. La posizione normale tra l&#8217;apofisi e il corpo calcaneo \u00e8 stata confermata anche nella scansione trasversale <span style=\"font-family:franklin gothic demi\">(Fig.&nbsp;1D)<\/span>.<\/p>\n<h2 id=\"messaggi-da-portare-a-casa\">Messaggi da portare a casa<\/h2>\n<ul>\n<li>L&#8217;apofisite calcanea non \u00e8 una vera e propria malattia infiammatoria del&nbsp;calcagno, ma piuttosto un microtrauma con consecutivi&nbsp;disturbi della perfusione ed edema dell&#8217;osso cancelloso.<\/li>\n<li>L&#8217;apofisite pu\u00f2 essere diagnosticata attraverso l&#8217;anamnesi e l&#8217;esame clinico; le tecniche di imaging hanno principalmente un valore diagnostico differenziale.<\/li>\n<li>Sono preferibilmente colpiti i bambini e gli adolescenti che praticano sport e sono in sovrappeso.<\/li>\n<li>Oltre allo stress meccanico sull&#8217;apofisi causato dalla trazione dei tendini dei flessori superficiali della gamba, la causa \u00e8 un disstatismo dell&#8217;articolazione della caviglia e uno squilibrio muscolo-tendineo.<\/li>\n<li>Le misure di terapia conservativa con un sollievo costante e gli obiettivi analgesici-antiflogistici dei farmaci di supporto sono di solito sufficienti.<\/li>\n<\/ul>\n<p>&nbsp;<\/p>\n<p>Letteratura:<\/p>\n<ol>\n<li>Fischer W: MR-Atlas.com, mr-Verlag: Zusmarshausen, 2014 (550).<\/li>\n<li>Perhamre S, et al: Lesione di Sever: il trattamento con solette fornisce un efficace sollievo dal dolore. Scand J Med Sci Sports 2011; 21(6): 819-823.<\/li>\n<li>Perhamre S, et al: Lesione di Sever: una diagnosi clinica. J Am Pediatr Med Assoc 2013; 103(5): 361-368.<\/li>\n<li>Perhamre S, et al: Una coppa per il tallone migliora la funzione del cuscinetto del tallone nella lesione di Sever: effetti sullo spessore del cuscinetto del tallone, sul picco di pressione e sul dolore. Scand J Med Sci Sports 2012; 22(4): 516-522.<\/li>\n<li>Hotfiel T, Forst R: Malattia di Sever-Haglund, www.springermedizin.de\/emedpedia\/orthopaedie-und-unfallchirurgie (ultimo accesso 21.10.2021)<\/li>\n<\/ol>\n<p>&nbsp;<\/p>\n<p><em>PRATICA GP 2021; 16(11): 42-44<\/em><\/p>\n","protected":false},"excerpt":{"rendered":"<p>L&#8217;apofisite calcanea \u00e8 un&#8217;infiammazione dell&#8217;attacco osseo del tendine di Achille. Si verifica soprattutto nei bambini e negli adolescenti in crescita ed \u00e8 associata a gonfiore, arrossamento e dolore dell&#8217;osso del&hellip;<\/p>\n","protected":false},"author":7,"featured_media":113418,"comment_status":"closed","ping_status":"","sticky":false,"template":"","format":"standard","meta":{"_acf_changed":false,"pmpro_default_level":"","cat_1_feature_home_top":false,"cat_2_editor_pick":false,"csco_eyebrow_text":"Dal sintomo alla diagnosi","footnotes":""},"category":[11528,11519,11317,11306,11440,11484,11550],"tags":[],"powerkit_post_featured":[],"class_list":["post-327099","post","type-post","status-publish","format-standard","has-post-thumbnail","category-casi","category-formazione-continua","category-medicina-dello-sport","category-medicina-interna-generale","category-ortopedia-it","category-radiologia-it","category-rx-it","pmpro-has-access"],"acf":[],"publishpress_future_action":{"enabled":false,"date":"2026-05-06 12:21:09","action":"change-status","newStatus":"draft","terms":[],"taxonomy":"category","extraData":[]},"publishpress_future_workflow_manual_trigger":{"enabledWorkflows":[]},"wpml_current_locale":"it_IT","wpml_translations":{"pt_PT":{"locale":"pt_PT","id":327105,"slug":"diagnostico-das-articulacoes-dor-no-calcanhar-dorsal-apofisitis-calcanei","post_title":"Diagn\u00f3stico das articula\u00e7\u00f5es: dor no calcanhar dorsal - apofisitis calcanei","href":"https:\/\/medizinonline.com\/pt-pt\/diagnostico-das-articulacoes-dor-no-calcanhar-dorsal-apofisitis-calcanei\/"},"es_ES":{"locale":"es_ES","id":327113,"slug":"diagnostico-articular-dolor-dorsal-del-talon-apophysitis-calcanei","post_title":"Diagn\u00f3stico articular: dolor dorsal del tal\u00f3n - apophysitis calcanei","href":"https:\/\/medizinonline.com\/es\/diagnostico-articular-dolor-dorsal-del-talon-apophysitis-calcanei\/"}},"_links":{"self":[{"href":"https:\/\/medizinonline.com\/it\/wp-json\/wp\/v2\/posts\/327099","targetHints":{"allow":["GET"]}}],"collection":[{"href":"https:\/\/medizinonline.com\/it\/wp-json\/wp\/v2\/posts"}],"about":[{"href":"https:\/\/medizinonline.com\/it\/wp-json\/wp\/v2\/types\/post"}],"author":[{"embeddable":true,"href":"https:\/\/medizinonline.com\/it\/wp-json\/wp\/v2\/users\/7"}],"replies":[{"embeddable":true,"href":"https:\/\/medizinonline.com\/it\/wp-json\/wp\/v2\/comments?post=327099"}],"version-history":[{"count":0,"href":"https:\/\/medizinonline.com\/it\/wp-json\/wp\/v2\/posts\/327099\/revisions"}],"wp:featuredmedia":[{"embeddable":true,"href":"https:\/\/medizinonline.com\/it\/wp-json\/wp\/v2\/media\/113418"}],"wp:attachment":[{"href":"https:\/\/medizinonline.com\/it\/wp-json\/wp\/v2\/media?parent=327099"}],"wp:term":[{"taxonomy":"category","embeddable":true,"href":"https:\/\/medizinonline.com\/it\/wp-json\/wp\/v2\/category?post=327099"},{"taxonomy":"post_tag","embeddable":true,"href":"https:\/\/medizinonline.com\/it\/wp-json\/wp\/v2\/tags?post=327099"},{"taxonomy":"powerkit_post_featured","embeddable":true,"href":"https:\/\/medizinonline.com\/it\/wp-json\/wp\/v2\/powerkit_post_featured?post=327099"}],"curies":[{"name":"wp","href":"https:\/\/api.w.org\/{rel}","templated":true}]}}