{"id":327172,"date":"2021-12-10T09:34:08","date_gmt":"2021-12-10T08:34:08","guid":{"rendered":"https:\/\/medizinonline.com\/aggiornamento-delle-raccomandazioni-di-etica-clinica-per-la-prioritizzazione-e-il-triage-in-covid-19\/"},"modified":"2021-12-10T09:34:08","modified_gmt":"2021-12-10T08:34:08","slug":"aggiornamento-delle-raccomandazioni-di-etica-clinica-per-la-prioritizzazione-e-il-triage-in-covid-19","status":"publish","type":"post","link":"https:\/\/medizinonline.com\/it\/aggiornamento-delle-raccomandazioni-di-etica-clinica-per-la-prioritizzazione-e-il-triage-in-covid-19\/","title":{"rendered":"Aggiornamento delle raccomandazioni di etica clinica per la prioritizzazione e il triage in COVID-19"},"content":{"rendered":"<p><strong>In considerazione del forte aumento dei pazienti affetti da COVID-19 con gravi decorsi della malattia, i medici di emergenza e di terapia intensiva, cos\u00ec come altre discipline del sistema sanitario, si trovano attualmente di fronte a decisioni difficili: Come dovrebbero essere distribuite le risorse disponibili, in modo che il maggior numero possibile di pazienti bisognosi ne tragga beneficio? Ora che nuovi aspetti stanno emergendo nella discussione, non da ultimo a seguito della vaccinazione, gli esperti di sette societ\u00e0 professionali hanno aggiornato la &#8220;Linea guida sulla prioritizzazione e il triage nella carenza di risorse acute&#8221;, pubblicata nella primavera del 2020.<\/strong><\/p>\n<p> <!--more--> <\/p>\n<p><span style=\"color:rgb(34, 34, 34); font-family:helvetica neue,helveticaneue,helvetica,arial,lucida grande,sans-serif\">I punti pi\u00f9 importanti riguardano l&#8217;uguaglianza di trattamento dei pazienti vaccinati e non vaccinati nell&#8217;assistenza sanitaria, nonch\u00e9 l&#8217;osservanza del principio di uguaglianza quando si aumentano le risorse a favore dell&#8217;assistenza dei pazienti con COVID-19.<\/span><\/p>\n<p><strong><span style=\"color:rgb(34, 34, 34); font-family:helvetica neue,helveticaneue,helvetica,arial,lucida grande,sans-serif\">La mancanza di vaccinazione non \u00e8 un motivo per limitare l&#8217;offerta di assistenza sanitaria.&nbsp;<\/span><\/strong><\/p>\n<p><span style=\"color:rgb(34, 34, 34); font-family:helvetica neue,helveticaneue,helvetica,arial,lucida grande,sans-serif\">Nel dibattito pubblico delle ultime settimane, \u00e8 stato ripetutamente proposto di utilizzare lo stato di vaccinazione come criterio decisionale per la definizione delle priorit\u00e0 quando i fondi sono scarsi. La frustrazione per il fatto che alcune persone rinuncino a una vaccinazione efficace \u00e8 comprensibile, anche in considerazione dell&#8217;enorme onere che grava su coloro che lavorano nel sistema sanitario, afferma il Prof. Uwe Janssens, ex presidente del DIVI e capo del gruppo di lavoro sull&#8217;etica. Tuttavia, le societ\u00e0 professionali hanno chiarito nella linea guida aggiornata che la mancanza di vaccinazione non pu\u00f2 essere un criterio legittimo per le decisioni di triage.<\/span><br \/>\n<span style=\"color:rgb(34, 34, 34); font-family:helvetica neue,helveticaneue,helvetica,arial,lucida grande,sans-serif\">&#8220;Il dovere di aiutare nel sistema sanitario esiste nel caso di malattie che mettono in pericolo la vita, indipendentemente dalla causa scatenante o dal comportamento precedente del paziente in difficolt\u00e0&#8221;, riassume Janssens la posizione della linea guida.&nbsp;<\/span><\/p>\n<p><span style=\"color:rgb(34, 34, 34); font-family:helvetica neue,helveticaneue,helvetica,arial,lucida grande,sans-serif\">L&#8217;etico medico e Presidente dell&#8217;Accademia per l&#8217;Etica in Medicina, Prof. Georg Marckmann, aggiunge che i diritti alle prestazioni nel nostro sistema sanitario solidale non dipendono da criteri come l'&#8221;auto-colpa&#8221; o la &#8220;responsabilit\u00e0 personale&#8221;, per buone ragioni etiche. In primo luogo, nei casi individuali di solito non \u00e8 possibile dimostrare con sufficiente certezza che la malattia \u00e8 causalmente dovuta a un comportamento del paziente dannoso per la salute. In secondo luogo, il comportamento spesso non si basa su una decisione libera, autodeterminata e quindi responsabile. In terzo luogo, mancano standard generalmente accettati per stabilire quali azioni autoinflitte e liberamente scelte che mettono in pericolo la salute, l&#8217;individuo deve assumersi la responsabilit\u00e0 e in che misura. Questo non vale solo per l&#8217;obesit\u00e0, il fumo o gli sport ad alto rischio, ma anche per la decisione di non sottoporsi alla vaccinazione contro la SARS-CoV-2. Pertanto, dare priorit\u00e0 alle scarse risorse mediche per acuti in base allo stato di vaccinazione non \u00e8 accettabile.<\/span><\/p>\n<p><strong><span style=\"color:rgb(34, 34, 34); font-family:helvetica neue,helveticaneue,helvetica,arial,lucida grande,sans-serif\">Creare risorse per i pazienti COVID-19, garantire la parit\u00e0 di trattamento degli altri pazienti.<\/span><\/strong><\/p>\n<p><span style=\"color:rgb(34, 34, 34); font-family:helvetica neue,helveticaneue,helvetica,arial,lucida grande,sans-serif\">La seconda importante modifica alla linea guida mira ad affrontare le basi etiche cliniche dell&#8217;allocazione delle risorse, alla luce dell&#8217;aumento della necessit\u00e0 di pazienti COVID-19. Se la carenza di risorse si fa sentire, gli ospedali dovrebbero ridurre le attivit\u00e0 regolari per fornire capacit\u00e0 al numero crescente di pazienti con COVID-19 in condizioni critiche. A questo scopo, i trattamenti devono essere rinviati prima di tutto quando non si prevede un peggioramento della prognosi, un danno irreversibile alla salute o addirittura una morte prematura a causa del ritardo.<\/span><\/p>\n<p><span style=\"color:rgb(34, 34, 34); font-family:helvetica neue,helveticaneue,helvetica,arial,lucida grande,sans-serif\">Nel caso in cui sia necessario un ulteriore ampliamento delle capacit\u00e0 di trattamento per i pazienti COVID-19, si deve considerare che i pazienti con altre malattie non siano svantaggiati rispetto ai pazienti COVID-19, sottolinea il medico ed etico medico, Prof. Schildmann, co-autore della linea guida. Deve essere garantita la parit\u00e0 di trattamento di tutti i pazienti da assistere, anche in caso di risorse scarse. Gli effetti negativi sulla salute dovuti alle restrizioni devono essere ridotti al minimo. I pazienti e i loro parenti devono essere informati in modo trasparente sulle ragioni di eventuali limitazioni dell&#8217;assistenza e sugli effetti sulla salute che possono essere associati ad esse.<\/span><\/p>\n<p>&nbsp;<\/p>\n<h3 id=\"ulteriori-informazioni\">Ulteriori informazioni:<\/h3>\n<p><a href=\"https:\/\/www.divi.de\/presse\/pressemeldungen\/pm-intensiv-und-notfallmediziner-aktualisieren-klinisch-ethische-empfehlungen-zur-priorisierung-und-triage-bei-covid-19\" style=\"box-sizing: border-box; color: rgb(27, 123, 69); text-decoration: none; line-height: inherit; outline: none 0px;\" target=\"_blank\" rel=\"noopener\"><span style=\"color:#000000\">https:\/\/www.divi.de\/presse\/pressemeldungen\/pm-intensiv-und-notfallmediziner-aktu&#8230;<\/span><\/a><\/p>\n","protected":false},"excerpt":{"rendered":"<p>In considerazione del forte aumento dei pazienti affetti da COVID-19 con gravi decorsi della malattia, i medici di emergenza e di terapia intensiva, cos\u00ec come altre discipline del sistema sanitario,&hellip;<\/p>\n","protected":false},"author":16,"featured_media":114368,"comment_status":"closed","ping_status":"","sticky":false,"template":"","format":"standard","meta":{"_acf_changed":false,"pmpro_default_level":"","cat_1_feature_home_top":false,"cat_2_editor_pick":false,"csco_eyebrow_text":"Medicina intensiva e d'emergenza","footnotes":""},"category":[11382,11308,11550],"tags":[],"powerkit_post_featured":[],"class_list":["post-327172","post","type-post","status-publish","format-standard","has-post-thumbnail","category-anestesiologia-it","category-medicina-durgenza-e-terapia-intensiva","category-rx-it","pmpro-has-access"],"acf":[],"publishpress_future_action":{"enabled":false,"date":"2026-05-06 15:48:25","action":"change-status","newStatus":"draft","terms":[],"taxonomy":"category","extraData":[]},"publishpress_future_workflow_manual_trigger":{"enabledWorkflows":[]},"wpml_current_locale":"it_IT","wpml_translations":{"pt_PT":{"locale":"pt_PT","id":327178,"slug":"actualizacao-das-recomendacoes-eticas-clinicas-para-a-definicao-de-prioridades-e-triagem-na-covid-19","post_title":"Actualiza\u00e7\u00e3o das recomenda\u00e7\u00f5es \u00e9ticas cl\u00ednicas para a defini\u00e7\u00e3o de prioridades e triagem na COVID-19","href":"https:\/\/medizinonline.com\/pt-pt\/actualizacao-das-recomendacoes-eticas-clinicas-para-a-definicao-de-prioridades-e-triagem-na-covid-19\/"},"es_ES":{"locale":"es_ES","id":327182,"slug":"actualizacion-de-las-recomendaciones-eticas-clinicas-para-la-priorizacion-y-el-triaje-en-covid-19","post_title":"Actualizaci\u00f3n de las recomendaciones \u00e9ticas cl\u00ednicas para la priorizaci\u00f3n y el triaje en COVID-19","href":"https:\/\/medizinonline.com\/es\/actualizacion-de-las-recomendaciones-eticas-clinicas-para-la-priorizacion-y-el-triaje-en-covid-19\/"}},"_links":{"self":[{"href":"https:\/\/medizinonline.com\/it\/wp-json\/wp\/v2\/posts\/327172","targetHints":{"allow":["GET"]}}],"collection":[{"href":"https:\/\/medizinonline.com\/it\/wp-json\/wp\/v2\/posts"}],"about":[{"href":"https:\/\/medizinonline.com\/it\/wp-json\/wp\/v2\/types\/post"}],"author":[{"embeddable":true,"href":"https:\/\/medizinonline.com\/it\/wp-json\/wp\/v2\/users\/16"}],"replies":[{"embeddable":true,"href":"https:\/\/medizinonline.com\/it\/wp-json\/wp\/v2\/comments?post=327172"}],"version-history":[{"count":0,"href":"https:\/\/medizinonline.com\/it\/wp-json\/wp\/v2\/posts\/327172\/revisions"}],"wp:featuredmedia":[{"embeddable":true,"href":"https:\/\/medizinonline.com\/it\/wp-json\/wp\/v2\/media\/114368"}],"wp:attachment":[{"href":"https:\/\/medizinonline.com\/it\/wp-json\/wp\/v2\/media?parent=327172"}],"wp:term":[{"taxonomy":"category","embeddable":true,"href":"https:\/\/medizinonline.com\/it\/wp-json\/wp\/v2\/category?post=327172"},{"taxonomy":"post_tag","embeddable":true,"href":"https:\/\/medizinonline.com\/it\/wp-json\/wp\/v2\/tags?post=327172"},{"taxonomy":"powerkit_post_featured","embeddable":true,"href":"https:\/\/medizinonline.com\/it\/wp-json\/wp\/v2\/powerkit_post_featured?post=327172"}],"curies":[{"name":"wp","href":"https:\/\/api.w.org\/{rel}","templated":true}]}}