{"id":327192,"date":"2021-12-10T11:01:44","date_gmt":"2021-12-10T10:01:44","guid":{"rendered":"https:\/\/medizinonline.com\/il-controllo-dellasma-e-e-rimane-lobiettivo-terapeutico-non-negoziabile\/"},"modified":"2021-12-10T11:01:44","modified_gmt":"2021-12-10T10:01:44","slug":"il-controllo-dellasma-e-e-rimane-lobiettivo-terapeutico-non-negoziabile","status":"publish","type":"post","link":"https:\/\/medizinonline.com\/it\/il-controllo-dellasma-e-e-rimane-lobiettivo-terapeutico-non-negoziabile\/","title":{"rendered":"Il controllo dell&#8217;asma \u00e8 e rimane l&#8217;obiettivo terapeutico non negoziabile."},"content":{"rendered":"<p><strong>Oggi il fluticasone furoato \u00e8 il corticosteroide per via inalatoria (ICS) pi\u00f9 potente, con il pi\u00f9 alto indice terapeutico finora disponibile [2,3]. \u00c8 un componente di Relvar Ellipta insieme al vilanterolo. Daley-Yates et al. ha dimostrato che il fluticasone furoato fornisce una protezione 3,4 volte superiore con minori effetti sistemici rispetto ad altri ICS [2,3]. Analogamente, il Salford Lung Study ha confermato che il 25% in pi\u00f9 di pazienti ha raggiunto un controllo dell&#8217;asma rilevante nella pratica quotidiana con Relvar Ellipta rispetto ad altri controllori [1]. Ne abbiamo parlato con il Professor Laurent Nicod, Clinica Privata Hirslanden, Losanna, e con il Dottor Jean-Luc Kurzen, Medico Senior, Pneumologia, Ospedale di M\u00e4nnedorf.<\/strong><\/p>\n<p> <!--more--> <\/p>\n<p>Il termine &#8220;controllo dell&#8217;asma&#8221; viene usato oggi in modo cos\u00ec naturale, come se tutti intendessero la stessa cosa: non \u00e8 cos\u00ec. Non tutti i medici e i pazienti intendono la stessa cosa per controllo dell&#8217;asma [4]. Molti medici sovrastimano persino l&#8217;entit\u00e0 del controllo dell&#8217;asma da parte dei loro pazienti, come ha dimostrato uno studio [5]. Questo non era vero per circa la met\u00e0 degli asmatici classificati come controllati [5]. Inoltre, i pazienti spesso pensano di avere l&#8217;asma sotto controllo, adattando il loro stile di vita al carico dei sintomi [4]. Evitano l&#8217;attivit\u00e0 fisica, soffrono di sintomi diurni e di risvegli notturni dovuti alla mancanza di fiato e\/o alla tosse e dipendono dai farmaci di emergenza [4]. Infatti, fino al 71% dei pazienti non raggiunge il controllo dell&#8217;asma nonostante il trattamento [1]. Ci\u00f2 sottolinea l&#8217;importanza di un controllo proattivo dell&#8217;asma, che eviti i sintomi e quindi migliori la qualit\u00e0 della vita [6].&nbsp;<\/p>\n<p><strong>Proattivo anzich\u00e9 orientato ai sintomi&nbsp;<\/strong><\/p>\n<p>Se la terapia si basa solo sui sintomi attuali, l&#8217;obiettivo di un buon controllo dell&#8217;asma sar\u00e0 mancato [7]. Nel MART<span style=\"font-size:5.5px\"><br \/>\n  <sup>*<\/sup><br \/>\n<\/span>&#8211; Il controllo dei sintomi si basa sulla percezione del paziente, che spesso lascia molto a desiderare [4,7]. A differenza del MART, il sistema proattivo<span style=\"color:rgb(0, 0, 0); font-size:12px\">&nbsp;<\/span>La terapia con Relvar Ellipta tratta i sintomi e l&#8217;infiammazione cronica, il rimodellamento delle vie aeree e l&#8217;iperreattivit\u00e0 bronchiale [8].&nbsp;<\/p>\n<p>Relvar Ellipta aumenta il numero di giorni e notti senza sintomi rispetto al fluticasone furoato o al fluticasone propionato, tra gli altri [9]. I pazienti possono beneficiare di questa gestione proattiva dell&#8217;asma, potendo riprendere le loro attivit\u00e0 quotidiane, come sottolinea anche il Prof. Nicod nell&#8217;intervista [9].<\/p>\n<p><strong>Il Salford Lung Study \u00e8 una pietra miliare dello studio [1].&nbsp;<\/strong><\/p>\n<p>Il Salford Lung Study, uno studio in un contesto di vita reale, ha arruolato 4233 pazienti con asma non adeguatamente controllata e li ha randomizzati a ricevere Relvar Ellipta o la terapia precedente (ICS o ICS\/LABA) per 52 settimane, che poteva essere ottimizzata secondo le necessit\u00e0 [1]. Endpoint primario: raggiungimento di un punteggio ACT (Asthma Control Test) &gt;20 o miglioramento del punteggio di \u22653 punti dopo 24 settimane [1].<\/p>\n<p><strong>Risultati&nbsp;<\/strong><\/p>\n<ul>\n<li>Il controllo proattivo dell&#8217;asma ha portato a un miglioramento del controllo nel 25% dei pazienti (56% nel gruppo di controllo vs. 70% con Relvar Ellipta) nella pratica quotidiana [1] <span style=\"font-family:franklin gothic demi\"><span style=\"font-family:arial,helvetica,sans-serif\"><strong>(Fig. 1<\/strong><\/span><\/span>). <span style=\"font-family:franklin gothic demi\">&nbsp;<\/span><\/li>\n<li>Oltre ai sintomi, anche la qualit\u00e0 della vita \u00e8 migliorata nel 27% dei pazienti [1,10].<\/li>\n<li>Il profilo degli effetti collaterali in entrambi i bracci di studio \u00e8 stato paragonabile, con la polmonite che si \u00e8 verificata solo raramente [1].<\/li>\n<\/ul>\n<p><img fetchpriority=\"high\" decoding=\"async\" class=\" size-full wp-image-18046\" alt=\"\" src=\"https:\/\/medizinonline.com\/wp-content\/uploads\/2021\/12\/bildschirmfoto_2021-12-10_um_10.40.02.png\" style=\"height:1020px; width:1100px\" width=\"1100\" height=\"1020\" srcset=\"https:\/\/medizinonline.com\/wp-content\/uploads\/2021\/12\/bildschirmfoto_2021-12-10_um_10.40.02.png 1100w, https:\/\/medizinonline.com\/wp-content\/uploads\/2021\/12\/bildschirmfoto_2021-12-10_um_10.40.02-800x742.png 800w, https:\/\/medizinonline.com\/wp-content\/uploads\/2021\/12\/bildschirmfoto_2021-12-10_um_10.40.02-120x111.png 120w, https:\/\/medizinonline.com\/wp-content\/uploads\/2021\/12\/bildschirmfoto_2021-12-10_um_10.40.02-90x83.png 90w, https:\/\/medizinonline.com\/wp-content\/uploads\/2021\/12\/bildschirmfoto_2021-12-10_um_10.40.02-320x297.png 320w, https:\/\/medizinonline.com\/wp-content\/uploads\/2021\/12\/bildschirmfoto_2021-12-10_um_10.40.02-560x519.png 560w\" sizes=\"(max-width: 1100px) 100vw, 1100px\" \/><\/p>\n<p><strong>L&#8217;alto indice terapeutico come pietra miliare&nbsp;<\/strong><\/p>\n<p>Il fluticasone furoato in Relvar ha un indice terapeutico significativamente pi\u00f9 alto rispetto ad altri ICS e quindi si pu\u00f2 ottenere un effetto antinfiammatorio pi\u00f9 forte con una minore esposizione sistemica [2,3]. Quindi, al dosaggio pi\u00f9 basso, mostra un effetto antinfiammatorio 3,4 volte superiore rispetto alla budesonide [2,3]. Relvar nel dispositivo Ellipta, se usato una volta al giorno, offre un valore aggiunto che i pazienti percepiscono immediatamente, ossia l&#8217;infiammazione delle vie aeree diminuisce [8], l&#8217;iperreattivit\u00e0 bronchiale diminuisce [8] e il rimodellamento delle vie aeree viene rallentato [8].<\/p>\n<p><strong>La qualit\u00e0 della vita \u00e8 migliorata&nbsp;<\/strong><\/p>\n<p>L&#8217;effetto notevole, che si manifesta con un miglioramento di tutti i componenti dell&#8217;ACT, \u00e8 compensato da effetti sistemici indesiderati molto limitati [10]. In particolare, i pazienti hanno beneficiato di un miglioramento significativo della qualit\u00e0 della vita [10].<\/p>\n<p><img decoding=\"async\" class=\"size-full wp-image-18047 lazyload\" alt=\"\" data-src=\"https:\/\/medizinonline.com\/wp-content\/uploads\/2021\/12\/bildschirmfoto_2021-12-10_um_10.42.58.png\" style=\"--smush-placeholder-width: 1100px; --smush-placeholder-aspect-ratio: 1100\/1213;height:1213px; width:1100px\" width=\"1100\" height=\"1213\" data-srcset=\"https:\/\/medizinonline.com\/wp-content\/uploads\/2021\/12\/bildschirmfoto_2021-12-10_um_10.42.58.png 1100w, https:\/\/medizinonline.com\/wp-content\/uploads\/2021\/12\/bildschirmfoto_2021-12-10_um_10.42.58-800x882.png 800w, https:\/\/medizinonline.com\/wp-content\/uploads\/2021\/12\/bildschirmfoto_2021-12-10_um_10.42.58-120x132.png 120w, https:\/\/medizinonline.com\/wp-content\/uploads\/2021\/12\/bildschirmfoto_2021-12-10_um_10.42.58-90x99.png 90w, https:\/\/medizinonline.com\/wp-content\/uploads\/2021\/12\/bildschirmfoto_2021-12-10_um_10.42.58-320x353.png 320w, https:\/\/medizinonline.com\/wp-content\/uploads\/2021\/12\/bildschirmfoto_2021-12-10_um_10.42.58-560x618.png 560w\" data-sizes=\"(max-width: 1100px) 100vw, 1100px\" src=\"data:image\/svg+xml;base64,PHN2ZyB3aWR0aD0iMSIgaGVpZ2h0PSIxIiB4bWxucz0iaHR0cDovL3d3dy53My5vcmcvMjAwMC9zdmciPjwvc3ZnPg==\" \/><\/p>\n<p><img decoding=\"async\" class=\"size-full wp-image-18048 lazyload\" alt=\"\" data-src=\"https:\/\/medizinonline.com\/wp-content\/uploads\/2021\/12\/bildschirmfoto_2021-12-10_um_10.41.36.png\" style=\"--smush-placeholder-width: 1100px; --smush-placeholder-aspect-ratio: 1100\/1513;height:1513px; width:1100px\" width=\"1100\" height=\"1513\" data-srcset=\"https:\/\/medizinonline.com\/wp-content\/uploads\/2021\/12\/bildschirmfoto_2021-12-10_um_10.41.36.png 1100w, https:\/\/medizinonline.com\/wp-content\/uploads\/2021\/12\/bildschirmfoto_2021-12-10_um_10.41.36-800x1100.png 800w, https:\/\/medizinonline.com\/wp-content\/uploads\/2021\/12\/bildschirmfoto_2021-12-10_um_10.41.36-120x165.png 120w, https:\/\/medizinonline.com\/wp-content\/uploads\/2021\/12\/bildschirmfoto_2021-12-10_um_10.41.36-90x124.png 90w, https:\/\/medizinonline.com\/wp-content\/uploads\/2021\/12\/bildschirmfoto_2021-12-10_um_10.41.36-320x440.png 320w, https:\/\/medizinonline.com\/wp-content\/uploads\/2021\/12\/bildschirmfoto_2021-12-10_um_10.41.36-560x770.png 560w\" data-sizes=\"(max-width: 1100px) 100vw, 1100px\" src=\"data:image\/svg+xml;base64,PHN2ZyB3aWR0aD0iMSIgaGVpZ2h0PSIxIiB4bWxucz0iaHR0cDovL3d3dy53My5vcmcvMjAwMC9zdmciPjwvc3ZnPg==\" \/><img decoding=\"async\" class=\"size-full wp-image-18049 lazyload\" alt=\"\" data-src=\"https:\/\/medizinonline.com\/wp-content\/uploads\/2021\/12\/bildschirmfoto_2021-12-10_um_10.41.54.png\" style=\"--smush-placeholder-width: 1100px; --smush-placeholder-aspect-ratio: 1100\/663;height:663px; width:1100px\" width=\"1100\" height=\"663\" data-srcset=\"https:\/\/medizinonline.com\/wp-content\/uploads\/2021\/12\/bildschirmfoto_2021-12-10_um_10.41.54.png 1100w, https:\/\/medizinonline.com\/wp-content\/uploads\/2021\/12\/bildschirmfoto_2021-12-10_um_10.41.54-800x482.png 800w, https:\/\/medizinonline.com\/wp-content\/uploads\/2021\/12\/bildschirmfoto_2021-12-10_um_10.41.54-120x72.png 120w, https:\/\/medizinonline.com\/wp-content\/uploads\/2021\/12\/bildschirmfoto_2021-12-10_um_10.41.54-90x54.png 90w, https:\/\/medizinonline.com\/wp-content\/uploads\/2021\/12\/bildschirmfoto_2021-12-10_um_10.41.54-320x193.png 320w, https:\/\/medizinonline.com\/wp-content\/uploads\/2021\/12\/bildschirmfoto_2021-12-10_um_10.41.54-560x338.png 560w\" data-sizes=\"(max-width: 1100px) 100vw, 1100px\" src=\"data:image\/svg+xml;base64,PHN2ZyB3aWR0aD0iMSIgaGVpZ2h0PSIxIiB4bWxucz0iaHR0cDovL3d3dy53My5vcmcvMjAwMC9zdmciPjwvc3ZnPg==\" \/><\/p>\n<h3 id=\"\">&nbsp;<\/h3>\n<h3 id=\"impronta\"><strong>Impronta&nbsp;<\/strong><\/h3>\n<p><span style=\"font-family:franklin gothic demi\"><br \/>\n  <strong><br \/>\n    <span style=\"font-family:arial,helvetica,sans-serif\">Testo:<\/span><br \/>\n  <\/strong><br \/>\n  &nbsp;<br \/>\n<\/span>Dr. Renate Weber&nbsp;<\/p>\n<p><span style=\"font-family:franklin gothic demi\"><br \/>\n  <strong><br \/>\n    <span style=\"font-family:arial,helvetica,sans-serif\">Prima pubblicazione:<\/span><br \/>\n  <\/strong><br \/>\n  &nbsp;<br \/>\n<\/span>Medical Tribune 40\/2021. I partner dell&#8217;intervista accettano la seconda pubblicazione. \u00a9Medical Tribune&nbsp;<\/p>\n<p>Questo articolo \u00e8 stato realizzato con il gentile supporto di GlaxoSmithKline AG, Talstrasse 3-5, 3053 M\u00fcnchenbuchsee, Svizzera.&nbsp;<\/p>\n<p>PM-CH-FFV-ADVR-210003-11\/2021&nbsp;<\/p>\n<p>\u00a9 Prime Public Media AG, Zurigo 2021<\/p>\n<p>&nbsp;<\/p>\n<p>Letteratura:&nbsp;<\/p>\n<p>Woodcock A, et al: Efficacia del fluticasone furoato pi\u00f9 vilanterolo sul controllo dell&#8217;asma nella pratica clinica: uno studio controllato randomizzato, in aperto, a gruppi paralleli. Lancet 2017; 390: 2247-2255.&nbsp;<\/p>\n<p>Daley-Yates P: Corticosteroidi per via inalatoria: potenza, equivalenza della dose e indice terapeutico. BJCP 2015; 80(3): 372-380.&nbsp;<\/p>\n<p>Daley-Yates P, et al: Indice terapeutico dei corticosteroidi per via inalatoria nell&#8217;asma: un confronto dose-risposta sull&#8217;iperreattivit\u00e0 delle vie aeree e sulla soppressione dell&#8217;asse surrenale. BJCP 2021; 87: 483-493.&nbsp;<\/p>\n<p>Fletcher M, Hiles D: Continua discrepanza tra la percezione del controllo dell&#8217;asma da parte dei pazienti e i sintomi del mondo reale: un sondaggio quantitativo online su 1.083 adulti con asma del Regno Unito. Prim Care Respir J 2013; 22: 431-438.<\/p>\n<p>Greenblatt M, et al: Confronto tra la valutazione del controllo dell&#8217;asma da parte del medico e del paziente. Medicina respiratoria 2010; 104(3); 356-361.&nbsp;<\/p>\n<p>Correira de Sousa J, et al: Controllo dell&#8217;asma, qualit\u00e0 della vita e ruolo dell&#8217;abilitazione del paziente: uno studio osservazionale trasversale. Prim Care Respir J 2013; 22(2): 181-187.&nbsp;<\/p>\n<p>Chapman KR, et al: Terapia singola di mantenimento e di sollievo (SMART) dell&#8217;asma: una valutazione critica. Thorax 2021; 65: 47-52.&nbsp;<\/p>\n<p>Ishmael FT: La risposta infiammatoria nella patogenesi dell&#8217;asma. Il Journal of the American Osteopathic Association 2011; 111: S11-S17.&nbsp;<\/p>\n<p>Kerwin E, et al: Il fluticasone furoato\/vilanterolo una volta al giorno migliora i risvegli notturni nei pazienti asmatici con sintomi notturni: analisi post-hoc di tre studi controllati randomizzati. J Asthma 2018; 55: 890-897.<\/p>\n<p>10 Svedsater H, et al: Esiti riferiti dal paziente con l&#8217;inizio del flutucasone furoato\/vilanterolo rispetto al proseguimento dell&#8217;assistenza abituale nel Salford Lung Study. Respir Med 2018; 141: 198-206.&nbsp;<\/p>\n<p>11 Katsaounou P, et al: Omalizumab come alternativa all&#8217;uso cronico di corticosteroidi orali nell&#8217;asma grave. Respiratore. Med. 2019; 150: 51-62.&nbsp;<\/p>\n<p>12 Wells KE, et al: Effetti nel mondo reale del dosaggio di corticosteroidi per via inalatoria una volta rispetto a un dosaggio maggiore al giorno sull&#8217;aderenza ai farmaci. Ann. Allergia, Asma, Immunologia. 2013; 111: 216-220.&nbsp;<\/p>\n<p>13 Molimard M, et al: Esacerbazione della broncopneumopatia cronica ostruttiva e manipolazione del dispositivo inalatore: valutazione della vita reale di 2935 pazienti. Eur Respir J 2017; 49(2): 1601794.<\/p>\n<p>&nbsp;<\/p>\n<p><strong>Relvar Ellipta<\/strong> (polvere monodose per inalazione). <span style=\"font-family:arial,helvetica,sans-serif\"><strong>W:<\/strong> <\/span>Fluticasone furoato 92 o 184 \u03bcg, vilanterolo 22 \u03bcg. <span style=\"font-family:franklin gothic demi\">I: <\/span>Asma bronchiale: trattamento regolare negli adulti e negli adolescenti a partire dai 12 anni, se sintomatici, con ICS e broncodilatatore a breve durata d&#8217;azione. BPCO: trattamento sintomatico nei pazienti con FEV<span style=\"font-size:4.5px\"><br \/>\n  <sub>1 <\/sub><br \/>\n<\/span>&lt;70% e \u22652 esacerbazioni negli ultimi 12 mesi. <span style=\"font-family:franklin gothic demi\"><strong><span style=\"font-family:arial,helvetica,sans-serif\">D:<\/span><\/strong> <\/span><em>Asma bronchiale: <\/em>adulti e adolescenti a partire dai 12 anni: 1\u00d7 al giorno. 1 inalazione di Relvar Ellipta 92\/22 o 184\/22. BPCO: Adulti sopra i 40 anni: 1\u00d7 al giorno. 1 inalazione Relvar Ellipta 92\/22. Relvar Ellipta 184\/22 non \u00e8 approvato per la BPCO. <strong><br \/>\n  <span style=\"font-family:arial,helvetica,sans-serif\">AI: <\/span><br \/>\n<\/strong>Ipersensibilit\u00e0 a qualsiasi ingrediente, allergia grave alle proteine del latte. <span style=\"font-family:franklin gothic demi\"><span style=\"font-family:arial,helvetica,sans-serif\"><strong>W\/V:<\/strong><\/span> <\/span>Non per il trattamento dei sintomi acuti dell&#8217;asma o delle esacerbazioni acute della BPCO. Se si verifica un broncospasmo paradossale, trattare immediatamente con un broncodilatatore a breve durata d&#8217;azione, interrompere Relvar Ellipta, prendere in considerazione altre terapie. Possibili effetti cardiovascolari come aritmie; prima della terapia, chiarire le malattie cardiovascolari concomitanti (ad esempio, si raccomanda un ECG per chiarire il prolungamento del QTc). Attenzione nel diabete, nella tubercolosi polmonare, nelle infezioni croniche\/non trattate. Relvar Ellipta 184\/22 non deve essere utilizzato in caso di funzionalit\u00e0 epatica moderatamente o gravemente compromessa. Gli effetti avversi sistemici possono verificarsi a dosi elevate per un lungo periodo di tempo. I disturbi visivi possono verificarsi con l&#8217;uso sistemico e topico di corticosteroidi, e si deve prendere in considerazione l&#8217;invio del paziente a un oftalmologo per la valutazione delle possibili cause. I pazienti con BPCO in terapia con Relvar Ellipta hanno avuto un&#8217;aumentata incidenza di polmonite. Nei pazienti asmatici, la polmonite si \u00e8 verificata pi\u00f9 frequentemente con Relvar Ellipta 184\/22 rispetto a Relvar Ellipta 92\/22 o al placebo. <span style=\"font-family:franklin gothic demi\"><strong><span style=\"font-family:arial,helvetica,sans-serif\">IA:<\/span><\/strong> <\/span>Attenzione alla somministrazione concomitante di \u03b2-bloccanti, cos\u00ec come di farmaci che prolungano l&#8217;intervallo QTc, hanno effetti simpaticomimetici o influenzano i livelli di potassio. La somministrazione concomitante di potenti inibitori del CYP3A4 (ad esempio ketoconazolo, itraconazolo, claritromicina, ritonavir o prodotti contenenti cobicistat) deve essere evitata a meno che il beneficio non superi l&#8217;aumento del rischio di effetti collaterali dei corticosteroidi sistemici; in tal caso i pazienti devono essere monitorati per gli effetti collaterali dei corticosteroidi sistemici. <span style=\"font-family:franklin gothic demi\"><strong><span style=\"font-family:arial,helvetica,sans-serif\">S\/S:<\/span><\/strong> <\/span>Gravidanza: Relvar Ellipta non deve essere usato durante la gravidanza, a meno che non sia chiaramente necessario. Allattamento: interrompa l&#8217;allattamento o il trattamento con Relvar Ellipta.<span style=\"font-family:arial,helvetica,sans-serif\"><strong> <\/strong><\/span><span style=\"font-family:franklin gothic demi\"><span style=\"font-family:arial,helvetica,sans-serif\"><strong>UW:<\/strong><\/span> <\/span><em>Molto comuni: <\/em>cefalea, nasofaringite.  <em>Frequenti: <\/em>polmonite, infezioni del tratto respiratorio superiore, bronchite, sintomi influenzali, dolore o candidosi nella bocca e nella gola, sinusite, faringite, rinite, tosse, raucedine, dolore addominale, articolare, alla schiena, fratture, piressia.  <em>Occasionalmente: <\/em>extrasistoli.  <em>Esperienze post-marketing: comuni: <\/em>crampi muscolari; <em>occasionali: <\/em>palpitazioni, tachicardia, iperglicemia; <em>rare\/sconosciute <\/em>: Reazioni di ipersensibilit\u00e0 (tra cui anafilassi, angioedema, orticaria, rash), tremore, ansia, broncospasmo paradosso.  <span style=\"font-family:franklin gothic demi\"><strong><span style=\"font-family:arial,helvetica,sans-serif\">AK:<\/span><\/strong> <\/span>B, approvato in contanti.  <span style=\"font-family:franklin gothic demi\"><span style=\"font-family:arial,helvetica,sans-serif\"><strong>Stato delle informazioni:<\/strong><\/span> <\/span>Gennaio 2019. GlaxoSmithKline AG, 3053 M\u00fcnchenbuchsee. Informazioni dettagliate sono disponibili su www.swissmedicinfo. ch. La preghiamo di segnalare le reazioni avverse ai farmaci all&#8217;indirizzo pv.swiss@gsk.com. I professionisti possono richiedere i riferimenti citati a GlaxoSmithKline AG.<\/p>\n","protected":false},"excerpt":{"rendered":"<p>Oggi il fluticasone furoato \u00e8 il corticosteroide per via inalatoria (ICS) pi\u00f9 potente, con il pi\u00f9 alto indice terapeutico finora disponibile [2,3]. \u00c8 un componente di Relvar Ellipta insieme al&hellip;<\/p>\n","protected":false},"author":16,"featured_media":114443,"comment_status":"closed","ping_status":"","sticky":false,"template":"","format":"standard","meta":{"_acf_changed":false,"pmpro_default_level":"","cat_1_feature_home_top":false,"cat_2_editor_pick":false,"csco_eyebrow_text":"Relvar Ellipta migliora il controllo dell'asma [1].","footnotes":""},"category":[11537,11468,11550],"tags":[],"powerkit_post_featured":[],"class_list":["post-327192","post","type-post","status-publish","format-standard","has-post-thumbnail","category-mercato-e-medicina","category-pneumologia","category-rx-it","pmpro-has-access"],"acf":[],"publishpress_future_action":{"enabled":false,"date":"2026-05-04 17:08:07","action":"change-status","newStatus":"draft","terms":[],"taxonomy":"category","extraData":[]},"publishpress_future_workflow_manual_trigger":{"enabledWorkflows":[]},"wpml_current_locale":"it_IT","wpml_translations":{"pt_PT":{"locale":"pt_PT","id":327200,"slug":"o-controlo-da-asma-e-e-continua-a-ser-o-objectivo-terapeutico-nao-negociavel","post_title":"O controlo da asma \u00e9 e continua a ser o objectivo terap\u00eautico n\u00e3o negoci\u00e1vel","href":"https:\/\/medizinonline.com\/pt-pt\/o-controlo-da-asma-e-e-continua-a-ser-o-objectivo-terapeutico-nao-negociavel\/"},"es_ES":{"locale":"es_ES","id":327204,"slug":"el-control-del-asma-es-y-sigue-siendo-el-objetivo-terapeutico-no-negociable","post_title":"El control del asma es y sigue siendo el objetivo terap\u00e9utico no negociable","href":"https:\/\/medizinonline.com\/es\/el-control-del-asma-es-y-sigue-siendo-el-objetivo-terapeutico-no-negociable\/"}},"_links":{"self":[{"href":"https:\/\/medizinonline.com\/it\/wp-json\/wp\/v2\/posts\/327192","targetHints":{"allow":["GET"]}}],"collection":[{"href":"https:\/\/medizinonline.com\/it\/wp-json\/wp\/v2\/posts"}],"about":[{"href":"https:\/\/medizinonline.com\/it\/wp-json\/wp\/v2\/types\/post"}],"author":[{"embeddable":true,"href":"https:\/\/medizinonline.com\/it\/wp-json\/wp\/v2\/users\/16"}],"replies":[{"embeddable":true,"href":"https:\/\/medizinonline.com\/it\/wp-json\/wp\/v2\/comments?post=327192"}],"version-history":[{"count":0,"href":"https:\/\/medizinonline.com\/it\/wp-json\/wp\/v2\/posts\/327192\/revisions"}],"wp:featuredmedia":[{"embeddable":true,"href":"https:\/\/medizinonline.com\/it\/wp-json\/wp\/v2\/media\/114443"}],"wp:attachment":[{"href":"https:\/\/medizinonline.com\/it\/wp-json\/wp\/v2\/media?parent=327192"}],"wp:term":[{"taxonomy":"category","embeddable":true,"href":"https:\/\/medizinonline.com\/it\/wp-json\/wp\/v2\/category?post=327192"},{"taxonomy":"post_tag","embeddable":true,"href":"https:\/\/medizinonline.com\/it\/wp-json\/wp\/v2\/tags?post=327192"},{"taxonomy":"powerkit_post_featured","embeddable":true,"href":"https:\/\/medizinonline.com\/it\/wp-json\/wp\/v2\/powerkit_post_featured?post=327192"}],"curies":[{"name":"wp","href":"https:\/\/api.w.org\/{rel}","templated":true}]}}