{"id":327649,"date":"2021-10-19T14:00:00","date_gmt":"2021-10-19T12:00:00","guid":{"rendered":"https:\/\/medizinonline.com\/miglioramento-degli-effetti-antivirali-attraverso-lupregolazione-del-recettore-della-vitamina-d\/"},"modified":"2021-10-19T14:00:00","modified_gmt":"2021-10-19T12:00:00","slug":"miglioramento-degli-effetti-antivirali-attraverso-lupregolazione-del-recettore-della-vitamina-d","status":"publish","type":"post","link":"https:\/\/medizinonline.com\/it\/miglioramento-degli-effetti-antivirali-attraverso-lupregolazione-del-recettore-della-vitamina-d\/","title":{"rendered":"Miglioramento degli effetti antivirali attraverso l&#8217;upregolazione del recettore della vitamina D"},"content":{"rendered":"<p><strong>Che gli estratti standardizzati delle radici di Pelargonium sidoides siano efficaci contro&nbsp;le infezioni delle vie respiratorie \u00e8 gi\u00e0 stato dimostrato empiricamente diverse volte. A livello cellulare, \u00e8 stato dimostrato che la difesa immunitaria contro i rinovirus viene aumentata provocando un&#8217;upregulation del recettore della vitamina D nelle cellule epiteliali bronchiali umane.<\/strong><\/p>\n<p> <!--more--> <\/p>\n<p>EPs\u00ae 7630 \u00e8 un estratto standardizzato ottenuto dalla radice di Pelargonium sidoides e ha dimostrato di ridurre la gravit\u00e0 delle infezioni virali del tratto respiratorio superiore. La vitamina D migliora anche la difesa antivirale, in parte attraverso percorsi di segnalazione simili. Il calcitriolo, la forma biologicamente attiva della vitamina D, viene trasportato alle cellule bersaglio, dove il suo effetto \u00e8 mediato dal recettore della vitamina D [1]. Il presente studio ha analizzato se EPs\u00ae 7630 modifica l&#8217;espressione e la funzione del recettore della vitamina D nelle cellule interessate [2].<\/p>\n<h2 id=\"eps-7630-aumenta-lespressione-del-recettore-della-vitamina-d-nel-tessuto-bronchiale\">EPs\u00ae 7630 aumenta l&#8217;espressione del recettore della vitamina D nel tessuto bronchiale<\/h2>\n<p>Le cellule epiteliali bronchiali sono state incubate con EPs\u00ae 7630 per 48 ore prima della stimolazione con il calcitriolo e\/o dell&#8217;infezione con il rhinovirus (RV)-16. L&#8217;espressione proteica \u00e8 stata determinata mediante analisi in western blot. La segnalazione intracellulare della pro-tein chinasi attivata dal mitogeno (MAPK) \u00e8 stata studiata utilizzando inibitori chimici. L&#8217;effetto antivirale \u00e8 stato valutato mediante immunofluorescenza per la proteina RV-16.<\/p>\n<p>Le cellule epiteliali trattate con EPs\u00ae 7630 hanno aumentato l&#8217;espressione del recettore della vitamina D in modo dipendente dalla concentrazione. La differenza rispetto alle cellule non trattate si \u00e8 rivelata significativa a partire da una concentrazione &gt;5&nbsp;\u03bcg\/mL di EPs\u00ae 7630 dopo 24&nbsp;h. Sulla base delle osservazioni precedenti, \u00e8 stato studiato il coinvolgimento delle MAPK nell&#8217;attivazione mediata da EPs\u00ae 7630 dell&#8217;espressione del recettore della vitamina D. Erk1\/2 MAPK si \u00e8 rivelata la principale proteina di segnalazione regolatrice dell&#8217;espressione del recettore della vitamina D indotta da EPs\u00ae 7630. Questo effetto \u00e8 probabilmente dovuto alle proantocianidine contenute in EPs\u00ae 7630 [3].<\/p>\n<p>Bloccando la via MAPK con inibitori chimici specifici, l&#8217;effetto stimolante di EPs\u00ae 7630 (10&nbsp;\u03bcg\/mL) sull&#8217;espressione del recettore della vitamina D \u00e8 stato ridotto in modo significativo e dipendente dalla concentrazione. Al contrario, n\u00e9 l&#8217;inibizione di p38 MAPK, n\u00e9 quella di Jun N-terminal kinase (JNK) da parte di SP600125 hanno avuto un effetto significativo sull&#8217;espressione del recettore della vitamina D indotta da EPs\u00ae 7630.<\/p>\n<h2 id=\"la-combinazione-di-eps-7630-e-calcitriolo-potenzia-la-difesa-contro-i-rinovirus\">La combinazione di EPs\u00ae 7630 e calcitriolo potenzia la difesa contro i rinovirus<\/h2>\n<p>EPs\u00ae 7630 non solo ha aumentato l&#8217;espressione del recettore della vitamina D in generale, ma ha anche indotto la sua traslocazione nel nucleo. Il calcitriolo ha aumentato significativamente il numero di cellule con il recettore nucleare della vitamina D; questo effetto \u00e8 stato incrementato da un ulteriore trattamento delle cellule con EPs\u00ae 7630 (10&nbsp;\u03bcg\/mL). In uno studio precedente, EPs\u00ae 7630 ha ridotto le infezioni delle cellule epiteliali causate da RV-16 [4]. Questa osservazione \u00e8 stata confermata dalla conta cellulare dei ceppi RV-positivi di cellule epiteliali bronchiali indifferenziate (BEAS-2-B). Anche il calcitriolo da solo ha provocato una riduzione dell&#8217;infezione RV in funzione della concentrazione nelle cellule BEAS-2B. La combinazione degli effetti inibitori di EPs\u00ae 7630 e del calcitriolo rispetto alle infezioni da RV-16 \u00e8 stata significativamente migliore rispetto al solo calcitriolo. Questo effetto si \u00e8 rivelato additivo piuttosto che sinergico.<\/p>\n<h2 id=\"che-ruolo-ha-lespressione-della-e-caderina\">Che ruolo ha l&#8217;espressione della E-caderina?<\/h2>\n<p>EPs\u00ae 7630 ha aumentato l&#8217;espressione di E-caderina in BEAS-2-B in modo dipendente dalla concentrazione per 24 ore, attraverso l&#8217;attivazione di Erk1\/2 MAPK. Ci\u00f2 \u00e8 coerente con le precedenti osservazioni sull&#8217;attivazione di Erk1\/2 MAPK indotta da EPs\u00ae 7630 in altri tipi di cellule [5]. Coerentemente con questi risultati, l&#8217;espressione di E-caderina in una linea cellulare epiteliale bronchiale umana \u00e8 stata soppressa dall&#8217;infezione da RV e ha portato alla transizione epitelio-mesenchimale [6]. Si pensa che questo meccanismo contribuisca all&#8217;ispessimento delle membrane basali tipico dell&#8217;asma. Esiste anche una correlazione tra l&#8217;espressione del recettore della vitamina D e l&#8217;espressione di E-caderina. Nelle cellule epiteliali bronchiali umane, la vitamina&nbsp;D ha aumentato l&#8217;espressione di E-caderina e quindi ha indotto la differenziazione cellulare [7].<\/p>\n<h2 id=\"\">&nbsp;<\/h2>\n<p><img fetchpriority=\"high\" decoding=\"async\" class=\" size-full wp-image-17365\" alt=\"\" src=\"https:\/\/medizinonline.com\/wp-content\/uploads\/2021\/10\/zusammenfassung_hp9_s45.png\" style=\"height:381px; width:400px\" width=\"770\" height=\"734\"><\/p>\n<h2 id=\"miglioramento-della-differenziazione-delle-cellule-epiteliali\">\nMiglioramento della differenziazione delle cellule epiteliali<\/h2>\n<p>L&#8217;aumento dell&#8217;espressione del recettore della vitamina D da parte di EPs\u00ae 7630 pu\u00f2 anche essere coinvolto nella maggiore differenziazione delle cellule epiteliali, aumentando la loro funzione di barriera e i meccanismi di difesa immunitaria. Questo corrisponde ai risultati precedenti, secondo cui i bassi livelli di vitamina D sono associati a un aumento della differenziazione e del rimodellamento epiteliale nei pazienti con BPCO [8].<\/p>\n<h2 id=\"conclusione-e-aubslick\">Conclusione e Aubslick<\/h2>\n<p>In sintesi, l&#8217;aumento dell&#8217;espressione di E-caderina indica che EPs\u00ae 7630 pu\u00f2 ridurre l&#8217;ispessimento della parete delle vie aeree durante l&#8217;infezione o l&#8217;infiammazione respiratoria. L&#8217;upregulation del recettore della vitamina D e la migliore risposta alla vitamina D nelle cellule trattate con EPs\u00ae 7630 supportano l&#8217;effetto antivirale. Sono necessari ulteriori studi per confermarlo, dicono gli autori.<\/p>\n<p>&nbsp;<\/p>\n<p>&nbsp;<\/p>\n<p>Letteratura:<\/p>\n<ol>\n<li>Baker AR, et al: Proc Natl Acad Sci U S A 1988; 85: 3294-3298.<\/li>\n<li>Roth M, Sun Q, Tamm M: Pharmaceuticals 2021; 14: 172.<\/li>\n<li>Wei J, et al: Int J Mol Med 2018; 41: 1608-1618,<\/li>\n<li>Roth, M, et al: PLoS ONE 2019, 14, e0210702.<\/li>\n<li>Witte K, et al: PLoS ONE 2015, 10, e0138075<\/li>\n<li>Faris AN, et al: Am J Respir Cell Mol Biol 2016; 55: 487-499.<\/li>\n<li>Sari E, et al: J Steroid BioChem Mol Biol 2020; 202: 105723.<\/li>\n<li>Fei J, et al: J Immunol 2019; 203, 1428-1435.<\/li>\n<\/ol>\n<p>&nbsp;<\/p>\n<p><em>PRATICA GP 2021; 16(9): 45<\/em><\/p>\n","protected":false},"excerpt":{"rendered":"<p>Che gli estratti standardizzati delle radici di Pelargonium sidoides siano efficaci contro&nbsp;le infezioni delle vie respiratorie \u00e8 gi\u00e0 stato dimostrato empiricamente diverse volte. A livello cellulare, \u00e8 stato dimostrato che&hellip;<\/p>\n","protected":false},"author":7,"featured_media":111858,"comment_status":"closed","ping_status":"","sticky":false,"template":"","format":"standard","meta":{"_acf_changed":false,"pmpro_default_level":"","cat_1_feature_home_top":false,"cat_2_editor_pick":false,"csco_eyebrow_text":"Pelargonium sidoides","footnotes":""},"category":[11519,11415,11306,11550,11515],"tags":[18285,13169],"powerkit_post_featured":[],"class_list":["post-327649","post","type-post","status-publish","format-standard","has-post-thumbnail","category-formazione-continua","category-infettivologia","category-medicina-interna-generale","category-rx-it","category-studi","tag-pelargonium-sidoides-it","tag-vitamina-d-it","pmpro-has-access"],"acf":[],"publishpress_future_action":{"enabled":false,"date":"2026-05-09 08:26:33","action":"change-status","newStatus":"draft","terms":[],"taxonomy":"category","extraData":[]},"publishpress_future_workflow_manual_trigger":{"enabledWorkflows":[]},"wpml_current_locale":"it_IT","wpml_translations":{"pt_PT":{"locale":"pt_PT","id":327653,"slug":"melhoria-dos-efeitos-antivirais-atraves-da-upregulacao-do-receptor-de-vitamina-d","post_title":"Melhoria dos efeitos antivirais atrav\u00e9s da upregula\u00e7\u00e3o do receptor de vitamina D","href":"https:\/\/medizinonline.com\/pt-pt\/melhoria-dos-efeitos-antivirais-atraves-da-upregulacao-do-receptor-de-vitamina-d\/"},"es_ES":{"locale":"es_ES","id":327636,"slug":"mejora-de-los-efectos-antivirales-mediante-la-regulacion-del-receptor-de-la-vitamina-d","post_title":"Mejora de los efectos antivirales mediante la regulaci\u00f3n del receptor de la vitamina D","href":"https:\/\/medizinonline.com\/es\/mejora-de-los-efectos-antivirales-mediante-la-regulacion-del-receptor-de-la-vitamina-d\/"}},"_links":{"self":[{"href":"https:\/\/medizinonline.com\/it\/wp-json\/wp\/v2\/posts\/327649","targetHints":{"allow":["GET"]}}],"collection":[{"href":"https:\/\/medizinonline.com\/it\/wp-json\/wp\/v2\/posts"}],"about":[{"href":"https:\/\/medizinonline.com\/it\/wp-json\/wp\/v2\/types\/post"}],"author":[{"embeddable":true,"href":"https:\/\/medizinonline.com\/it\/wp-json\/wp\/v2\/users\/7"}],"replies":[{"embeddable":true,"href":"https:\/\/medizinonline.com\/it\/wp-json\/wp\/v2\/comments?post=327649"}],"version-history":[{"count":0,"href":"https:\/\/medizinonline.com\/it\/wp-json\/wp\/v2\/posts\/327649\/revisions"}],"wp:featuredmedia":[{"embeddable":true,"href":"https:\/\/medizinonline.com\/it\/wp-json\/wp\/v2\/media\/111858"}],"wp:attachment":[{"href":"https:\/\/medizinonline.com\/it\/wp-json\/wp\/v2\/media?parent=327649"}],"wp:term":[{"taxonomy":"category","embeddable":true,"href":"https:\/\/medizinonline.com\/it\/wp-json\/wp\/v2\/category?post=327649"},{"taxonomy":"post_tag","embeddable":true,"href":"https:\/\/medizinonline.com\/it\/wp-json\/wp\/v2\/tags?post=327649"},{"taxonomy":"powerkit_post_featured","embeddable":true,"href":"https:\/\/medizinonline.com\/it\/wp-json\/wp\/v2\/powerkit_post_featured?post=327649"}],"curies":[{"name":"wp","href":"https:\/\/api.w.org\/{rel}","templated":true}]}}