{"id":327800,"date":"2021-10-03T01:00:00","date_gmt":"2021-10-02T23:00:00","guid":{"rendered":"https:\/\/medizinonline.com\/ancora-smemorato-o-gia-demente-un-trattamento-efficace-fin-dallinizio\/"},"modified":"2021-10-03T01:00:00","modified_gmt":"2021-10-02T23:00:00","slug":"ancora-smemorato-o-gia-demente-un-trattamento-efficace-fin-dallinizio","status":"publish","type":"post","link":"https:\/\/medizinonline.com\/it\/ancora-smemorato-o-gia-demente-un-trattamento-efficace-fin-dallinizio\/","title":{"rendered":"Ancora smemorato o gi\u00e0 demente? Un trattamento efficace fin dall&#8217;inizio"},"content":{"rendered":"<p><strong>I primi segni di demenza spesso non vengono riconosciuti perch\u00e9 i cambiamenti nel cervello avvengono gradualmente. Spesso, un episodio depressivo maschera anche i disturbi reali. Tuttavia, per mantenere le prestazioni della memoria il pi\u00f9 a lungo possibile e quindi stabilizzare anche le funzioni quotidiane, \u00e8 necessaria una diagnosi precoce &#8211; in modo che la gestione del trattamento possa avere effetto in tempo utile.<\/strong><\/p>\n<p> <!--more--> <\/p>\n<p>Quando viene fatta una diagnosi di <em>demenza<\/em>, inizialmente \u00e8 uno shock &#8211; per tutti i soggetti coinvolti. Perch\u00e9 alla fine, nessuno sa dove porter\u00e0 il viaggio. Inoltre, esiste uno stretto legame con la depressione, per cui non \u00e8 chiaro se la depressione sia un fattore di rischio per la demenza, forse anche un sintomo prodromico, o se la depressione debba piuttosto essere vista come una conseguenza della demenza. Diversi studi hanno cercato di trovare risposte a queste domande. Uno studio di follow-up su un periodo di 28 anni \u00e8 giunto alla conclusione che gli episodi depressivi che si sono verificati in una fase iniziale dello studio non hanno aumentato il rischio di demenza, ha riferito Irene Bopp-Kistler, MD, Zurigo. Tuttavia, la depressione come sintomo prodromico della demenza non dovrebbe essere trascurata nella pratica quotidiana &#8211; anche se la diagnosi differenziale \u00e8 difficile, soprattutto nel caso della svogliatezza. Pertanto, l&#8217;anamnesi \u00e8 di fondamentale importanza, dice l&#8217;esperto.<\/p>\n<p>&nbsp;<\/p>\n<p><img fetchpriority=\"high\" decoding=\"async\" class=\" size-full wp-image-17138\" alt=\"\" src=\"https:\/\/medizinonline.com\/wp-content\/uploads\/2021\/10\/ubersicht1_np4_s30.png\" style=\"height:310px; width:400px\" width=\"725\" height=\"562\"><\/p>\n<p>&nbsp;<\/p>\n<h2 id=\"modi-per-trovare-una-diagnosi\">Modi per trovare una diagnosi<\/h2>\n<p>Oltre a un disturbo cognitivo soggettivo, che tuttavia non deve sempre rappresentare un rischio di demenza, i cambiamenti comportamentali e i problemi nelle Attivit\u00e0 Avanzate della Vita Quotidiana (AADL) possono fornire indicazioni iniziali. Inoltre, ci sono segnalazioni di un calo delle funzioni giornaliere strumentate (IDAL). Questo include, ad esempio, gestire le finanze, fare la spesa, cucinare, percepire gli eventi della giornata, leggere, percepire gli appuntamenti, prendere i farmaci o viaggiare con i mezzi pubblici. Nel decorso successivo, si verificano anche problemi con le attivit\u00e0 di base della vita quotidiana (BADL) <span style=\"font-family:franklin gothic demi\">(panoramica&nbsp;1)<\/span>. Le prime impressioni dovrebbero poi essere integrate da un sondaggio BrainCheck o IQCODE. Inoltre, si raccomanda la valutazione cognitiva di Montreal (MoCA). L&#8217;MMSE, invece, non \u00e8 abbastanza sensibile per il rilevamento delle fasi iniziali, ha spiegato l&#8217;esperto. Questo dovrebbe poi essere integrato dal test dell&#8217;orologio. In Svizzera, viene comunemente utilizzato anche il DemTect. Nel caso di un esame aggiuntivo mediante imaging, si deve eseguire un protocollo di demenza, cio\u00e8 un imaging speciale delle strutture mesiotemporali (<span style=\"font-family:franklin gothic demi\"> Fig.&nbsp;1) <\/span>.  <\/p>\n<p>&nbsp;<\/p>\n<p><img decoding=\"async\" class=\"size-full wp-image-17139 lazyload\" alt=\"\" data-src=\"https:\/\/medizinonline.com\/wp-content\/uploads\/2021\/10\/abb1_np4_s30.png\" style=\"--smush-placeholder-width: 1100px; --smush-placeholder-aspect-ratio: 1100\/1059;height:578px; width:600px\" width=\"1100\" height=\"1059\" data-srcset=\"https:\/\/medizinonline.com\/wp-content\/uploads\/2021\/10\/abb1_np4_s30.png 1100w, https:\/\/medizinonline.com\/wp-content\/uploads\/2021\/10\/abb1_np4_s30-800x770.png 800w, https:\/\/medizinonline.com\/wp-content\/uploads\/2021\/10\/abb1_np4_s30-120x116.png 120w, https:\/\/medizinonline.com\/wp-content\/uploads\/2021\/10\/abb1_np4_s30-90x87.png 90w, https:\/\/medizinonline.com\/wp-content\/uploads\/2021\/10\/abb1_np4_s30-320x308.png 320w, https:\/\/medizinonline.com\/wp-content\/uploads\/2021\/10\/abb1_np4_s30-560x539.png 560w\" data-sizes=\"(max-width: 1100px) 100vw, 1100px\" src=\"data:image\/svg+xml;base64,PHN2ZyB3aWR0aD0iMSIgaGVpZ2h0PSIxIiB4bWxucz0iaHR0cDovL3d3dy53My5vcmcvMjAwMC9zdmciPjwvc3ZnPg==\" \/><\/p>\n<p>&nbsp;<\/p>\n<p>La gravit\u00e0 della demenza dipende in ultima analisi dalle funzioni quotidiane. La demenza lieve \u00e8 quando le abilit\u00e0 strumentali diminuiscono, la demenza moderata \u00e8 quando ci sono problemi con la BADL, come mangiare o vestirsi, e la demenza grave \u00e8 quando il paziente \u00e8 completamente dipendente da un aiuto esterno.<\/p>\n<h2 id=\"pericolo-riconosciuto-pericolo-scongiurato-o-almeno-ritardato\">Pericolo riconosciuto, pericolo scongiurato &#8211; o almeno ritardato<\/h2>\n<p>Una diagnosi tempestiva \u00e8 di grande importanza, in quanto si possono evitare i conflitti nella relazione e nella famiglia, si pu\u00f2 costruire una migliore comprensione dei problemi e si possono prendere decisioni tempestive sul futuro. Questi includono i desideri in materia di assistenza, un testamento biologico ma anche la regolamentazione delle finanze. Inoltre, la diagnosi precoce apre la strada a una gestione completa del trattamento. Questo spesso consente alle persone colpite un periodo di tempo pi\u00f9 lungo in cui possono ancora vivere in modo indipendente. Le diverse misure mirano a migliorare o a stabilizzare almeno parzialmente i sintomi e le abilit\u00e0 quotidiane. La terapia si basa su tre pilastri: trattamento delle cause rimediabili, come la carenza di vitamine o l&#8217;ipotiroidismo, interventi non farmacologici, come l&#8217;allenamento delle prestazioni cerebrali o la terapia occupazionale, e interventi farmacologici. Ad oggi, ci sono solo pochi farmaci approvati per trattare i sintomi principali della demenza. Nel caso della demenza di Alzheimer, si utilizzano soprattutto farmaci anti-demenza. Questi possono alleviare i disturbi della memoria e quindi contribuire a migliorare la capacit\u00e0 di affrontare la vita quotidiana. Gli inibitori della colinesterasi sono utilizzati per la demenza di Alzheimer da lieve a moderata e inibiscono la scomposizione dell&#8217;acetilcolina. Per la malattia da moderata a grave \u00e8 disponibile un antagonista del glutammato. Contrasta il rilascio eccessivo di glutammato. I preparati erboristici a base di ginkgo biloba svolgono un ruolo speciale. Favoriscono la circolazione sanguigna nel cervello e possono supportare l&#8217;Alzheimer lieve o la demenza vascolare, cos\u00ec come le forme miste.<\/p>\n<p>\n<em>Congresso:&nbsp;Aggiornamento del FomF<\/em><\/p>\n<p>&nbsp;<\/p>\n<p>Fonte:<\/p>\n<ol>\n<li>B\u00fcrge M, et al: Praxis 2018; 107:435-451.<\/li>\n<\/ol>\n<p>&nbsp;<\/p>\n<p><em>InFo NEUROLOGIA &amp; PSICHIATRIA 2021; 19(4): 30-31 (pubblicato il 21\/8, prima della stampa).<\/em><\/p>\n","protected":false},"excerpt":{"rendered":"<p>I primi segni di demenza spesso non vengono riconosciuti perch\u00e9 i cambiamenti nel cervello avvengono gradualmente. Spesso, un episodio depressivo maschera anche i disturbi reali. Tuttavia, per mantenere le prestazioni&hellip;<\/p>\n","protected":false},"author":7,"featured_media":111043,"comment_status":"closed","ping_status":"","sticky":false,"template":"","format":"standard","meta":{"_acf_changed":false,"pmpro_default_level":"","cat_1_feature_home_top":false,"cat_2_editor_pick":false,"csco_eyebrow_text":"Demenza","footnotes":""},"category":[11355,11371,11479,11522,11550,11515],"tags":[12131,14677,19331],"powerkit_post_featured":[],"class_list":["post-327800","post","type-post","status-publish","format-standard","has-post-thumbnail","category-geriatria-it","category-neurologia-it","category-psichiatria-e-psicoterapia","category-rapporti-del-congresso","category-rx-it","category-studi","tag-demenza","tag-depressione","tag-dimenticanza","pmpro-has-access"],"acf":[],"publishpress_future_action":{"enabled":false,"date":"2026-05-04 18:01:12","action":"change-status","newStatus":"draft","terms":[],"taxonomy":"category","extraData":[]},"publishpress_future_workflow_manual_trigger":{"enabledWorkflows":[]},"wpml_current_locale":"it_IT","wpml_translations":{"pt_PT":{"locale":"pt_PT","id":327816,"slug":"ainda-esquecido-ou-ja-demente-tratamento-eficaz-desde-o-inicio","post_title":"Ainda esquecido ou j\u00e1 demente? Tratamento eficaz desde o in\u00edcio","href":"https:\/\/medizinonline.com\/pt-pt\/ainda-esquecido-ou-ja-demente-tratamento-eficaz-desde-o-inicio\/"},"es_ES":{"locale":"es_ES","id":327821,"slug":"todavia-olvidadizo-o-ya-demente-tratamiento-eficaz-desde-el-principio","post_title":"\u00bfTodav\u00eda olvidadizo o ya demente? Tratamiento eficaz desde el principio","href":"https:\/\/medizinonline.com\/es\/todavia-olvidadizo-o-ya-demente-tratamiento-eficaz-desde-el-principio\/"}},"_links":{"self":[{"href":"https:\/\/medizinonline.com\/it\/wp-json\/wp\/v2\/posts\/327800","targetHints":{"allow":["GET"]}}],"collection":[{"href":"https:\/\/medizinonline.com\/it\/wp-json\/wp\/v2\/posts"}],"about":[{"href":"https:\/\/medizinonline.com\/it\/wp-json\/wp\/v2\/types\/post"}],"author":[{"embeddable":true,"href":"https:\/\/medizinonline.com\/it\/wp-json\/wp\/v2\/users\/7"}],"replies":[{"embeddable":true,"href":"https:\/\/medizinonline.com\/it\/wp-json\/wp\/v2\/comments?post=327800"}],"version-history":[{"count":0,"href":"https:\/\/medizinonline.com\/it\/wp-json\/wp\/v2\/posts\/327800\/revisions"}],"wp:featuredmedia":[{"embeddable":true,"href":"https:\/\/medizinonline.com\/it\/wp-json\/wp\/v2\/media\/111043"}],"wp:attachment":[{"href":"https:\/\/medizinonline.com\/it\/wp-json\/wp\/v2\/media?parent=327800"}],"wp:term":[{"taxonomy":"category","embeddable":true,"href":"https:\/\/medizinonline.com\/it\/wp-json\/wp\/v2\/category?post=327800"},{"taxonomy":"post_tag","embeddable":true,"href":"https:\/\/medizinonline.com\/it\/wp-json\/wp\/v2\/tags?post=327800"},{"taxonomy":"powerkit_post_featured","embeddable":true,"href":"https:\/\/medizinonline.com\/it\/wp-json\/wp\/v2\/powerkit_post_featured?post=327800"}],"curies":[{"name":"wp","href":"https:\/\/api.w.org\/{rel}","templated":true}]}}