{"id":328874,"date":"2021-06-05T02:00:00","date_gmt":"2021-06-05T00:00:00","guid":{"rendered":"https:\/\/medizinonline.com\/motivo-comune-per-una-visita-dal-medico\/"},"modified":"2021-06-05T02:00:00","modified_gmt":"2021-06-05T00:00:00","slug":"motivo-comune-per-una-visita-dal-medico","status":"publish","type":"post","link":"https:\/\/medizinonline.com\/it\/motivo-comune-per-una-visita-dal-medico\/","title":{"rendered":"Motivo comune per una visita dal medico"},"content":{"rendered":"<p><strong>La tosse pu\u00f2 essere sia un sintomo di una malattia di base che una malattia a s\u00e9 stante. Nella maggior parte dei casi, le banali infezioni respiratorie&nbsp;scatenano i disturbi, che possono essere trattati in modo sintomatico. Ma anche un&#8217;infezione da coronavirus o un&#8217;altra malattia grave sono possibili cause. Se sono presenti &#8220;bandiere rosse&#8221; e se i sintomi della tosse persistono per pi\u00f9 di otto settimane, sono necessarie ulteriori indagini.<\/strong><\/p>\n<p> <!--more--> <\/p>\n<p>La tosse \u00e8 un sintomo comune delle infezioni virali, ma anche delle malattie dei polmoni, dei bronchi e delle vie respiratorie superiori, come il cancro ai polmoni o la broncopneumopatia cronica ostruttiva (BPCO). Con una prevalenza del 9-33% nella popolazione generale, la tosse \u00e8 un motivo comune di visita medica e negli Stati Uniti \u00e8 la pi\u00f9 comune in assoluto [1,2]. &#8220;La tosse viene classificata in base alla durata del sintomo&#8221;, spiega il PD Dr. med. Tsogyal Daniela Latshang, primario di Pneumologia\/Medicina del sonno, Ospedale cantonale dei Grigioni&nbsp;[1]. Una durata dei sintomi fino a 3&nbsp;settimane \u00e8 chiamata tosse acuta, da 3&nbsp;a 8&nbsp;settimane \u00e8 chiamata tosse subacuta e oltre 8&nbsp;settimane \u00e8 chiamata tosse cronica. L&#8217;intensit\u00e0 e la frequenza del sintomo tosse sono soggette a forti variazioni interindividuali.<\/p>\n<h2 id=\"il-raffreddore-comune-come-causa-frequente-di-tosse-acuta\">Il &#8220;raffreddore comune&#8221; come causa frequente di tosse acuta.<\/h2>\n<p>La causa di gran lunga pi\u00f9 comune di tosse acuta \u00e8 un&#8217;infezione virale <span style=\"font-family:franklin gothic demi\">(Tab. 1)<\/span>. Spesso l&#8217;agente causale \u00e8 un virus influenzale&nbsp;A o&nbsp;B (influenza) con infezione simultanea o precedente del tratto respiratorio superiore: rinite, sinusite, faringite, laringite. Il decorso spontaneo della bronchite acuta non complicata dura in media 2-3 settimane. Tuttavia, dopo un&#8217;infezione da micoplasma o adenovirus, nella pertosse, nello sviluppo di iperreattivit\u00e0 bronchiale o nella guarigione ritardata di una sinusite acuta, la tosse pu\u00f2 durare fino a 8 settimane. In una forma innocua di tosse acuta e subacuta, l&#8217;anamnesi e l&#8217;esame fisico sono di solito sufficienti. Per&nbsp;escludere l&#8217;infezione da SARS-CoV-2, si raccomanda una radiografia del torace e un tampone nasofaringeo con reazione a catena della polimerasi (PCR) due volte negativo [3].<\/p>\n<p>&nbsp;<\/p>\n<p><img fetchpriority=\"high\" decoding=\"async\" class=\" size-full wp-image-16432\" alt=\"\" src=\"https:\/\/medizinonline.com\/wp-content\/uploads\/2021\/06\/tab1_hp5_s44_0.png\" style=\"height:308px; width:600px\" width=\"1100\" height=\"564\" srcset=\"https:\/\/medizinonline.com\/wp-content\/uploads\/2021\/06\/tab1_hp5_s44_0.png 1100w, https:\/\/medizinonline.com\/wp-content\/uploads\/2021\/06\/tab1_hp5_s44_0-800x410.png 800w, https:\/\/medizinonline.com\/wp-content\/uploads\/2021\/06\/tab1_hp5_s44_0-120x62.png 120w, https:\/\/medizinonline.com\/wp-content\/uploads\/2021\/06\/tab1_hp5_s44_0-90x46.png 90w, https:\/\/medizinonline.com\/wp-content\/uploads\/2021\/06\/tab1_hp5_s44_0-320x164.png 320w, https:\/\/medizinonline.com\/wp-content\/uploads\/2021\/06\/tab1_hp5_s44_0-560x287.png 560w\" sizes=\"(max-width: 1100px) 100vw, 1100px\" \/><\/p>\n<p>&nbsp;<\/p>\n<h2 id=\"trattamento-sintomatico-per-alleviare-i-sintomi\">Trattamento sintomatico per alleviare i sintomi<\/h2>\n<p>La tosse con il raffreddore \u00e8 batterica solo nel 3-5% dei casi; la stragrande maggioranza \u00e8 virale. Il trattamento antibiotico della bronchite acuta \u00e8 generalmente sconsigliato [2]. I sintomi della tosse virale sono spesso autolimitanti in persone altrimenti sane, ma il trattamento sintomatico pu\u00f2 essere utile per ridurre il disagio <span style=\"font-family:franklin gothic demi\">(Fig. 1)<\/span>. La tosse da raffreddore \u00e8 spesso accompagnata da un&#8217;eccessiva produzione di muco. La N-acetilcisteina \u00e8 una sostanza con effetto espettorante, contenuta nel preparato Solmucalm\u00ae, tra gli altri, in combinazione con l&#8217;antistaminico clorfenamina [6]. Come ulteriori sostanze secretolitiche e mucolitiche caratterizzate da un effetto polivalente (antinfiammatorio, antiossidante, anestetico locale, antivirale) e adatte per un trattamento a breve termine, il Dr. Latshang cita i principi attivi destrometorfano (per esempio Pretuval<sup>\u00ae<\/sup>, Bexin<sup>\u00ae<\/sup>, Irotussina<sup>\u00ae<\/sup>, efedrina<sup>\u00ae<\/sup>, Pulmofor<sup>\u00ae<\/sup>), codeina (ad esempio codeina Knoll<sup>\u00ae<\/sup>, Codicalm<sup>\u00ae<\/sup>, Resyl plus<sup>\u00ae<\/sup>, Tossamina<sup>\u00ae<\/sup>), diidrocodeina (per esempio Codicontin\u00ae, Paracodin\u00ae) o guaifenesina (per esempio Resyl\u00ae) o il fitoterapico Pelargonium sidoides  [1,6]. Il trattamento sintomatico pu\u00f2 alleviare il disagio e stimolare i poteri di auto-guarigione. Non esiste una terapia basata sull&#8217;evidenza per il trattamento della tosse subacuta<span style=\"font-family:franklin gothic demi\"> (tab.&nbsp;2)<\/span>; i farmaci efficaci per la tosse acuta possono essere utilizzati&nbsp;[2].<\/p>\n<p>&nbsp;<\/p>\n<p><img decoding=\"async\" class=\"size-full wp-image-16433 lazyload\" alt=\"\" data-src=\"https:\/\/medizinonline.com\/wp-content\/uploads\/2021\/06\/abb1_hp5_s45.png\" style=\"--smush-placeholder-width: 1100px; --smush-placeholder-aspect-ratio: 1100\/869;height:474px; width:600px\" width=\"1100\" height=\"869\" src=\"data:image\/svg+xml;base64,PHN2ZyB3aWR0aD0iMSIgaGVpZ2h0PSIxIiB4bWxucz0iaHR0cDovL3d3dy53My5vcmcvMjAwMC9zdmciPjwvc3ZnPg==\"><\/p>\n<p>&nbsp;<\/p>\n<p><img decoding=\"async\" class=\"size-full wp-image-16434 lazyload\" alt=\"\" data-src=\"https:\/\/medizinonline.com\/wp-content\/uploads\/2021\/06\/tab2_hp5_s45.png\" style=\"--smush-placeholder-width: 1100px; --smush-placeholder-aspect-ratio: 1100\/434;height:237px; width:600px\" width=\"1100\" height=\"434\" src=\"data:image\/svg+xml;base64,PHN2ZyB3aWR0aD0iMSIgaGVpZ2h0PSIxIiB4bWxucz0iaHR0cDovL3d3dy53My5vcmcvMjAwMC9zdmciPjwvc3ZnPg==\"><\/p>\n<p>&nbsp;<\/p>\n<h2 id=\"cosa-bisogna-considerare-quando-si-monitorano-i-sintomi-della-tosse\">Cosa bisogna considerare quando si monitorano i sintomi della tosse?<\/h2>\n<p>In quali casi sono indicati ulteriori chiarimenti sulla tosse acuta e subacuta? Se sono presenti alcuni segnali di allarme, possono essere richiesti esami e, se necessario, il ricovero in ospedale. Questi includono sintomi come dispnea, emottisi, febbre alta o tachicardia <span style=\"font-family:franklin gothic demi\">(panoramica 1) <\/span>. Ma \u00e8 consigliabile un ulteriore chiarimento anche nei pazienti multimorbidi, immunosoppressi, senza fissa dimora e anziani. Se i sintomi della tosse persistono per un periodo di 8&nbsp;settimane, si raccomanda di effettuare immediatamente una radiografia del torace in due piani e un esame della funzionalit\u00e0 polmonare, in modo da non trascurare una malattia grave [2].<\/p>\n<h2 id=\"\">&nbsp;<\/h2>\n<h2 id=\"-2\"><img decoding=\"async\" class=\"size-full wp-image-16435 lazyload\" alt=\"\" data-src=\"https:\/\/medizinonline.com\/wp-content\/uploads\/2021\/06\/ubersicht1_hp5_s45.png\" style=\"--smush-placeholder-width: 711px; --smush-placeholder-aspect-ratio: 711\/823;height:463px; width:400px\" width=\"711\" height=\"823\" src=\"data:image\/svg+xml;base64,PHN2ZyB3aWR0aD0iMSIgaGVpZ2h0PSIxIiB4bWxucz0iaHR0cDovL3d3dy53My5vcmcvMjAwMC9zdmciPjwvc3ZnPg==\"><\/h2>\n<h2 id=\"-3\">&nbsp;<\/h2>\n<h2 id=\"quali-sono-le-possibili-cause-della-tosse-cronica\">Quali sono le possibili cause&nbsp;della tosse cronica?<\/h2>\n<p>Oltre alle malattie delle vie respiratorie o dei polmoni, come la bronchite, l&#8217;asma o la BPCO, anche i fattori extrapolmonari sono possibili cause di tosse cronica. Questi includono la malattia da reflusso gastro-esofageo (GERD) o alcuni farmaci che inducono la tosse (ad esempio, gli ACE-inibitori). Una panoramica di altri farmaci che inducono la tosse \u00e8 disponibile su www.pneumotox.com. Tuttavia, devono essere prese in considerazione anche le malattie cardiache e, in casi rari, le cause neuromuscolari [1]. La tosse cronica idiopatica pu\u00f2 essere diagnosticata per esclusione e trattata in base a ci\u00f2 [4]. Da qualche anno, si attribuisce maggiore importanza alla sensibilit\u00e0 del riflesso della tosse. Oggi si presume che la tosse cronica idiopatica e cronica refrattaria possa essere ricondotta a un&#8217;ipersensibilit\u00e0 del riflesso della tosse, che \u00e8 di origine neuropatica e pu\u00f2 essere trattata di conseguenza, spiega il dottor Latshang [1]. Ad esempio, vengono utilizzati i principi attivi gabapentin e pregabalin.<\/p>\n<p>\n<em>Congresso:&nbsp;Congresso Medico Davos 2021<\/em><\/p>\n<p>&nbsp;<\/p>\n<p>Letteratura:<\/p>\n<ol>\n<li>PD Tsogyal Daniela Latshang, MD. Tosse:&nbsp;Cosa deve sapere il medico. Congresso medico Davos, 08.-12.03.2021.<\/li>\n<li>Kardos P: Tosse acuta e cronica: ci sono novit\u00e0? Pneumologe (Berl) 2020 Oct 9: 1-9.<\/li>\n<li>Ar\u00e9valo Ruales K, et al: Tosse nei tempi della corona.&nbsp;Z Rheumatol 2021; 80: 270-273.<\/li>\n<li>Kardos P, et al: Linea guida S2k della Societ\u00e0 tedesca di pneumologia e medicina respiratoria sulla diagnosi e il trattamento dei pazienti adulti con tosse, 2019. Registro AWMF n.: 020-003.&nbsp;www.awmf.org, (ultimo accesso 21.04.2021).<\/li>\n<li>Kardos P, et al: Linee guida della Societ\u00e0 Respiratoria Tedesca per la diagnosi e il trattamento degli adulti affetti da tosse acuta, subacuta e cronica. Respir Med 2020; 170: 105939.<\/li>\n<li>Swissmedicinfo, www.swissmedicinfo.ch, (ultimo accesso 21.04.2021)<\/li>\n<\/ol>\n<p>&nbsp;<\/p>\n<p><em>HAUSARZT PRAXIS 2021; 16(5): 44-45 (pubblicato il 5.5.21, prima della stampa).<\/em><\/p>\n","protected":false},"excerpt":{"rendered":"<p>La tosse pu\u00f2 essere sia un sintomo di una malattia di base che una malattia a s\u00e9 stante. Nella maggior parte dei casi, le banali infezioni respiratorie&nbsp;scatenano i disturbi, che&hellip;<\/p>\n","protected":false},"author":7,"featured_media":108014,"comment_status":"closed","ping_status":"","sticky":false,"template":"","format":"standard","meta":{"_acf_changed":false,"pmpro_default_level":"","cat_1_feature_home_top":false,"cat_2_editor_pick":false,"csco_eyebrow_text":"Tosse","footnotes":""},"category":[11415,11306,11522,11550],"tags":[13755],"powerkit_post_featured":[],"class_list":["post-328874","post","type-post","status-publish","format-standard","has-post-thumbnail","category-infettivologia","category-medicina-interna-generale","category-rapporti-del-congresso","category-rx-it","tag-tosse","pmpro-has-access"],"acf":[],"publishpress_future_action":{"enabled":false,"date":"2026-05-03 07:47:26","action":"change-status","newStatus":"draft","terms":[],"taxonomy":"category","extraData":[]},"publishpress_future_workflow_manual_trigger":{"enabledWorkflows":[]},"wpml_current_locale":"it_IT","wpml_translations":{"pt_PT":{"locale":"pt_PT","id":328879,"slug":"razao-comum-para-uma-visita-ao-medico","post_title":"Raz\u00e3o comum para uma visita ao m\u00e9dico","href":"https:\/\/medizinonline.com\/pt-pt\/razao-comum-para-uma-visita-ao-medico\/"},"es_ES":{"locale":"es_ES","id":328885,"slug":"motivo-habitual-de-visita-al-medico","post_title":"Motivo habitual de visita al m\u00e9dico","href":"https:\/\/medizinonline.com\/es\/motivo-habitual-de-visita-al-medico\/"}},"_links":{"self":[{"href":"https:\/\/medizinonline.com\/it\/wp-json\/wp\/v2\/posts\/328874","targetHints":{"allow":["GET"]}}],"collection":[{"href":"https:\/\/medizinonline.com\/it\/wp-json\/wp\/v2\/posts"}],"about":[{"href":"https:\/\/medizinonline.com\/it\/wp-json\/wp\/v2\/types\/post"}],"author":[{"embeddable":true,"href":"https:\/\/medizinonline.com\/it\/wp-json\/wp\/v2\/users\/7"}],"replies":[{"embeddable":true,"href":"https:\/\/medizinonline.com\/it\/wp-json\/wp\/v2\/comments?post=328874"}],"version-history":[{"count":0,"href":"https:\/\/medizinonline.com\/it\/wp-json\/wp\/v2\/posts\/328874\/revisions"}],"wp:featuredmedia":[{"embeddable":true,"href":"https:\/\/medizinonline.com\/it\/wp-json\/wp\/v2\/media\/108014"}],"wp:attachment":[{"href":"https:\/\/medizinonline.com\/it\/wp-json\/wp\/v2\/media?parent=328874"}],"wp:term":[{"taxonomy":"category","embeddable":true,"href":"https:\/\/medizinonline.com\/it\/wp-json\/wp\/v2\/category?post=328874"},{"taxonomy":"post_tag","embeddable":true,"href":"https:\/\/medizinonline.com\/it\/wp-json\/wp\/v2\/tags?post=328874"},{"taxonomy":"powerkit_post_featured","embeddable":true,"href":"https:\/\/medizinonline.com\/it\/wp-json\/wp\/v2\/powerkit_post_featured?post=328874"}],"curies":[{"name":"wp","href":"https:\/\/api.w.org\/{rel}","templated":true}]}}