{"id":329224,"date":"2021-04-28T09:27:17","date_gmt":"2021-04-28T07:27:17","guid":{"rendered":"https:\/\/medizinonline.com\/diabete-di-tipo-2-e-cuore\/"},"modified":"2023-01-11T13:01:44","modified_gmt":"2023-01-11T12:01:44","slug":"diabete-di-tipo-2-e-cuore","status":"publish","type":"post","link":"https:\/\/medizinonline.com\/it\/diabete-di-tipo-2-e-cuore\/","title":{"rendered":"Diabete di tipo 2 e cuore"},"content":{"rendered":"\n<p>Il diabete mellito di tipo 2 e le malattie cardiovascolari sono strettamente collegate. Quindi, il diabete non solo \u00e8 uno dei fattori di rischio cardiovascolare pi\u00f9 importanti, ma aumenta anche la morbilit\u00e0 e la mortalit\u00e0 delle persone colpite. In questa formazione, vengono riassunti i risultati attuali su questo tema e vengono evidenziate le conseguenze pratiche delle nuove raccomandazioni terapeutiche sulla base di due casi di studio.<\/p>\n\n<!--more-->\n\n<p>I dati degli studi degli ultimi anni hanno chiarito l&#8217;enorme misura in cui il diabete mellito di tipo 2 promuove lo sviluppo di malattie cardiovascolari. Inoltre, \u00e8 emerso chiaramente che alcune classi di farmaci hanno un&#8217;influenza diretta sulla riduzione del rischio cardiovascolare nei pazienti con diabete. Per questo motivo, le raccomandazioni della Societ\u00e0 Svizzera di Endocrinologia e Diabetologia (SGED) sono state adattate lo scorso anno. Per saperne di pi\u00f9 sugli studi in questione e sulle innovazioni cardiovascolari, cliccare qui: <em>\n  <strong>\n    <a href=\"https:\/\/www.medizinonline.com\/artikel\/neue-studien-und-neue-empfehlungen\">Focus su diabete e cuore: nuovi studi e nuove raccomandazioni<\/a>\n  <\/strong>\n<\/em><\/p>\n\n<p>Per un approfondimento pratico dell&#8217;argomento, pu\u00f2 guardare due casi di pazienti in formato video qui sotto.<\/p>\n\n<p>Il Prof. Roger Lehmann, MD, presenta il caso di una paziente di 61 anni che soffre di diabete da 6 anni e ha subito un attacco cardiaco tre anni fa. Ha anche una polineuropatia periferica, una retinopatia non proliferativa e una macroalbuminuria. Pu\u00f2 scoprire come il paziente pu\u00f2 essere trattato nel modo pi\u00f9 ottimale possibile in questo studio di caso.<\/p>\n\n<p><iframe data-src=\"https:\/\/player.vimeo.com\/video\/542529768\" width=\"640\" height=\"400\" frameborder=\"0\" src=\"data:image\/svg+xml;base64,PHN2ZyB3aWR0aD0iMSIgaGVpZ2h0PSIxIiB4bWxucz0iaHR0cDovL3d3dy53My5vcmcvMjAwMC9zdmciPjwvc3ZnPg==\" class=\"lazyload\" data-load-mode=\"1\"><\/iframe><\/p>\n\n<p>Il Prof. Fran\u00e7ois Mach, MD, spiega il caso di un paziente con diabete che presenta una stenosi RIVA oltre alla retinopatia non proliferativa. Nel corso della malattia, sviluppa anche un&#8217;insufficienza cardiaca con frazione di eiezione ventricolare sinistra ridotta e un&#8217;insufficienza renale. Scopra di pi\u00f9 sull&#8217;adattamento della terapia nel corso della malattia in questo studio di caso.<\/p>\n\n<p><iframe data-src=\"https:\/\/player.vimeo.com\/video\/542526676\" width=\"640\" height=\"400\" frameborder=\"0\" src=\"data:image\/svg+xml;base64,PHN2ZyB3aWR0aD0iMSIgaGVpZ2h0PSIxIiB4bWxucz0iaHR0cDovL3d3dy53My5vcmcvMjAwMC9zdmciPjwvc3ZnPg==\" class=\"lazyload\" data-load-mode=\"1\"><\/iframe><\/p>\n","protected":false},"excerpt":{"rendered":"<p>Il diabete mellito di tipo 2 e le malattie cardiovascolari sono strettamente collegate. Quindi, il diabete non solo \u00e8 uno dei fattori di rischio cardiovascolare pi\u00f9 importanti, ma aumenta anche&hellip;<\/p>\n","protected":false},"author":15,"featured_media":107337,"comment_status":"closed","ping_status":"closed","sticky":false,"template":"","format":"standard","meta":{"_acf_changed":false,"pmpro_default_level":"","cat_1_feature_home_top":false,"cat_2_editor_pick":false,"csco_eyebrow_text":"Formazione con casi di studio","footnotes":""},"category":[11366,11337,11392,11695,11550],"tags":[],"powerkit_post_featured":[],"class_list":["post-329224","post","type-post","status-publish","format-standard","has-post-thumbnail","category-cardiologia-it","category-contenuto-del-partner","category-endocrinologia-e-diabetologia","category-formazione-con-il-partner","category-rx-it","pmpro-has-access"],"acf":[],"publishpress_future_action":{"enabled":false,"date":"2026-05-04 03:57:26","action":"change-status","newStatus":"draft","terms":[],"taxonomy":"category","extraData":[]},"publishpress_future_workflow_manual_trigger":{"enabledWorkflows":[]},"wpml_current_locale":"it_IT","wpml_translations":{"pt_PT":{"locale":"pt_PT","id":329185,"slug":"diabetes-tipo-2-e-coracao","post_title":"Diabetes tipo 2 e cora\u00e7\u00e3o","href":"https:\/\/medizinonline.com\/pt-pt\/diabetes-tipo-2-e-coracao\/"},"es_ES":{"locale":"es_ES","id":329203,"slug":"diabetes-tipo-2-y-corazon","post_title":"Diabetes tipo 2 y coraz\u00f3n","href":"https:\/\/medizinonline.com\/es\/diabetes-tipo-2-y-corazon\/"}},"_links":{"self":[{"href":"https:\/\/medizinonline.com\/it\/wp-json\/wp\/v2\/posts\/329224","targetHints":{"allow":["GET"]}}],"collection":[{"href":"https:\/\/medizinonline.com\/it\/wp-json\/wp\/v2\/posts"}],"about":[{"href":"https:\/\/medizinonline.com\/it\/wp-json\/wp\/v2\/types\/post"}],"author":[{"embeddable":true,"href":"https:\/\/medizinonline.com\/it\/wp-json\/wp\/v2\/users\/15"}],"replies":[{"embeddable":true,"href":"https:\/\/medizinonline.com\/it\/wp-json\/wp\/v2\/comments?post=329224"}],"version-history":[{"count":1,"href":"https:\/\/medizinonline.com\/it\/wp-json\/wp\/v2\/posts\/329224\/revisions"}],"predecessor-version":[{"id":329227,"href":"https:\/\/medizinonline.com\/it\/wp-json\/wp\/v2\/posts\/329224\/revisions\/329227"}],"wp:featuredmedia":[{"embeddable":true,"href":"https:\/\/medizinonline.com\/it\/wp-json\/wp\/v2\/media\/107337"}],"wp:attachment":[{"href":"https:\/\/medizinonline.com\/it\/wp-json\/wp\/v2\/media?parent=329224"}],"wp:term":[{"taxonomy":"category","embeddable":true,"href":"https:\/\/medizinonline.com\/it\/wp-json\/wp\/v2\/category?post=329224"},{"taxonomy":"post_tag","embeddable":true,"href":"https:\/\/medizinonline.com\/it\/wp-json\/wp\/v2\/tags?post=329224"},{"taxonomy":"powerkit_post_featured","embeddable":true,"href":"https:\/\/medizinonline.com\/it\/wp-json\/wp\/v2\/powerkit_post_featured?post=329224"}],"curies":[{"name":"wp","href":"https:\/\/api.w.org\/{rel}","templated":true}]}}