{"id":330344,"date":"2021-01-03T13:00:00","date_gmt":"2021-01-03T12:00:00","guid":{"rendered":"https:\/\/medizinonline.com\/spondilosi-iperostotica-alterazione-vertebrale-comune-nelle-persone-anziane\/"},"modified":"2021-01-03T13:00:00","modified_gmt":"2021-01-03T12:00:00","slug":"spondilosi-iperostotica-alterazione-vertebrale-comune-nelle-persone-anziane","status":"publish","type":"post","link":"https:\/\/medizinonline.com\/it\/spondilosi-iperostotica-alterazione-vertebrale-comune-nelle-persone-anziane\/","title":{"rendered":"Spondilosi iperostotica &#8211; alterazione vertebrale comune nelle persone anziane"},"content":{"rendered":"<p><strong>La spondilosi iperostotica \u00e8 la malattia non infiammatoria pi\u00f9 comune della colonna vertebrale, con un aumento della prevalenza correlato all&#8217;et\u00e0. Questa malattia degenerativa della colonna vertebrale si verifica pi\u00f9 frequentemente nei pazienti con diabete mellito e disturbi lipometabolici. Le caratteristiche iperostosi sulle superfici anteriori e laterali dei corpi vertebrali sono una caratteristica diagnostica di immagine-morfologica. Ci sono alcune cose da tenere a mente quando si ricorre a TAC, risonanza magnetica o esami radiologici.<\/strong><\/p>\n<p> <!--more--> <\/p>\n<p>Oltre ai cambiamenti degenerativi del sistema scheletrico legati all&#8217;et\u00e0, i sovraccarichi possono influire sui cambiamenti osteoligamentari e cartilaginei. Quando l&#8217;equilibrio tra carico e scarico \u00e8 disturbato, si verificano la degenerazione mucoide e la necrosi coagulativa nella zona fibrocartilaginea degli annessi tendinei e legamentosi [4,12]. La fibroostosi reattiva, causata dalla formazione di osteofiti nell&#8217;area di inserzione dei legamenti e dei tendini, porta al ri-ancoraggio dell&#8217;inserzione fuori dall&#8217;osso. A livello sistemico, queste reazioni possono verificarsi in varie regioni del sistema scheletrico e articolare umano, quando la stimolazione ormonale provoca la proliferazione della cartilagine. Un esempio noto \u00e8 l&#8217;acromegalia, che porta a una crescita eccessiva dell&#8217;acra.<\/p>\n<p>Le fibrotosi significative si trovano anche nelle malattie con diatesi osteoplastica, come la spondilosi iperostotica o l&#8217;iperostosi scheletrica idiopatica diffusa, la sindrome DISH. Anche la pachidermoperiostosi idiopatica [6] e la fluorosi cronica endemica o industriale sono classificate in questo gruppo.<\/p>\n<p>In letteratura esistono numerosi termini che descrivono questi cambiamenti scheletrici<span style=\"font-family:franklin gothic demi\"> (panoramica&nbsp;1)<\/span>.<\/p>\n<p>&nbsp;<\/p>\n<p><img fetchpriority=\"high\" decoding=\"async\" class=\" size-full wp-image-14987\" alt=\"\" src=\"https:\/\/medizinonline.com\/wp-content\/uploads\/2021\/01\/ubersicht1_hp11_s48.png\" style=\"height:301px; width:400px\" width=\"913\" height=\"688\"><\/p>\n<p>&nbsp;<\/p>\n<p>Le fibrosoesi possono diventare clinicamente rilevanti quando innescano uno stimolo meccanico sulle strutture dei tessuti molli adiacenti, come la pelle e il tessuto sottocutaneo o, nell&#8217;area delle articolazioni, sulle borse attraverso l&#8217;espansione e la pressione, che poi porta a una reazione infiammatoria e dolorosa locale, fino a includere la restrizione del movimento e lo stress. Un esempio che si pu\u00f2 trovare nella pratica quotidiana \u00e8 lo sperone plantare o dorsale del tallone. Allo stesso modo, le iperostosi con localizzazione periferica possono imitare i reperti tumorali, come l&#8217;iperostosi sternoclavicolare nella regione dell&#8217;apertura toracica superiore [3]. Sono possibili anche alterazioni vascolari e la spondilosi ipertrofica del rachide cervicale pu\u00f2 provocare disfagia [7].<\/p>\n<p>La sindrome DISH si riscontra solitamente nei pazienti anziani, \u00e8 relativamente comune e pu\u00f2 essere documentata radiograficamente con calcificazioni e ossificazioni di legamenti, tendini e capsule articolari [8,11,13]. I pazienti sono particolarmente colpiti da obesit\u00e0, iperlipidemia, ipertensione, iperuricemia e diabete mellito. Il rischio di malattie cardiovascolari aumenta. L&#8217;iperostosi scheletrica pu\u00f2 anche far parte dei cambiamenti delle sindromi [9], come la sindrome SAPHO (sinovite, acne, pustolosi, iperostosi, osteite).<\/p>\n<p>Nella manifestazione spinale, la regione ventrolaterale destra della colonna vertebrale \u00e8 molto spesso colpita da spondilosi ipertrofica. A seconda dell&#8217;estensione dell&#8217;iperostosi, possono manifestarsi dolore al collo o alla schiena, mobilit\u00e0 limitata e debolezza generale [5]. Le radiografie della colonna vertebrale in due piani possono gi\u00e0 mostrare i cambiamenti scheletrici, spesso offrendo la &#8220;immagine della cera di candela&#8221;. Tuttavia, oltre alle spondilosi ventrolaterali, anche la retrospondilosi ipertrofica pu\u00f2 influenzare i sintomi clinici con impronte midollari e radicolari [4]. Allo stesso modo, le ossificazioni del legamento longitudinale posteriore che occupano spazio sono la causa della stenosi spinale e dell&#8217;alterazione midollare [10].<\/p>\n<p>La <em>tomografia computerizzata<\/em> pu\u00f2 mostrare l&#8217;esatta estensione della spondilosi ipertrofica nelle scansioni assiali [10], integrate da ricostruzioni multiplanari. Le stenosi ossee foraminali o spinali possono essere misurate in modo pi\u00f9 preciso rispetto alla risonanza magnetica. La somministrazione endovenosa del mezzo di contrasto non comporta alcun vantaggio diagnostico.<\/p>\n<p>Gli esami di <em>risonanza magnetica<\/em> possono mostrare principalmente spondilosi ipertrofiche e sinostosi con misurazioni sagittali. La differenziazione dall&#8217;osteopatia infiammatoria si ottiene con sequenze native e con contrasto che sopprimono il grasso.<\/p>\n<p>&nbsp;<\/p>\n<p><img decoding=\"async\" class=\"size-full wp-image-14988 lazyload\" alt=\"\" data-src=\"https:\/\/medizinonline.com\/wp-content\/uploads\/2021\/01\/abb1_hp11_s49.jpg\" style=\"--smush-placeholder-width: 1100px; --smush-placeholder-aspect-ratio: 1100\/387;height:211px; width:600px\" width=\"1100\" height=\"387\" src=\"data:image\/svg+xml;base64,PHN2ZyB3aWR0aD0iMSIgaGVpZ2h0PSIxIiB4bWxucz0iaHR0cDovL3d3dy53My5vcmcvMjAwMC9zdmciPjwvc3ZnPg==\"><\/p>\n<p>&nbsp;<\/p>\n<h2 id=\"casi-di-studio\">Casi di studio<\/h2>\n<p>Il <span style=\"font-family:franklin gothic demi\">caso 1<\/span> <span style=\"font-family:franklin gothic demi\">(Fig.&nbsp;1A e B)<\/span> mostra una degenerazione avanzata dei segmenti del rachide cervicale e una forma lieve di spondilosi ipertrofica deformans e osteocondrosi nelle ricostruzioni 2D di una TAC cervicale multislice in un paziente di 77 anni con dolore al collo e mobilit\u00e0 significativamente limitata del rachide cervicale in tutte le direzioni di movimento.<\/p>\n<p>&nbsp;<\/p>\n<p>&nbsp;<\/p>\n<p><img decoding=\"async\" class=\"size-full wp-image-14989 lazyload\" alt=\"\" data-src=\"https:\/\/medizinonline.com\/wp-content\/uploads\/2021\/01\/abb2_hp11_s49.jpg\" style=\"--smush-placeholder-width: 1100px; --smush-placeholder-aspect-ratio: 1100\/566;height:309px; width:600px\" width=\"1100\" height=\"566\" data-srcset=\"https:\/\/medizinonline.com\/wp-content\/uploads\/2021\/01\/abb2_hp11_s49.jpg 1100w, https:\/\/medizinonline.com\/wp-content\/uploads\/2021\/01\/abb2_hp11_s49-800x412.jpg 800w, https:\/\/medizinonline.com\/wp-content\/uploads\/2021\/01\/abb2_hp11_s49-120x62.jpg 120w, https:\/\/medizinonline.com\/wp-content\/uploads\/2021\/01\/abb2_hp11_s49-90x46.jpg 90w, https:\/\/medizinonline.com\/wp-content\/uploads\/2021\/01\/abb2_hp11_s49-320x165.jpg 320w, https:\/\/medizinonline.com\/wp-content\/uploads\/2021\/01\/abb2_hp11_s49-560x288.jpg 560w\" data-sizes=\"(max-width: 1100px) 100vw, 1100px\" src=\"data:image\/svg+xml;base64,PHN2ZyB3aWR0aD0iMSIgaGVpZ2h0PSIxIiB4bWxucz0iaHR0cDovL3d3dy53My5vcmcvMjAwMC9zdmciPjwvc3ZnPg==\" \/><\/p>\n<p>&nbsp;<\/p>\n<p>Il <span style=\"font-family:franklin gothic demi\">caso 2<\/span> <span style=\"font-family:franklin gothic demi\">(Fig.&nbsp;da 2A a D)<\/span> documenta cambiamenti spondilofitici ipertrofici diffusi della colonna vertebrale cervicale (radiografia, risonanza magnetica) e radiograficamente anche della colonna vertebrale lombare in un paziente di 79 anni. Clinicamente, c&#8217;era una sindrome pronunciata del collo-spalla-braccio e una sindrome lombare. In particolare, la mobilit\u00e0 del rachide cervicale era drasticamente limitata. Un check-up reumatologico dettagliato ha escluso la spondilite anchilosante in entrambi i casi; i fattori reumatoidi e i parametri di infiammazione erano irrilevanti.<\/p>\n<p>&nbsp;<\/p>\n<h2 id=\"messaggi-da-portare-a-casa\">Messaggi da portare a casa<\/h2>\n<ul>\n<li>La spondilosi ipertrofica deformans \u00e8 un&#8217;alterazione della colonna vertebrale degli anziani.<\/li>\n<li>Oltre alla spondilosi iperostotica, le alterazioni ossee ipertrofiche reattive possono verificarsi anche in altre regioni scheletriche, riassunte con il termine iperostosi scheletrica idiopatica disseminata (DISH).<\/li>\n<li>Le malattie metaboliche e ormonali possono influenzare una crescita ossea eccessiva.<\/li>\n<li>Un tipico cambiamento chimico di laboratorio non \u00e8 rilevabile nella spondilopatia ipertrofica.<\/li>\n<li>Le prove di imaging sono principalmente con le radiografie in 2 piani; la TAC pu\u00f2 determinare l&#8217;entit\u00e0 di qualsiasi stenosi risultante dei neuroforamina o del canale spinale, e la risonanza magnetica pu\u00f2 visualizzare i cambiamenti infiammatori di accompagnamento, gli stimoli radicolari o midollari.<\/li>\n<\/ul>\n<p>&nbsp;<\/p>\n<p>&nbsp;<\/p>\n<p>Letteratura:<\/p>\n<ol>\n<li>Aydin E, et al: Sei casi di sindrome di Forestiers, una rara causa di disfagia. Acta Otolaryngol 2006; 126(7): 775-778.<\/li>\n<li>Cholankeril JV, et al: Iperostosi posteriore diffusa del rachide cervicale con compressione del midollo: una variante Forestier (DISH). J Comput Tomogr 1983; 7(2): 171-174.<\/li>\n<li>Farr\u00e8s MT, Grabenw\u00f6ger F: L&#8217;iperostosi sternoclavicolare: lesione occupante spazio dell&#8217;apertura toracica superiore. Radiologo 1988; 28: 584-587.<\/li>\n<li><span style=\"color:rgb(4, 0, 0)\">Frommhold W, et al. (ed.):<\/span><span style=\"color:rgb(255, 0, 0)\"> <\/span>Schinz Diagnostica radiologica nella clinica e nella pratica. 7\u00aa edizione rivista. Volume IV &#8211; Parte 1: Ossa-articolazioni-tessuti molli I. Georg Thieme Verlag: Stuttgart, New York; 1989, 904-911.<\/li>\n<li>Ghosh B, et al: Iperostosi scheletrica interstiziale diffusa (DISH) nel diabete di tipo 2. J Assoc Physicians India 2004; 52: 994-996.<\/li>\n<li>Kreitner KF, Eckardt A, Schild HH: Risultati radiologici nell&#8217;osteoartropatia ipertrofica primaria (pachidermoperiostosi). Nudo. Radiol 1995; 5: 106-108.<\/li>\n<li>Kritzer RO, Rose JE: Iperostosi scheletrica idiopatica diffusa con sindrome dello sbocco toracico e disfagia. Neurochirurgia 1988; 22(6 Pt 1): 1071-1074.<\/li>\n<li>Mader R, et al: Manifestazioni extraspinali dell&#8217;iperostosi scheletrica idiopatica diffusa. Reumatologia 2009; 48(12): 1478-1481.<\/li>\n<li>Mulleman D, et al: Ossificazione del legamento longitudinale posteriore del rachide cervicale e sindrome SAPHO. J Rheumatol 2005; 32(7): 1361-1364.<\/li>\n<li>Razmi R, Khong KS: Lesione del midollo cervicale in un uomo anziano con una colonna vertebrale fusa &#8211; un rapporto di caso. Singapore Med J 2001; 42(10): 477-481.<\/li>\n<li>Resnick D, Shaul SR, Robins JM: Iperostosi scheletrica idiopatica diffusa (DISH): malattia di Forestier con manifestazioni extraspinali. Radiologia 1975; 115(3): 513-524.<\/li>\n<li>Thiel HJ: Diagnostica per immagini sezionali della colonna vertebrale (1.12). Cambiamenti degenerativi: Spondilosi iperostotica. MTA Dialog 2012; 5(13): 444-447.<\/li>\n<li>Vezyroglou G, Mitropoulos A, Antoniadis C: Una sindrome metabolica nell&#8217;iperostosi scheletrica idiopatica diffusa. Uno studio controllato. J Rheumatol 1996; 23(4): 672-676.<\/li>\n<\/ol>\n<p>&nbsp;<\/p>\n<p><em>PRATICA GP 2020; 15(11): 48-50<\/em><\/p>\n","protected":false},"excerpt":{"rendered":"<p>La spondilosi iperostotica \u00e8 la malattia non infiammatoria pi\u00f9 comune della colonna vertebrale, con un aumento della prevalenza correlato all&#8217;et\u00e0. Questa malattia degenerativa della colonna vertebrale si verifica pi\u00f9 frequentemente&hellip;<\/p>\n","protected":false},"author":7,"featured_media":101575,"comment_status":"closed","ping_status":"","sticky":false,"template":"","format":"standard","meta":{"_acf_changed":false,"pmpro_default_level":"","cat_1_feature_home_top":false,"cat_2_editor_pick":false,"csco_eyebrow_text":"Dal sintomo alla diagnosi","footnotes":""},"category":[11528,11392,11519,11355,11306,11484,11494,11550],"tags":[22138],"powerkit_post_featured":[],"class_list":["post-330344","post","type-post","status-publish","format-standard","has-post-thumbnail","category-casi","category-endocrinologia-e-diabetologia","category-formazione-continua","category-geriatria-it","category-medicina-interna-generale","category-radiologia-it","category-reumatologia-it","category-rx-it","tag-spondilosi-iperostotica","pmpro-has-access"],"acf":[],"publishpress_future_action":{"enabled":false,"date":"2026-05-07 02:46:50","action":"change-status","newStatus":"draft","terms":[],"taxonomy":"category","extraData":[]},"publishpress_future_workflow_manual_trigger":{"enabledWorkflows":[]},"wpml_current_locale":"it_IT","wpml_translations":{"pt_PT":{"locale":"pt_PT","id":330564,"slug":"espondilose-hiperostotica-alteracao-vertebral-comum-nas-pessoas-idosas","post_title":"Espondilose hiperost\u00f3tica - altera\u00e7\u00e3o vertebral comum nas pessoas idosas","href":"https:\/\/medizinonline.com\/pt-pt\/espondilose-hiperostotica-alteracao-vertebral-comum-nas-pessoas-idosas\/"},"es_ES":{"locale":"es_ES","id":330356,"slug":"espondilosis-hiperostotica-cambio-vertebral-comun-en-personas-mayores","post_title":"Espondilosis hiperost\u00f3tica - cambio vertebral com\u00fan en personas mayores","href":"https:\/\/medizinonline.com\/es\/espondilosis-hiperostotica-cambio-vertebral-comun-en-personas-mayores\/"}},"_links":{"self":[{"href":"https:\/\/medizinonline.com\/it\/wp-json\/wp\/v2\/posts\/330344","targetHints":{"allow":["GET"]}}],"collection":[{"href":"https:\/\/medizinonline.com\/it\/wp-json\/wp\/v2\/posts"}],"about":[{"href":"https:\/\/medizinonline.com\/it\/wp-json\/wp\/v2\/types\/post"}],"author":[{"embeddable":true,"href":"https:\/\/medizinonline.com\/it\/wp-json\/wp\/v2\/users\/7"}],"replies":[{"embeddable":true,"href":"https:\/\/medizinonline.com\/it\/wp-json\/wp\/v2\/comments?post=330344"}],"version-history":[{"count":0,"href":"https:\/\/medizinonline.com\/it\/wp-json\/wp\/v2\/posts\/330344\/revisions"}],"wp:featuredmedia":[{"embeddable":true,"href":"https:\/\/medizinonline.com\/it\/wp-json\/wp\/v2\/media\/101575"}],"wp:attachment":[{"href":"https:\/\/medizinonline.com\/it\/wp-json\/wp\/v2\/media?parent=330344"}],"wp:term":[{"taxonomy":"category","embeddable":true,"href":"https:\/\/medizinonline.com\/it\/wp-json\/wp\/v2\/category?post=330344"},{"taxonomy":"post_tag","embeddable":true,"href":"https:\/\/medizinonline.com\/it\/wp-json\/wp\/v2\/tags?post=330344"},{"taxonomy":"powerkit_post_featured","embeddable":true,"href":"https:\/\/medizinonline.com\/it\/wp-json\/wp\/v2\/powerkit_post_featured?post=330344"}],"curies":[{"name":"wp","href":"https:\/\/api.w.org\/{rel}","templated":true}]}}