{"id":332467,"date":"2020-11-13T01:00:00","date_gmt":"2020-11-13T00:00:00","guid":{"rendered":"https:\/\/medizinonline.com\/apremilast-e-approvato-per-il-trattamento-delle-afte-orali\/"},"modified":"2020-11-13T01:00:00","modified_gmt":"2020-11-13T00:00:00","slug":"apremilast-e-approvato-per-il-trattamento-delle-afte-orali","status":"publish","type":"post","link":"https:\/\/medizinonline.com\/it\/apremilast-e-approvato-per-il-trattamento-delle-afte-orali\/","title":{"rendered":"Apremilast \u00e8 approvato per il trattamento delle afte orali"},"content":{"rendered":"<p><strong>La malattia di Beh\u00e7et \u00e8 una malattia infiammatoria rara, cronica e multisistemica che causa vasculite. Le afte orali si verificano in oltre il 97% delle persone colpite e sono associate a una significativa compromissione della qualit\u00e0 della vita. Recentemente \u00e8 stato reso disponibile Apremilast, una nuova opzione terapeutica altamente efficace.  <\/strong><\/p>\n<p> <!--more--> <\/p>\n<p>Come annunciato dall&#8217;azienda farmaceutica Amgen nel luglio di quest&#8217;anno, Swissmedic ha approvato l&#8217;estensione dell&#8217;autorizzazione all&#8217;immissione in commercio di apremilast <sup>(Otezla\u00ae<\/sup>) [1] per il trattamento delle ulcere orali persistenti associate alla malattia di Beh\u00e7et in pazienti adulti che hanno risposto in modo inadeguato alla terapia topica [2]. <sup>Otezla\u00ae<\/sup> \u00e8 il primo e unico medicinale autorizzato da Swissmedic per il trattamento di pazienti adulti con afte orali associate alla <sup> malattia<\/sup> di <sup> Beh\u00e7et*<\/sup>. Le afte orali sono la manifestazione pi\u00f9 comune della malattia di Beh\u00e7et, che colpisce oltre il 97% dei pazienti. I sintomi associati riguardano vari aspetti della vita, tra cui mangiare e parlare. &#8220;Le afte orali ricorrenti sono il sintomo pi\u00f9 comune dei pazienti con malattia di Beh\u00e7et. Gli episodi di afta orale sono dolorosi e influiscono sulla salute fisica e psicologica dei pazienti&#8221;, spiega il Prof. Alfred Mahr, MD, Clinica di Reumatologia dell&#8217;Ospedale Cantonale di San Gallo [2].<\/p>\n<p>&nbsp;<\/p>\n<p><span style=\"font-size:11px\">&nbsp;* Specifico per l&#8217;etichetta dei farmaci, a partire da giugno 2020<sup>. <\/sup><\/span><\/p>\n<p>&nbsp;<\/p>\n<h2 id=\"rapido-inizio-dazione-e-riduzione-dellattivita-della-malattia\">Rapido inizio d&#8217;azione e riduzione dell&#8217;attivit\u00e0 della malattia<\/h2>\n<p>L&#8217;approvazione si basa principalmente sui dati dello studio di fase III RELIEF\u2122 (NCT02307513), randomizzato, controllato con placebo e in doppio cieco, con dati aggiuntivi dello studio di fase II (BCT-001), randomizzato, controllato con placebo e in doppio cieco, con 111 pazienti, inclusi nella domanda di approvazione [2]. &#8220;L&#8217;approvazione odierna dell&#8217;indicazione estesa \u00e8 una pietra miliare significativa per i pazienti in Svizzera che soffrono di afte orali associate alla malattia di Beh\u00e7et&#8221;, commenta Thomas Schwaller, MD, Direttore Medico di Amgen Svizzera AG, in merito all&#8217;espansione dell&#8217;indicazione di <sup>Otezla\u00ae<\/sup>.<\/p>\n<p>&nbsp;<\/p>\n<p><img fetchpriority=\"high\" decoding=\"async\" class=\" size-full wp-image-14381\" alt=\"\" src=\"https:\/\/medizinonline.com\/wp-content\/uploads\/2020\/11\/ubersicht1_hp8_s39.png\" style=\"height:268px; width:600px\" width=\"1100\" height=\"491\"><\/p>\n<p>&nbsp;<\/p>\n<p>Lo studio RELIEF\u2122 ha valutato l&#8217;efficacia e la sicurezza di <sup>Otezla\u00ae<\/sup> in 207 pazienti adulti con malattia di Beh\u00e7et e afte orali attive. I partecipanti allo studio erano stati precedentemente trattati con almeno un farmaco non biologico ed erano idonei alla terapia sistemica. Lo studio di 64 settimane si \u00e8 svolto in 53 siti in 10 Paesi [3]. I pazienti hanno ricevuto 30 mg di <sup>Otezla\u00ae<\/sup> due volte al giorno (n=104) o placebo (n=103) durante la fase di trattamento di 12 settimane controllata con placebo. Dopo il completamento della settimana 12, tutti i pazienti hanno ricevuto <sup>Otezla\u00ae<\/sup> per la fase di trattamento attivo di 52 settimane. L&#8217;efficacia \u00e8 stata valutata in base al numero di afte orali e al miglioramento del dolore orale [3]. I risultati dello studio RELIEF\u2122 hanno dimostrato che <sup>Otezla\u00ae<\/sup> 30&nbsp;mg due volte al giorno ha portato ad una riduzione dell&#8217;afta orale rispetto al placebo alla settimana 12. <sup>Otezla\u00ae<\/sup> ha mostrato una rapida insorgenza dell&#8217;azione: Il numero di afte orali e il dolore associato sono diminuiti gi\u00e0 alla prima settimana. Nei pazienti che sono stati trattati in modo continuativo con <sup>Otezla\u00ae<\/sup> e hanno continuato a partecipare allo studio, i miglioramenti sono persistiti fino alla 64esima settimana: Riduzione delle afte orali e riduzione dei sintomi di dolore intorno alla bocca. Il trattamento con Otezla\u00ae ha anche portato a una riduzione significativa dell&#8217;attivit\u00e0 complessiva della malattia rispetto al placebo alla settimana 12. Un questionario ha anche mostrato un miglioramento significativo della qualit\u00e0 di vita dei pazienti con malattia di Beh\u00e7et che assumono <sup>Otezla\u00ae<\/sup> rispetto ai pazienti che assumono placebo [3].<\/p>\n<p>&nbsp;<\/p>\n<table border=\"1\" cellpadding=\"5\" cellspacing=\"1\" style=\"width:580px\">\n<tbody>\n<tr>\n<td style=\"width:562px\"><strong>Malattia di Beh\u00e7et<\/strong><br \/>\n  La malattia di Beh\u00e7et, nota anche come sindrome di Beh\u00e7et o malattia di Beh\u00e7et, \u00e8 associata ad anomalie del sistema immunitario e all&#8217;infiammazione dei vasi sanguigni [4]. Le manifestazioni cliniche includono ulcere orali o genitali ricorrenti, lesioni cutanee, uveite, artrite e coinvolgimento vascolare, del sistema nervoso centrale e gastrointestinale [4]. Le afte orali possono verificarsi in oltre il 97% dei pazienti con malattia di Beh\u00e7et [5]. La malattia di Beh\u00e7et \u00e8 stata classificata come malattia orfana in molte parti del mondo. La pi\u00f9 alta prevalenza della malattia di Beh\u00e7et si riscontra in Medio Oriente, Asia e Giappone [6].<\/td>\n<\/tr>\n<\/tbody>\n<\/table>\n<p>&nbsp;<\/p>\n<p>La tollerabilit\u00e0 era coerente con il profilo di sicurezza noto di <sup>Otezla\u00ae<\/sup>. Gli eventi avversi pi\u00f9 frequentemente osservati, che si sono verificati in \u22655% dei pazienti trattati con Otezla<sup>\u00ae<\/sup>  I sintomi pi\u00f9 comuni sperimentati dai pazienti trattati comprendevano diarrea (41,3%), nausea (19,2%), mal di testa (14,4%), infezione delle vie respiratorie superiori (11,5%), fastidio all&#8217;addome superiore (8,7%), vomito (8,7%) e mal di schiena (7,7%), ed erano per lo pi\u00f9 di gravit\u00e0 lieve o moderata [4].<\/p>\n<p><em>Fonte: Amgen  <\/em><\/p>\n<p>&nbsp;<\/p>\n<p>Letteratura:<\/p>\n<ol>\n<li>Swissmedicinfo: Riassunto delle caratteristiche del prodotto di <sup>Otezla\u00ae <\/sup>www.swissmedicinfo.ch<\/li>\n<li>Amgen Svizzera: Trattamento delle afte orali nei pazienti con malattia di Beh\u00e7et: Amgen riceve l&#8217;estensione dell&#8217;autorizzazione all&#8217;immissione in commercio di <sup>Otezla\u00ae<\/sup> (apremilast) in Svizzera, Comunicato stampa, Rotkreuz, 6.7.2020.<\/li>\n<li>Hatemi G, et al: Prova di Apremilast per le ulcere orali nella sindrome di Behcet. N Engl J Med 2019;381: 1918-1928, e Hatemi G, et al. Efficacia di Apremilast per le ulcere orali associate alla sindrome di Behcet attiva per 64 settimane: risultati di uno studio di fase III). EULAR 2019; Madrid, Spagna. Estratto n. OP0146.<\/li>\n<li>Senusi A, et al: L&#8217;influenza della salute orale e del benessere psicosociale sui risultati clinici nella malattia di Beh\u00e7et. Rheumatol Int 2018; 38(10): 1873-1883.<\/li>\n<li>Davatchi F, et al: Malattia di Beh\u00e7et: da est a ovest. Clin Rheumatol 2010; 29(8): 823-833.<\/li>\n<li>Leonardo NM, McNeil J: Malattia di Beh\u00e7et: esiste una variazione geografica? Una recensione lontano dalla via della seta. Int J Rheumatol 2015; 2015: 945262.<\/li>\n<\/ol>\n<p>&nbsp;<\/p>\n<p><em>PRATICA GP 2020; 15(8): 39<br \/>\nPRATICA DERMATOLOGICA 2020; 30(4): 24<\/em><br \/>\n&nbsp;<\/p>\n","protected":false},"excerpt":{"rendered":"<p>La malattia di Beh\u00e7et \u00e8 una malattia infiammatoria rara, cronica e multisistemica che causa vasculite. Le afte orali si verificano in oltre il 97% delle persone colpite e sono associate&hellip;<\/p>\n","protected":false},"author":7,"featured_media":98847,"comment_status":"closed","ping_status":"","sticky":false,"template":"","format":"standard","meta":{"_acf_changed":false,"pmpro_default_level":"","cat_1_feature_home_top":false,"cat_2_editor_pick":false,"csco_eyebrow_text":"Malattia di Beh\u00e7et","footnotes":""},"category":[11351,11306,11537,11433,11494,11550,11515],"tags":[23154,23157,22687,23155,23156],"powerkit_post_featured":[],"class_list":["post-332467","post","type-post","status-publish","format-standard","has-post-thumbnail","category-dermatologia-e-venereologia","category-medicina-interna-generale","category-mercato-e-medicina","category-orl-it","category-reumatologia-it","category-rx-it","category-studi","tag-apthen-it","tag-behcet-it","tag-malattia-di-behcet","tag-otezla-it","tag-sollievo","pmpro-has-access"],"acf":[],"publishpress_future_action":{"enabled":false,"date":"2026-05-08 04:35:56","action":"change-status","newStatus":"draft","terms":[],"taxonomy":"category","extraData":[]},"publishpress_future_workflow_manual_trigger":{"enabledWorkflows":[]},"wpml_current_locale":"it_IT","wpml_translations":{"pt_PT":{"locale":"pt_PT","id":332468,"slug":"apremilast-aprovado-para-o-tratamento-de-aphthae-oral","post_title":"Apremilast aprovado para o tratamento de aphthae oral","href":"https:\/\/medizinonline.com\/pt-pt\/apremilast-aprovado-para-o-tratamento-de-aphthae-oral\/"},"es_ES":{"locale":"es_ES","id":332469,"slug":"apremilast-aprobado-para-el-tratamiento-de-las-aftas-orales","post_title":"Apremilast aprobado para el tratamiento de las aftas orales","href":"https:\/\/medizinonline.com\/es\/apremilast-aprobado-para-el-tratamiento-de-las-aftas-orales\/"}},"_links":{"self":[{"href":"https:\/\/medizinonline.com\/it\/wp-json\/wp\/v2\/posts\/332467","targetHints":{"allow":["GET"]}}],"collection":[{"href":"https:\/\/medizinonline.com\/it\/wp-json\/wp\/v2\/posts"}],"about":[{"href":"https:\/\/medizinonline.com\/it\/wp-json\/wp\/v2\/types\/post"}],"author":[{"embeddable":true,"href":"https:\/\/medizinonline.com\/it\/wp-json\/wp\/v2\/users\/7"}],"replies":[{"embeddable":true,"href":"https:\/\/medizinonline.com\/it\/wp-json\/wp\/v2\/comments?post=332467"}],"version-history":[{"count":0,"href":"https:\/\/medizinonline.com\/it\/wp-json\/wp\/v2\/posts\/332467\/revisions"}],"wp:featuredmedia":[{"embeddable":true,"href":"https:\/\/medizinonline.com\/it\/wp-json\/wp\/v2\/media\/98847"}],"wp:attachment":[{"href":"https:\/\/medizinonline.com\/it\/wp-json\/wp\/v2\/media?parent=332467"}],"wp:term":[{"taxonomy":"category","embeddable":true,"href":"https:\/\/medizinonline.com\/it\/wp-json\/wp\/v2\/category?post=332467"},{"taxonomy":"post_tag","embeddable":true,"href":"https:\/\/medizinonline.com\/it\/wp-json\/wp\/v2\/tags?post=332467"},{"taxonomy":"powerkit_post_featured","embeddable":true,"href":"https:\/\/medizinonline.com\/it\/wp-json\/wp\/v2\/powerkit_post_featured?post=332467"}],"curies":[{"name":"wp","href":"https:\/\/api.w.org\/{rel}","templated":true}]}}