{"id":333574,"date":"2020-08-20T02:00:00","date_gmt":"2020-08-20T00:00:00","guid":{"rendered":"https:\/\/medizinonline.com\/promozione-della-comunicazione-nellinfanzia-e-nelladolescenza\/"},"modified":"2020-08-20T02:00:00","modified_gmt":"2020-08-20T00:00:00","slug":"promozione-della-comunicazione-nellinfanzia-e-nelladolescenza","status":"publish","type":"post","link":"https:\/\/medizinonline.com\/it\/promozione-della-comunicazione-nellinfanzia-e-nelladolescenza\/","title":{"rendered":"Promozione della comunicazione nell&#8217;infanzia e nell&#8217;adolescenza"},"content":{"rendered":"<p><strong>I problemi nella comunicazione e nell&#8217;interazione sociale, insieme alla presenza di comportamenti, interessi e attivit\u00e0 ristretti e ripetitivi, costituiscono il criterio diagnostico centrale del disturbo dello spettro autistico (ASD). Una visione differenziata delle particolarit\u00e0 della comunicazione \u00e8 quindi di grande importanza sia dal punto di vista diagnostico che da quello educativo e terapeutico.<\/strong><\/p>\n<p> <!--more--> <\/p>\n<p>In base ai risultati di studi internazionali, circa l&#8217;1% di tutti i bambini e gli adolescenti in Svizzera vive attualmente con un disturbo dello spettro autistico. Il cambiamento storico nella terminologia diagnostica, dalle diagnosi originali di &#8220;autismo della prima infanzia&#8221; (Kanner, 1943) e &#8220;psicopatia autistica&#8221; (Asperger, 1944) al disturbo dello spettro autistico, rivela che oggi parliamo di un ampio spettro di manifestazioni che vengono sussunte sotto un unico termine. Il DSM-5 distingue tra livelli di gravit\u00e0 nei domini diagnostici &#8216;Comunicazione sociale&#8217; e &#8216;Comportamenti restrittivi e ripetitivi&#8217; quando descrive un disturbo dello spettro autistico. L&#8217;ICD-11 fa un ulteriore passo avanti e formula esplicitamente sei sottotipi di disturbo dello spettro autistico, che possono essere differenziati l&#8217;uno dall&#8217;altro in base ai criteri dello sviluppo intellettuale e dello sviluppo funzionale del linguaggio.<\/p>\n<p>Se diamo un&#8217;occhiata all&#8217;importanza della comunicazione nell&#8217;ICD-11, possiamo vedere che tutti i sottotipi hanno in comune &#8220;deficit persistenti nella capacit\u00e0 di iniziare e mantenere l&#8217;interazione sociale reciproca e la comunicazione sociale&#8221;. Il linguaggio funzionale pu\u00f2 anche essere caratterizzato da &#8220;un&#8217;alterazione lieve o inesistente&#8221;, una &#8220;limitazione&#8221; generale o la sua &#8220;assenza&#8221;, a seconda del sottotipo [1].<\/p>\n<p>Quindi, da un lato, le menomazioni o le peculiarit\u00e0 nella comunicazione costituiscono una caratteristica descrittiva unificante dei bambini e degli adolescenti con ASD che deve essere sempre presa in considerazione, mentre allo stesso tempo incontriamo un gruppo di persone molto eterogeneo per quanto riguarda i diversi gradi di sviluppo del linguaggio funzionale e della cognizione &#8211; qui l&#8217;ICD-11 divide in gruppi &#8220;con&#8221; o &#8220;senza&#8221; un disturbo dello sviluppo intellettuale.<\/p>\n<h2 id=\"caratteristiche-della-comunicazione\">Caratteristiche della comunicazione<\/h2>\n<p>Un primo approccio a una descrizione differenziata delle peculiarit\u00e0 comunicative nel disturbo dello spettro autistico si trova nei cataloghi diagnostici citati. Il DSM-5 descrive i seguenti tre criteri di compromissione della comunicazione e dell&#8217;interazione sociale. Le anomalie nella reciprocit\u00e0 socio-affettiva possono manifestarsi in uno spettro che va dalla mancanza di risposta agli indirizzi, a una ridotta condivisione dell&#8217;attenzione e delle emozioni, fino a un modo di parlare unilaterale, simile a un monologo. Le difficolt\u00e0 nel comportamento della comunicazione non verbale si riscontrano principalmente nella comprensione e nell&#8217;uso dei gesti e delle espressioni facciali per regolare l&#8217;interazione sociale. Per esempio, pu\u00f2 essere difficile interpretare correttamente le espressioni facciali, il contatto visivo o i movimenti delle mani, o usarli adeguatamente in contesti comunicativi. Infine, la compromissione dell&#8217;avvio e del mantenimento delle relazioni sociali copre una gamma che va dall&#8217;apparente mancanza di interesse nei confronti dei coetanei, alla mancanza di comprensione delle regole sociali, fino alla difficolt\u00e0 di stabilire contatti amichevoli.<\/p>\n<p>Da una prospettiva linguistica, quando si considerano le competenze comunicative dei bambini e degli adolescenti con ASD, l&#8217;attenzione non si concentra solo sullo sviluppo del linguaggio funzionale e sui possibili aspetti linguistici formali (vocabolario, grammatica), ma anche sulle peculiarit\u00e0 a livello pragmatico-comunicativo [2]. Il livello della pragmatica comprende l&#8217;inserimento appropriato delle azioni linguistiche nel rispettivo contesto, l&#8217;avvio e l&#8217;impostazione adeguata delle conversazioni, nonch\u00e9 la comprensione dei significati non letterali del linguaggio, ad esempio nelle metafore, nelle espressioni idiomatiche o nelle ambiguit\u00e0. Le limitazioni nelle abilit\u00e0 pragmatico-comunicative possono essere osservate in tutto lo spettro autistico e si riscontrano sia a livello espressivo che ricettivo del linguaggio.<\/p>\n<p>Un terzo approccio alle peculiarit\u00e0 della comunicazione \u00e8 offerto dalla lettura di un gran numero di pubblicazioni attuali da una prospettiva interna. Christine Preissmann, medico di base e psicoterapeuta con una diagnosi di autismo, ad esempio, offre una visione molto differenziata delle sue esperienze con la comunicazione interpersonale in diversi libri specializzati. Tra le altre cose, descrive l&#8217;esperienza molto frequente di incomprensioni dovute alla sua interpretazione per lo pi\u00f9 letterale del contenuto delle conversazioni [3]. Anche Gee Vero, un&#8217;artista con diagnosi di autismo e madre di un bambino con ASD, descrive numerose situazioni comunicative che ha vissuto come difficili, ripensando ai suoi anni scolastici [4]. Nelle loro pubblicazioni, gli autori formulano anche suggerimenti per la progettazione di condizioni quadro favorevoli alla comunicazione per i bambini e gli adolescenti con ASD, nonch\u00e9 suggerimenti per la promozione delle loro competenze comunicative. Entrambi gli approcci seguono l&#8217;obiettivo di sostenere la partecipazione e il benessere individuale.<\/p>\n<h2 id=\"fondamenti-e-metodi-di-promozione-della-comunicazione\">Fondamenti e metodi di promozione della comunicazione<\/h2>\n<p>Per rendere giustizia alla grande eterogeneit\u00e0 dei prerequisiti comunicativi dei bambini e degli adolescenti con ASD nel supporto alla comunicazione, \u00e8 necessaria una selezione individuale dell&#8217;approccio di supporto adeguato. I metodi attualmente utilizzati nella pratica, la maggior parte dei quali sono stati valutati scientificamente, sono delineati di seguito. La differenziazione dei disturbi dello spettro autistico in base al grado di linguaggio funzionale esistente scelto nell&#8217;ICD-11 serve come aiuto all&#8217;orientamento per l&#8217;assegnazione dei vari servizi, senza pretendere di perseguire una distinzione chiara <strong>(Tabella 1)<\/strong>.<\/p>\n<p>&nbsp;<\/p>\n<p><img fetchpriority=\"high\" decoding=\"async\" class=\" size-full wp-image-14136\" alt=\"\" src=\"https:\/\/medizinonline.com\/wp-content\/uploads\/2020\/08\/tab1_np4_s17.png\" style=\"height:411px; width:600px\" width=\"1100\" height=\"753\"><\/p>\n<p>&nbsp;<\/p>\n<p><strong>Progettare un ambiente favorevole alla comunicazione:<\/strong> una base di qualsiasi supporto alla comunicazione per i bambini e gli adolescenti con ASD \u00e8 la conoscenza del pensiero e della percezione speciali delle persone con ASD. Spesso un pensiero molto focalizzato sui dettagli pu\u00f2 essere associato, ad esempio, a una mancata comprensione intuitiva dei contesti rilevanti, soprattutto nei contesti sociali. I problemi nel cambiare prospettiva spesso rendono difficile comprendere i pensieri, i sentimenti e le intenzioni dell&#8217;altra persona. Da queste e altre scoperte sull&#8217;autismo, si possono ricavare numerosi suggerimenti concreti per progettare ambienti che promuovano la comunicazione, sia nella terapia che nella vita quotidiana. Ad esempio, un linguaggio non ambiguo, l&#8217;evitare formulazioni fuorvianti e ambigue e la creazione di strutture chiare e prevedibili di solito rendono pi\u00f9 facile per i bambini e i giovani con ASD iniziare a comunicare<strong> (Fig. 1)<\/strong>.<\/p>\n<p>&nbsp;<\/p>\n<p><img decoding=\"async\" class=\"size-full wp-image-14137 lazyload\" alt=\"\" data-src=\"https:\/\/medizinonline.com\/wp-content\/uploads\/2020\/08\/abb1_np4_s17.png\" style=\"--smush-placeholder-width: 1100px; --smush-placeholder-aspect-ratio: 1100\/722;height:394px; width:600px\" width=\"1100\" height=\"722\" src=\"data:image\/svg+xml;base64,PHN2ZyB3aWR0aD0iMSIgaGVpZ2h0PSIxIiB4bWxucz0iaHR0cDovL3d3dy53My5vcmcvMjAwMC9zdmciPjwvc3ZnPg==\"><\/p>\n<p>&nbsp;<\/p>\n<p><strong>Programmi di psicoeducazione e formazione dei genitori:<\/strong> Un altro elemento centrale del supporto alla comunicazione, che mostra un effetto di sostegno per tutti i bambini e gli adolescenti con ASD, \u00e8 la psicoeducazione dei genitori. Negli ultimi anni, sono emersi diversi programmi di formazione per genitori specifici per l&#8217;autismo, di cui due offerte in lingua tedesca sono state valutate scientificamente e classificate come basate sull&#8217;evidenza. Il focus di questi programmi \u00e8 l&#8217;educazione all&#8217;autismo, l&#8217;idea di empowerment e lo sviluppo delle competenze dei genitori per il supporto quotidiano e la promozione dei loro figli [5,6].<\/p>\n<p><strong>Approcci specifici per l&#8217;autismo all&#8217;acquisizione del linguaggio:<\/strong> un primo approccio metodologico per il gruppo di bambini senza linguaggio funzionale \u00e8 l&#8217;acquisizione del linguaggio attraverso la promozione mirata delle abilit\u00e0 precursori, tra cui la guida dell&#8217;attenzione, l&#8217;attenzione congiunta e l&#8217;imitazione. Negli approcci prevalentemente orientati alla terapia comportamentale, come i programmi basati sull&#8217;evidenza dell&#8217;A-FFIP, il Modello Denver Early Start o l&#8217;Analisi del Comportamento Applicata, queste abilit\u00e0 vengono allenate in modo ludico nella pratica o nelle situazioni quotidiane. Oltre a questi programmi complessi, esistono anche programmi di logopedia individuale per lo sviluppo del linguaggio specifico dell&#8217;autismo [7].<\/p>\n<p><strong>Comunicazione aumentativa e alternativa (AAC):<\/strong> spesso collegati ai servizi di sviluppo linguistico, i servizi AAC possono essere utilizzati per lo stesso gruppo target e per i bambini e gli adolescenti con un linguaggio funzionale limitato. La &#8220;Comunicazione Aumentativa e Alternativa&#8221; integra o sostituisce il linguaggio parlato e comprende sia gli ausili alla comunicazione corporea che quelli elettronici e non elettronici. Per i bambini e gli adolescenti con ASD, il Sistema di Comunicazione a Scambio di Immagini (PECS) come approccio basato sull&#8217;evidenza, l&#8217;uso di lavagne di comunicazione e ausili elettronici per la comunicazione e, in casi individuali, l&#8217;apprendimento dei segni si sono dimostrati particolarmente efficaci.<\/p>\n<p><strong>Supporto logopedico per lo sviluppo del linguaggio: il<\/strong> supporto logopedico in varie aree dello sviluppo del linguaggio (compreso il vocabolario, la grammatica, l&#8217;articolazione, l&#8217;acquisizione del linguaggio scritto) offre un&#8217;importante opportunit\u00e0 per ampliare le capacit\u00e0 comunicative di molti bambini e adolescenti con ASD, soprattutto quelli con un linguaggio funzionale leggermente o non compromesso. Grazie alla buona accessibilit\u00e0 della logopedia nel sistema educativo in Svizzera, il supporto logopedico \u00e8 attualmente uno dei servizi di supporto pi\u00f9 utilizzati per i bambini e gli adolescenti con ASD.<\/p>\n<p><strong>Programmi per promuovere le abilit\u00e0 comunicative e sociali: <\/strong>Gli attuali programmi per la promozione delle competenze comunicative e sociali affrontano principalmente i limiti gi\u00e0 spiegati delle competenze pragmatico-comunicative nei bambini e negli adolescenti con ASD. L&#8217;attuale discussione scientifica si concentra sulle terapie di gruppo specifiche per l&#8217;autismo, basate su prove di efficacia e progettate per bambini e adolescenti senza limitazioni significative nel linguaggio funzionale e nello sviluppo intellettuale. In questi programmi, avviene un esame mirato delle proprie peculiarit\u00e0 e un ampliamento delle competenze nella comunicazione e nell&#8217;interazione sociale [8]. Per la terapia individuale, esistono anche concetti e materiali sempre pi\u00f9 orientati alla comunicazione, come l&#8217;approccio delle storie sociali o le conversazioni a fumetti.<\/p>\n<h2 id=\"conclusione\">Conclusione<\/h2>\n<p>L&#8217;aumento delle conoscenze sulle particolari esigenze di supporto dei bambini e degli adolescenti con ASD ha portato allo sviluppo di numerosi concetti di supporto alla comunicazione specifici per l&#8217;autismo negli ultimi decenni. La sfida che dobbiamo affrontare nel presente consiste nel fornire in modo orientato alla domanda le offerte che sono considerate significative da una prospettiva scientifica. La necessit\u00e0 di agire in questo senso, nonostante gli sviluppi positivi degli ultimi anni, \u00e8 attestata anche dal Consiglio federale nel suo rapporto &#8220;Disturbi dello spettro autistico &#8211; Misure per migliorare la diagnosi, il trattamento e il sostegno delle persone con disturbi dello spettro autistico in Svizzera&#8221;, pubblicato nel 2018 [9].<\/p>\n<p>\nLetteratura:<\/p>\n<ol>\n<li>ICD-11 &#8211; Undicesima revisione dell&#8217;ICD dell&#8217;OMS. www.dimdi.de\/dynamic\/de\/klassifikationen\/icd\/icd-11\/<\/li>\n<li>Eberhardt M, Snippe K: (2016). Autismo e logopedia. Bilancio e prospettive. Logos, 1, 32-39.<\/li>\n<li>Preissmann C: (2020). Vivere con l&#8217;autismo. Un incoraggiamento. Stoccarda: Klett-Cotta.<\/li>\n<li>Vero G: (2020). L&#8217;altro bambino a scuola. L&#8217;autismo in classe. Stoccarda: Kohlhammer.<\/li>\n<li>Brehm B, Schill JE, Biscaldi M, Fleischhaker C: (2015). FETASS &#8211; Formazione dei genitori di Friburgo per i disturbi dello spettro autistico. Berlino: Springer.<\/li>\n<li>Schlitt S, Berndt K, Freitag CM: (2015). Il Frankfurt Autism Parent Training (FAUT-E). Stoccarda: Kohlhammer.<\/li>\n<li>Snippe K: (2015). Autismo: percorsi verso il linguaggio (2\u00aa edizione&nbsp;). Idstein: Schulz-Kirchner.<\/li>\n<li>Eckert A, Volkart F: (2016). Formazione sociale nella<\/li>\n<li>Gruppo per bambini e adolescenti con sindrome di Asperger o autismo ad alto funzionamento&nbsp;&#8211; Analisi della letteratura e riflessione pratica. Journal of Special Education, 8, 367-380.<\/li>\n<li>Consiglio federale (2018). Rapporto sui disturbi dello spettro autistico. Misure per migliorare la diagnosi, il trattamento e il supporto delle persone con disturbi dello spettro autistico in Svizzera. Berna: Confederazione Svizzera.<\/li>\n<\/ol>\n<p>&nbsp;<\/p>\n<p><em>InFo NEUROLOGIA &amp; PSICHIATRIA 2020; 18(4): 16-18.<\/em><\/p>\n","protected":false},"excerpt":{"rendered":"<p>I problemi nella comunicazione e nell&#8217;interazione sociale, insieme alla presenza di comportamenti, interessi e attivit\u00e0 ristretti e ripetitivi, costituiscono il criterio diagnostico centrale del disturbo dello spettro autistico (ASD). Una&hellip;<\/p>\n","protected":false},"author":7,"featured_media":97952,"comment_status":"closed","ping_status":"","sticky":false,"template":"","format":"standard","meta":{"_acf_changed":false,"pmpro_default_level":"","cat_1_feature_home_top":false,"cat_2_editor_pick":false,"csco_eyebrow_text":"Disturbi dello spettro autistico","footnotes":""},"category":[11519,11371,11443,11479,11550],"tags":[20987,24203,24209],"powerkit_post_featured":[],"class_list":["post-333574","post","type-post","status-publish","format-standard","has-post-thumbnail","category-formazione-continua","category-neurologia-it","category-pediatria-it","category-psichiatria-e-psicoterapia","category-rx-it","tag-ass-it","tag-disturbo-dello-spettro-autistico","tag-promozione-della-comunicazione","pmpro-has-access"],"acf":[],"publishpress_future_action":{"enabled":false,"date":"2026-05-05 08:57:46","action":"change-status","newStatus":"draft","terms":[],"taxonomy":"category","extraData":[]},"publishpress_future_workflow_manual_trigger":{"enabledWorkflows":[]},"wpml_current_locale":"it_IT","wpml_translations":{"pt_PT":{"locale":"pt_PT","id":333581,"slug":"promocao-da-comunicacao-na-infancia-e-adolescencia","post_title":"Promo\u00e7\u00e3o da comunica\u00e7\u00e3o na inf\u00e2ncia e adolesc\u00eancia","href":"https:\/\/medizinonline.com\/pt-pt\/promocao-da-comunicacao-na-infancia-e-adolescencia\/"},"es_ES":{"locale":"es_ES","id":333588,"slug":"promocion-de-la-comunicacion-en-la-infancia-y-la-adolescencia","post_title":"Promoci\u00f3n de la comunicaci\u00f3n en la infancia y la adolescencia","href":"https:\/\/medizinonline.com\/es\/promocion-de-la-comunicacion-en-la-infancia-y-la-adolescencia\/"}},"_links":{"self":[{"href":"https:\/\/medizinonline.com\/it\/wp-json\/wp\/v2\/posts\/333574","targetHints":{"allow":["GET"]}}],"collection":[{"href":"https:\/\/medizinonline.com\/it\/wp-json\/wp\/v2\/posts"}],"about":[{"href":"https:\/\/medizinonline.com\/it\/wp-json\/wp\/v2\/types\/post"}],"author":[{"embeddable":true,"href":"https:\/\/medizinonline.com\/it\/wp-json\/wp\/v2\/users\/7"}],"replies":[{"embeddable":true,"href":"https:\/\/medizinonline.com\/it\/wp-json\/wp\/v2\/comments?post=333574"}],"version-history":[{"count":0,"href":"https:\/\/medizinonline.com\/it\/wp-json\/wp\/v2\/posts\/333574\/revisions"}],"wp:featuredmedia":[{"embeddable":true,"href":"https:\/\/medizinonline.com\/it\/wp-json\/wp\/v2\/media\/97952"}],"wp:attachment":[{"href":"https:\/\/medizinonline.com\/it\/wp-json\/wp\/v2\/media?parent=333574"}],"wp:term":[{"taxonomy":"category","embeddable":true,"href":"https:\/\/medizinonline.com\/it\/wp-json\/wp\/v2\/category?post=333574"},{"taxonomy":"post_tag","embeddable":true,"href":"https:\/\/medizinonline.com\/it\/wp-json\/wp\/v2\/tags?post=333574"},{"taxonomy":"powerkit_post_featured","embeddable":true,"href":"https:\/\/medizinonline.com\/it\/wp-json\/wp\/v2\/powerkit_post_featured?post=333574"}],"curies":[{"name":"wp","href":"https:\/\/api.w.org\/{rel}","templated":true}]}}