{"id":333734,"date":"2020-07-26T02:00:00","date_gmt":"2020-07-26T00:00:00","guid":{"rendered":"https:\/\/medizinonline.com\/affinche-la-chemioterapia-non-diventi-una-faccenda-pelosa\/"},"modified":"2020-07-26T02:00:00","modified_gmt":"2020-07-26T00:00:00","slug":"affinche-la-chemioterapia-non-diventi-una-faccenda-pelosa","status":"publish","type":"post","link":"https:\/\/medizinonline.com\/it\/affinche-la-chemioterapia-non-diventi-una-faccenda-pelosa\/","title":{"rendered":"Affinch\u00e9 la chemioterapia non diventi una faccenda pelosa&#8230;"},"content":{"rendered":"<p><strong>Le ragioni della perdita di capelli sono molteplici, non ultimi i regimi di terapia oncologica, per esempio. Questa esperienza \u00e8 uno degli aspetti pi\u00f9 traumatici del trattamento. L&#8217;Haarwerkstatt di Basilea fornisce un prezioso supporto in questo caso. Che si tratti di una donna o di un uomo, di un bambino o di un adulto, le due parrucchiere trovano la soluzione giusta per tutti gli interessati.<\/strong><\/p>\n<p> <!--more--> <\/p>\n<p>Il carico dei pazienti oncologici \u00e8 grande. Se i capelli cadono durante la chemioterapia o la radioterapia, la psiche gi\u00e0 stressata ne risente ancora di pi\u00f9. Secondo una ricerca, le donne soffrono maggiormente di perdita di capelli rispetto agli uomini. Per circa la met\u00e0 delle persone colpite, questa esperienza \u00e8 uno degli eventi pi\u00f9 traumatici della terapia oncologica. L&#8217;8% considera addirittura di rifiutare la chemioterapia per paura del cambiamento fisico. Questo allontanamento dalla propria immagine corporea turba molte delle persone colpite. Inoltre, la malattia diventa improvvisamente visibile al mondo esterno. I pazienti si sentono stigmatizzati in quanto malati di cancro ed esposti ai pregiudizi della societ\u00e0. Alleviare questi effetti della malattia \u00e8 l&#8217;obiettivo dell&#8217;Haarwerkstatt di Basilea. Oltre a parrucche, toupet e parrucchini, il parrucchiere offre anche turbanti, berretti, berrette e cappelli, alcuni dei quali sono realizzati esclusivamente a Basilea. I consigli sul trucco, sulle sopracciglia e sulle ciglia completano il portfolio. Perch\u00e9 le due proprietarie Andrea Blick e Susanna Piccarreta sanno cosa stanno facendo. Come truccatori e parrucchieri, hanno imparato il loro mestiere da zero.<\/p>\n<p><strong>Cara signora Piccarreta, cara signora Blick, cosa offrite esattamente nell&#8217;atelier dei capelli?<\/strong><\/p>\n<p>Siamo un negozio di parrucche nel cuore di Basilea e offriamo parrucche, toupet e toupets in capelli sintetici e umani. I nostri clienti sono persone che hanno una qualche forma di problema con i capelli, cio\u00e8 una perdita di capelli parziale o universale. Una gran parte di questi sono pazienti in chemioterapia. In qualit\u00e0 di truccatori qualificati, siamo anche parrucchieri e possiamo quindi realizzare noi stessi parrucche e toupet, oltre che adattarli, ripararli e curarli. Trover\u00e0 anche diversi bellissimi copricapi, alcuni dei quali realizzati in esclusiva per noi a Basilea. Oltre alle parrucche, anche queste sono molto importanti e utili durante il periodo senza capelli. Offriamo anche consulenze per sopracciglia, ciglia e trucco. Per i clienti con prescrizione medica, ci occupiamo anche del processo di fatturazione con l&#8217;AVS\/AI.<\/p>\n<p>&nbsp;<\/p>\n<p><img fetchpriority=\"high\" decoding=\"async\" class=\" size-full wp-image-13760\" alt=\"\" src=\"https:\/\/medizinonline.com\/wp-content\/uploads\/2020\/07\/abb1_oh2_s30_0.jpg\" style=\"height:356px; width:400px\" width=\"924\" height=\"822\" srcset=\"https:\/\/medizinonline.com\/wp-content\/uploads\/2020\/07\/abb1_oh2_s30_0.jpg 924w, https:\/\/medizinonline.com\/wp-content\/uploads\/2020\/07\/abb1_oh2_s30_0-800x712.jpg 800w, https:\/\/medizinonline.com\/wp-content\/uploads\/2020\/07\/abb1_oh2_s30_0-120x107.jpg 120w, https:\/\/medizinonline.com\/wp-content\/uploads\/2020\/07\/abb1_oh2_s30_0-90x80.jpg 90w, https:\/\/medizinonline.com\/wp-content\/uploads\/2020\/07\/abb1_oh2_s30_0-320x285.jpg 320w, https:\/\/medizinonline.com\/wp-content\/uploads\/2020\/07\/abb1_oh2_s30_0-560x498.jpg 560w\" sizes=\"(max-width: 924px) 100vw, 924px\" \/><\/p>\n<p>&nbsp;<\/p>\n<p><strong>Come \u00e8 nato l&#8217;atelier dei capelli?<\/strong><\/p>\n<p>Ci siamo conosciuti mentre lavoravamo al Theater Basel. In qualit\u00e0 di truccatori con una formazione e un bagaglio professionale proveniente dal teatro, abbiamo imparato il mestiere della parrucca da zero. Al giorno d&#8217;oggi, il teatro \u00e8 l&#8217;unico posto dove si pu\u00f2 ancora imparare a fare le parrucche. Dal momento che la maggior parte degli altri negozi di parrucche hanno il loro background principalmente nel settore dell&#8217;hairdressing, era giunto il momento per noi di colmare questa lacuna nel mercato e di creare un&#8217;offerta in cui i capelli e le parrucche possono essere realizzati da noi stessi da un lato, oppure abbiamo la creativit\u00e0 e il know-how necessario per personalizzare i modelli prefabbricati nella misura necessaria. Abbiamo poi aperto il nostro negozio il 01.05.2018.<\/p>\n<p><strong>Su cosa pone particolare enfasi nella sua consulenza?<\/strong><\/p>\n<p>Ci prendiamo sicuramente il nostro tempo e la nostra tranquillit\u00e0 per la consultazione. Abbiamo progettato i locali in modo tale che noi stessi e la clientela si sentano a proprio agio. Rispondiamo alle esigenze di ogni persona con grande empatia e comprensione, pur mantenendo elevati standard estetici per il nostro aspetto e i nostri prodotti. Perseguiamo una consulenza individuale senza pressioni, con un prodotto finale in cui i clienti si riconoscono e che possono integrare nella loro immagine esteriore e quindi indossare con benessere.<\/p>\n<p>Quando possibile, lavoriamo anche in modo da preservare le risorse. Gran parte dei nostri capi di abbigliamento (jersey, maglieria, ecc.) sono prodotti a Basilea, utilizzando tra l&#8217;altro materiali sostenibili. Le consultazioni per il trucco si svolgono presso la nostra sede.<\/p>\n<p>Inoltre, manteniamo un vivace scambio con i nostri partner. Tra questi, il personale medico e infermieristico di oncologia e dermatologia, gli uffici dell&#8217;AVS\/AI nei vari cantoni, nonch\u00e9 i fornitori e i produttori dei nostri prodotti. In questo contesto, abbiamo anche partecipato a diversi eventi, come il Congresso Infermieristico di Oncologia a Berna, l&#8217;Info Day sul cancro al seno dell&#8217;Ospedale Bethesda di Basilea e l&#8217;Info Day sul cancro dell&#8217;Ospedale Universitario di Basilea. Abbiamo anche condotto dei corsi di formazione per la Lega polmonare di Basilea sul tema delle &#8220;impressioni di mascheramento delle maschere per l&#8217;apnea del sonno&#8221;. Noi stessi, inoltre, partecipiamo regolarmente a corsi di formazione e ci colleghiamo con laboratori simili in patria e all&#8217;estero.<\/p>\n<p>&nbsp;<\/p>\n<p><img decoding=\"async\" class=\"size-full wp-image-13761 lazyload\" alt=\"\" data-src=\"https:\/\/medizinonline.com\/wp-content\/uploads\/2020\/07\/abb2_oh2_s30_0.jpg\" style=\"--smush-placeholder-width: 1100px; --smush-placeholder-aspect-ratio: 1100\/474;height:259px; width:600px\" width=\"1100\" height=\"474\" data-srcset=\"https:\/\/medizinonline.com\/wp-content\/uploads\/2020\/07\/abb2_oh2_s30_0.jpg 1100w, https:\/\/medizinonline.com\/wp-content\/uploads\/2020\/07\/abb2_oh2_s30_0-800x345.jpg 800w, https:\/\/medizinonline.com\/wp-content\/uploads\/2020\/07\/abb2_oh2_s30_0-120x52.jpg 120w, https:\/\/medizinonline.com\/wp-content\/uploads\/2020\/07\/abb2_oh2_s30_0-90x39.jpg 90w, https:\/\/medizinonline.com\/wp-content\/uploads\/2020\/07\/abb2_oh2_s30_0-320x138.jpg 320w, https:\/\/medizinonline.com\/wp-content\/uploads\/2020\/07\/abb2_oh2_s30_0-560x241.jpg 560w\" data-sizes=\"(max-width: 1100px) 100vw, 1100px\" src=\"data:image\/svg+xml;base64,PHN2ZyB3aWR0aD0iMSIgaGVpZ2h0PSIxIiB4bWxucz0iaHR0cDovL3d3dy53My5vcmcvMjAwMC9zdmciPjwvc3ZnPg==\" \/><\/p>\n<p>&nbsp;<\/p>\n<p><strong>I ricercatori stanno lavorando sodo per ridurre la perdita di capelli durante la chemioterapia. Attualmente si lavora con le &#8220;cuffiette fredde&#8221;. Quale feedback ha ricevuto dai suoi clienti a questo proposito?<\/strong><\/p>\n<p>Per quanto ne sappiamo, le capsule fredde vengono utilizzate per raffreddare il cuoio capelluto durante la chemioterapia, per prevenire la perdita di capelli. Naturalmente, non conosciamo i risultati esatti dell&#8217;indagine. Ma abbiamo sempre clienti che perdono la maggior parte dei capelli nonostante la cuffia fredda. A volte questo processo viene rallentato, ma questo porta comunque le persone a optare per una parrucca. Ci sono anche clienti che non sopportano il freddo del cofano. Inoltre, la chemioterapia modifica la capacit\u00e0 dei capelli di essere acconciati in ogni caso; i clienti lo riferiscono spesso dopo il primo giorno di chemioterapia e anche per noi \u00e8 visibile e percepibile.<\/p>\n<p>&nbsp;<\/p>\n<p><em>InFo ONCOLOGIA &amp; EMATOLOGIA 2020; 8(2): 30-31<\/em><\/p>\n","protected":false},"excerpt":{"rendered":"<p>Le ragioni della perdita di capelli sono molteplici, non ultimi i regimi di terapia oncologica, per esempio. Questa esperienza \u00e8 uno degli aspetti pi\u00f9 traumatici del trattamento. L&#8217;Haarwerkstatt di Basilea&hellip;<\/p>\n","protected":false},"author":7,"featured_media":96483,"comment_status":"closed","ping_status":"","sticky":false,"template":"","format":"standard","meta":{"_acf_changed":false,"pmpro_default_level":"","cat_1_feature_home_top":false,"cat_2_editor_pick":false,"csco_eyebrow_text":"Alopecia","footnotes":""},"category":[11351,11519,11525,11511,11376,11479,11550],"tags":[12250,24488,12254],"powerkit_post_featured":[],"class_list":["post-333734","post","type-post","status-publish","format-standard","has-post-thumbnail","category-dermatologia-e-venereologia","category-formazione-continua","category-interviste","category-notizie","category-oncologia-it","category-psichiatria-e-psicoterapia","category-rx-it","tag-alopecia-it","tag-parrucca","tag-perdita-di-capelli","pmpro-has-access"],"acf":[],"publishpress_future_action":{"enabled":false,"date":"2026-05-07 10:33:28","action":"change-status","newStatus":"draft","terms":[],"taxonomy":"category","extraData":[]},"publishpress_future_workflow_manual_trigger":{"enabledWorkflows":[]},"wpml_current_locale":"it_IT","wpml_translations":{"pt_PT":{"locale":"pt_PT","id":333703,"slug":"para-que-a-quimioterapia-nao-se-torne-um-caso-cabeludo","post_title":"Para que a quimioterapia n\u00e3o se torne um caso cabeludo","href":"https:\/\/medizinonline.com\/pt-pt\/para-que-a-quimioterapia-nao-se-torne-um-caso-cabeludo\/"},"es_ES":{"locale":"es_ES","id":333714,"slug":"para-que-la-quimioterapia-no-se-convierta-en-un-asunto-peliagudo","post_title":"Para que la quimioterapia no se convierta en un asunto peliagudo","href":"https:\/\/medizinonline.com\/es\/para-que-la-quimioterapia-no-se-convierta-en-un-asunto-peliagudo\/"}},"_links":{"self":[{"href":"https:\/\/medizinonline.com\/it\/wp-json\/wp\/v2\/posts\/333734","targetHints":{"allow":["GET"]}}],"collection":[{"href":"https:\/\/medizinonline.com\/it\/wp-json\/wp\/v2\/posts"}],"about":[{"href":"https:\/\/medizinonline.com\/it\/wp-json\/wp\/v2\/types\/post"}],"author":[{"embeddable":true,"href":"https:\/\/medizinonline.com\/it\/wp-json\/wp\/v2\/users\/7"}],"replies":[{"embeddable":true,"href":"https:\/\/medizinonline.com\/it\/wp-json\/wp\/v2\/comments?post=333734"}],"version-history":[{"count":0,"href":"https:\/\/medizinonline.com\/it\/wp-json\/wp\/v2\/posts\/333734\/revisions"}],"wp:featuredmedia":[{"embeddable":true,"href":"https:\/\/medizinonline.com\/it\/wp-json\/wp\/v2\/media\/96483"}],"wp:attachment":[{"href":"https:\/\/medizinonline.com\/it\/wp-json\/wp\/v2\/media?parent=333734"}],"wp:term":[{"taxonomy":"category","embeddable":true,"href":"https:\/\/medizinonline.com\/it\/wp-json\/wp\/v2\/category?post=333734"},{"taxonomy":"post_tag","embeddable":true,"href":"https:\/\/medizinonline.com\/it\/wp-json\/wp\/v2\/tags?post=333734"},{"taxonomy":"powerkit_post_featured","embeddable":true,"href":"https:\/\/medizinonline.com\/it\/wp-json\/wp\/v2\/powerkit_post_featured?post=333734"}],"curies":[{"name":"wp","href":"https:\/\/api.w.org\/{rel}","templated":true}]}}