{"id":333905,"date":"2020-07-06T02:00:00","date_gmt":"2020-07-06T00:00:00","guid":{"rendered":"https:\/\/medizinonline.com\/malattie-neurovascolari-ed-emicrania-due-facce-della-stessa-medaglia\/"},"modified":"2020-07-06T02:00:00","modified_gmt":"2020-07-06T00:00:00","slug":"malattie-neurovascolari-ed-emicrania-due-facce-della-stessa-medaglia","status":"publish","type":"post","link":"https:\/\/medizinonline.com\/it\/malattie-neurovascolari-ed-emicrania-due-facce-della-stessa-medaglia\/","title":{"rendered":"Malattie neurovascolari ed emicrania &#8211; due facce della stessa medaglia"},"content":{"rendered":"<p><strong>Esistono diverse connessioni fisiopatologiche e clinicamente rilevanti tra le malattie neurovascolari e l&#8217;emicrania. Da questo punto di vista, rappresentano due facce della stessa medaglia, ed entrambe dovrebbero essere riconosciute e prese in considerazione nella diagnosi e nel trattamento dei pazienti con emicrania.<\/strong><\/p>\n<p> <!--more--> <\/p>\n<p>Esistono diverse connessioni fisiopatologiche e clinicamente rilevanti tra le malattie neurovascolari e l&#8217;emicrania. Da questo punto di vista, rappresentano due facce della stessa medaglia, ed entrambe dovrebbero essere riconosciute e prese in considerazione nella diagnosi e nel trattamento dei pazienti con emicrania. Di seguito, vorremmo fornire una panoramica delle interrelazioni rilevanti e delle loro implicazioni cliniche.<\/p>\n<p>Il mal di testa in generale e l&#8217;emicrania in particolare sono tra i disturbi neurologici pi\u00f9 comuni, con una prevalenza nell&#8217;arco della vita di circa il 15% per l&#8217;emicrania [1]. Esiste una complessa associazione dell&#8217;emicrania con le malattie neurovascolari [2,3]. Questo vale anche, in particolare, per il danno microvascolare nel senso di microangiopatia cerebrale. La malattia dei piccoli vasi cerebrali (SVD) \u00e8 clinicamente rilevante nel contesto della malattia neurovascolare per una serie di motivi: \u00e8 una causa comune di ictus ischemico e di emorragia intracerebrale a causa della sua associazione con l&#8217;ipertensione arteriosa. \u00c8 anche la base pi\u00f9 comune dei disturbi cognitivi vascolari, compreso lo sviluppo della demenza vascolare. L&#8217;evidenza di cambiamenti microvascolari si trova anche nell&#8217;emicrania.<\/p>\n<h2 id=\"cambiamenti-microvascolari\">Cambiamenti microvascolari<\/h2>\n<p>La conoscenza di questo aspetto deriva non da ultimo dalla malattia ereditaria monogenica dell&#8217;ictus CADASIL (Arteriopatia Cerebrale Autosomica Dominante con Infarti Sottocorticali e Leucencefalopatia). Questo non \u00e8 solo associato a ictus microangiopatici, ma anche all&#8217;emicrania in pi\u00f9 di un terzo dei pazienti, soprattutto in giovane et\u00e0 [4,5]; l&#8217;emicrania, di solito con aura, \u00e8 spesso il primo sintomo della malattia, con sintomi di aura atipici o isolati che sono caratteristici. Le tipiche lesioni microangiopatiche ischemiche midollari (&#8220;iperintensit\u00e0 della materia bianca&#8221;\/WMH) sono riscontrabili nella diagnostica per immagini di questa malattia, che \u00e8 la forma ereditaria pi\u00f9 comune di ictus [6].<\/p>\n<p>Tuttavia, la presenza di lesioni ischemiche midollari non si riscontra solo nell&#8217;emicrania nel contesto di questa microangiopatia ereditaria. Gli studi hanno ripetutamente dimostrato che anche nella comune emicrania sporadica, talvolta si riscontrano lesioni midollari nel senso di WMH, anche se prevalentemente in forma molto meno pronunciata [7\u20139].<\/p>\n<p>Questo \u00e8 stato dimostrato in particolare nel cosiddetto studio CAMERA [7,8], in cui \u00e8 stata riscontrata una presenza associata all&#8217;emicrania di WMH profondi nei pazienti affetti da emicrania. Come ulteriore collegamento tra il danno neurovascolare e l&#8217;emicrania, nell&#8217;emicrania sono state riscontrate anche lesioni T2 di aspetto ischemico, in particolare nell&#8217;area di alimentazione vertebrobasilare, che vengono definite &#8220;lesioni simil-infartuali&#8221;. Questi sono stati riscontrati &#8211; soprattutto nell&#8217;emicrania con aura &#8211; con una frequenza pi\u00f9 che quintuplicata rispetto ai controlli sani e, cosa interessante, sono stati associati a una maggiore frequenza degli attacchi. Dal punto di vista fisiopatologico, vengono discussi i cambiamenti microvascolari ed emodinamici associati all&#8217;emicrania. I dati longitudinali degli studi di follow-up CAMERA, raccolti circa 9 anni dopo lo studio originale [9], hanno indicato che queste lesioni midollari profonde possono essere soggette a progressione nell&#8217;emicrania, pi\u00f9 che nei soggetti di controllo senza emicrania. Sullo sfondo della suddetta relazione della microangiopatia con i disturbi cognitivi vascolari, si pone la questione delle implicazioni cliniche di queste lesioni midollari &#8211; a volte progressive &#8211; sulle funzioni cognitive, tra l&#8217;altro: tuttavia, non \u00e8 stata ancora dimostrata alcuna chiara associazione a questo proposito nell&#8217;emicrania sporadica, il che \u00e8 forse da vedere anche nel contesto dell&#8217;espressione e del carico di lesioni, che, come detto, \u00e8 significativamente inferiore nell&#8217;emicrania sporadica rispetto, ad esempio, alla microangiopatia ereditaria. Interessante in questo contesto: un recente lavoro [10] non ha riscontrato un aumento del rischio di demenza nei pazienti con emicrania, indipendentemente dalla questione dell&#8217;importanza delle lesioni midollari.<\/p>\n<p>Un altro marcatore di imaging per una microangiopatia sono i cosiddetti microbleeds cerebrali (CMB). Questi si trovano in vari gradi e distribuzione nelle sequenze di risonanza magnetica sensibili al sangue (come la sequenza SWI: imaging con pesatura della suscettibilit\u00e0) in circa il 30% dei pazienti con microangiopatia cerebrale. \u00c8 interessante notare che esiste anche un&#8217;evidenza di associazione con l&#8217;emicrania per questo marcatore di danno microvascolare: le microemorragie infratentoriali sono state riscontrate pi\u00f9 frequentemente nei pazienti anziani con una storia di emicrania, in questo caso pi\u00f9 probabilmente nell&#8217;emicrania senza aura. Inoltre, la co-occorrenza di microemorragie e ictus \u00e8 stata riscontrata pi\u00f9 frequentemente nei pazienti con emicrania [11].<\/p>\n<h2 id=\"fisiopatologia\">Fisiopatologia<\/h2>\n<p>Esistono diverse spiegazioni potenziali per la fisiopatologia dei disturbi microvascolari nell&#8217;emicrania sporadica: Gli studi spettroscopici di risonanza magnetica delle lesioni midollari, per esempio, indicano un danno assonale gliale e disturbi nel metabolismo energetico cellulare [12]. Nel complesso, la patogenesi non \u00e8 stata chiarita in modo definitivo ed \u00e8 presumibilmente complessa: sono state discusse diverse basi fisiopatologiche delle lesioni vascolari-impressive nell&#8217;emicrania, tra cui disturbi microvascolari (ipoperfusione cerebrale, vasoreattivit\u00e0 disturbata, danni all&#8217;endotelio vascolare), meccanismi tromboembolici e un disturbo della barriera emato-encefalica. In definitiva, questi diversi meccanismi potrebbero in futuro fornire indizi per altri marcatori di malattia &#8211; non basati sulla risonanza magnetica &#8211; nell&#8217;emicrania, come i biomarcatori basati sul sangue, come gi\u00e0 suggerito in alcuni studi [13,14]. Sarebbe auspicabile disporre di biomarcatori affidabili come marcatori della diagnosi differenziale, dell&#8217;attivit\u00e0 della malattia o anche della valutazione prognostica o del rischio di ictus nell&#8217;emicrania, anche perch\u00e9 la diagnosi di emicrania si basa ancora esclusivamente sulla storia clinica secondo i criteri diagnostici della Societ\u00e0 Internazionale delle Cefalee (IHS) [15].<\/p>\n<h2 id=\"aumento-del-rischio-di-ulteriori-malattie-vascolari\">Aumento del rischio di ulteriori malattie vascolari<\/h2>\n<p>Oltre al legame tra emicrania e disturbi microvascolari, esistono molti altri collegamenti, ad esempio in termini epidemiologici, clinici o addirittura genetico-fisiologici. Tre grandi meta-analisi, tra le altre, hanno studiato la relazione tra emicrania e ictus ischemico [16\u201318] e sono state in grado di mostrare un robusto aumento del rischio di ictus nell&#8217;emicrania, soprattutto nell&#8217;emicrania con aura. Inoltre, uno studio [19] mostra un legame tra l&#8217;emicrania e altri fenotipi vascolari (infarto miocardico e malattia arteriosa periferica). Inoltre, gli attacchi di emicrania con aura possono portare direttamente a un ictus, che viene definito infarto emicranico [15], un&#8217;entit\u00e0 piuttosto rara e anche controversa.<\/p>\n<p>Clinicamente significativo \u00e8 che gli attacchi gravi di emicrania con aura (ad esempio con sintomi motori o altri sintomi di aura gravi), soprattutto nella prima manifestazione, possono simulare la presenza di un ictus (ictus mimico). Al contrario, l&#8217;ischemia cerebrale pu\u00f2 sia simulare un attacco di emicrania che scatenare attacchi di emicrania sintomatici, in particolare se esiste una suscettibilit\u00e0 all&#8217;emicrania sottostante [20]. Pertanto, si consiglia particolare cautela nei pazienti con emicrania nota e sintomi sconosciuti o nuovi deficit neurologici focali. A parte questo, secondo dati recenti, la cefalea in generale sembra essere un sintomo piuttosto sottovalutato nel contesto dell&#8217;ischemia cerebrale acuta [21].<\/p>\n<p>&nbsp;<\/p>\n<p><img fetchpriority=\"high\" decoding=\"async\" class=\" size-full wp-image-14133\" alt=\"\" src=\"https:\/\/medizinonline.com\/wp-content\/uploads\/2020\/07\/tab1_np4_s8.png\" style=\"height:559px; width:600px\" width=\"1100\" height=\"1025\" srcset=\"https:\/\/medizinonline.com\/wp-content\/uploads\/2020\/07\/tab1_np4_s8.png 1100w, https:\/\/medizinonline.com\/wp-content\/uploads\/2020\/07\/tab1_np4_s8-800x745.png 800w, https:\/\/medizinonline.com\/wp-content\/uploads\/2020\/07\/tab1_np4_s8-120x112.png 120w, https:\/\/medizinonline.com\/wp-content\/uploads\/2020\/07\/tab1_np4_s8-90x84.png 90w, https:\/\/medizinonline.com\/wp-content\/uploads\/2020\/07\/tab1_np4_s8-320x298.png 320w, https:\/\/medizinonline.com\/wp-content\/uploads\/2020\/07\/tab1_np4_s8-560x522.png 560w\" sizes=\"(max-width: 1100px) 100vw, 1100px\" \/><\/p>\n<p>&nbsp;<\/p>\n<p>Infine, in questo contesto va menzionata la connessione tra emicrania (soprattutto senza aura) e dissezione vascolare [22,23]. Sullo sfondo degli attuali studi genetici &#8211; l&#8217;associazione di un&#8217;alterazione genetica nel gene PHACTR1 con l&#8217;emicrania [24] da un lato, ma anche con le dissezioni [25] e altri fenotipi vascolari (ad esempio, infarto del miocardio o displasia fibromuscolare) &#8211; questo ha anche un significato fisiopatologico. Esistono prove di disfunzione endoteliale [26]. Un elenco delle complesse interrelazioni tra le malattie neurovascolari e l&#8217;emicrania a diversi livelli si trova nella <strong>tabella&nbsp;1<\/strong>.<\/p>\n<h2 id=\"messaggi-da-portare-a-casa\">Messaggi da portare a casa<\/h2>\n<ul>\n<li>Esiste un&#8217;interrelazione sfaccettata tra l&#8217;emicrania e i disturbi neurovascolari, soprattutto microvascolari, che gioca un ruolo nella gestione clinica dei pazienti emicranici.<\/li>\n<li>L&#8217;emicrania (soprattutto con aura) \u00e8 un sintomo precoce tipico della microangiopatia ereditaria CADASIL. Questo dovrebbe essere considerato come diagnosi differenziale se sono presenti sintomi atipici di aura, se ci sono alterazioni midollari marcate (WMH) o se c&#8217;\u00e8 un&#8217;anamnesi familiare positiva di emicrania, ictus o demenza.<\/li>\n<li>Una maggiore prevalenza di WMH si riscontra nell&#8217;emicrania sporadica, soprattutto nelle donne. A volte questi si manifestano in modo progressivo nel tempo. La conoscenza di questo aspetto \u00e8 importante per la diagnosi differenziale dei cambiamenti infiammatori, ad esempio nel contesto della SM nei pazienti pi\u00f9 giovani.<\/li>\n<li>La rilevanza clinica della WMH nell&#8217;emicrania non \u00e8 ancora stata chiarita in modo definitivo, e chi ne soffre non dovrebbe essere inutilmente turbato.<\/li>\n<li>Oltre alla WMH, le lesioni ischemiche cerebellari a.e. si trovano frequentemente nell&#8217;emicrania (in particolare con aura), il che pu\u00f2 essere correlato alla fisiopatologia e alla presenza particolarmente occipitale delle auree emicraniche (nel senso di auree visive).<\/li>\n<li>In quanto malattia clinicamente episodica, l&#8217;emicrania presenta quindi anche caratteristiche &#8220;croniche&#8221;.<\/li>\n<li>L&#8217;emicrania &#8211; soprattutto quella con aura &#8211; \u00e8 associata a un aumento del rischio di ictus.<\/li>\n<li>I veri infarti da emicrania sono probabilmente rari. L&#8217;ictus pu\u00f2 scatenare l&#8217;aura di emicrania.<\/li>\n<li>Esiste un legame epidemiologico, genetico e fisiopatologico tra l&#8217;emicrania e le dissezioni dei vasi cerebrali.<\/li>\n<\/ul>\n<p>&nbsp;<\/p>\n<p>\nLetteratura:<\/p>\n<ol>\n<li>Stovner Lj, Hagen K, Jensen R, et al: L&#8217;onere globale della cefalea: una documentazione della prevalenza della cefalea e della disabilit\u00e0 a livello mondiale. Cefalalgia. 2007; 27: 193-210.<\/li>\n<li>Freilinger C, Schubert V, Auffenberg E, Freilinger T: Emicrania e malattie vascolari. Il Neurologo &amp; Psichiatra 2016; 17: 38-46.<\/li>\n<li>Malik R, Winsvold B, Auffenberg E, et al: La connessione emicrania &#8211; malattia vascolare: una prospettiva genetica. Cefalalgia 2016; 36: 658-668<\/li>\n<li>Vahedi K, Chabriat H, Levy C, et al. Emicrania con aura e anomalie della risonanza magnetica cerebrale nei pazienti con CADASIL. Arch Neurol 2004; 61: 1237-1240.<\/li>\n<li>Guey S, Mawet J, Herv\u00e9 D, et al: Prevalenza e caratteristiche dell&#8217;emicrania in CADASIL. Cefalalgia 2016; 36: 1038-1047<\/li>\n<li>Chabriat H, Joutel A, Dichgans M, et al: CADASIL. Lancet Neurol 2009; 8: 643-653.<\/li>\n<li>Kruit MC, van Buchem MA, Hofman PA, et al: L&#8217;emicrania come fattore di rischio per le lesioni cerebrali subcliniche. Jama 2004; 291: 427-434.<\/li>\n<li>Kruit MC, Launer LJ, Ferrari MD, et al.: Infarti nel territorio del circolo posteriore nell&#8217;emicrania. Lo studio MRI CAMERA basato sulla popolazione. Brain 2005; 128: 2068-2077.<\/li>\n<li>Palm-Meinders IH, Koppen H, Terwindt GM, et al: Cambiamenti strutturali del cervello nell&#8217;emicrania. JAMA. 2012; 308: 1889-1897.<\/li>\n<li>George KM, Folsom AR, Sharrett AR, et al: Emicrania e rischio di demenza nell&#8217;Atherosclerosis Risk in Communities Neurocognitive Study. Cefalea 2020 maggio; 60 (5): 946-53<\/li>\n<li>Arkink EB, Terwindt GM, de Craen AJ, et al: Gruppo di studio PROSPER. Microemorragie infratentoriali: un altro segno di microangiopatia nell&#8217;emicrania. Ictus. 2015; 46: 1987-1989.<\/li>\n<li>Erd\u00e9lyi-B\u00f3tor S1, Aradi M, Kamson DO, et al: Cambiamenti delle iperintensit\u00e0 della materia bianca legate all&#8217;emicrania dopo 3 anni: uno studio longitudinale di risonanza magnetica. Mal di testa. 2015; 55: 55-70.<\/li>\n<li>Liman TG, Bachelier-Walenta K, Neeb L, et al: (2015). Microparticelle endoteliali circolanti nelle donne con emicrania con aura. Cefalalgia : rivista internazionale di cefalea, 35(2), 88-94.<\/li>\n<li>Pescini F, Donnini I, Cesari F, et al: (2017). Biomarcatori circolanti nei pazienti affetti da Arteriopatia Autosomica Dominante Cerebrale con Infarti Sottocorticali e Leucoencefalopatia. Journal of stroke and cerebrovascular diseases: the official journal of National Stroke Association, 26(4), 823-833.<\/li>\n<li>Comitato di classificazione delle cefalee della Societ\u00e0 internazionale delle cefalee (IHS) (2013). La Classificazione Internazionale dei Disturbi da Cefalea, 3\u00aa edizione (versione beta). Cefalalgia : rivista internazionale di cefalea, 33(9), 629-808.<\/li>\n<li>Etminan M, Takkouche B, Isorna FC e altri. Rischio di ictus ischemico nelle persone con emicrania: revisione sistematica e meta-analisi di studi osservazionali. Bmj 2005; 330: 63<\/li>\n<li>Schurks M, Rist PM, Bigal ME, et al: Emicrania e malattie cardiovascolari: revisione sistematica e meta-analisi. Bmj 2009; 339: b3914.<\/li>\n<li>Spector JT, Kahn SR, Jones MR e altri. Emicrania e rischio di ictus ischemico: una meta-analisi aggiornata. Am J Med 2010;123: 612-624.<\/li>\n<li>Bigal ME, Kurth T, Santanello N, et al.: Migrazione e malattie cardiovascolari: uno studio basato sulla popolazione. Neurologia 2010; 74: 628- 635<\/li>\n<li>Olesen J, Friberg L, Olsen TS, et al: (1993). Gli attacchi di emicrania indotti dall&#8217;ischemia (sintomatici) possono essere pi\u00f9 frequenti degli insulti ischemici indotti dall&#8217;emicrania. Brain: a journal of neurology, 116 (Pt 1), 187-202.<\/li>\n<li>Harriott KA (2020): Cefalea dopo un ictus ischemico. Neurologia 94 (1) e75-e86;<\/li>\n<li>Rist PM, Diener HC, Kurth T, et al.: Emicrania, aura emicranica e dissecazione dell&#8217;arteria cervicale: revisione sistematica e meta-analisi. Cefalalgia 2011; 31(8): 886-896.<\/li>\n<li>Metso TM, Tatlisumak T, Debette S, et al: Mi- graina nei pazienti con dissezione dell&#8217;arteria cervicale e ictus ischemico. Neurologia 2012; 78(16): 1221-1228. Dissezioni<\/li>\n<li>Freilinger T, Anttila V, de Vries B, et al: International Headache Genetics Consortium (2012). L&#8217;analisi di associazione genome-wide identifica i loci di suscettibilit\u00e0 per l&#8217;emicrania senza aura. Genetica della natura, 44(7), 777-782.<\/li>\n<li>Debette S, Kamatani Y, Metso TM, et al: Una variazione comune in PHACTR1 \u00e8 associata alla predisposizione alla dissezione dell&#8217;arteria cervicale. Nat Genet. 2015;47(1):78\u201383. doi:10.1038\/ng.3154<\/li>\n<li>Gupta RM, Hadaya J, Trehan A, et al: (2017). Una variante genetica associata a cinque malattie vascolari \u00e8 un regolatore distale dell&#8217;espressione genica dell&#8217;Endotelina-1. Cellula, 170(3), 522-533.e15.<\/li>\n<li>Li L, Schulz UG, Kuker W, et al: Oxford Vascular Study (2015). Associazione et\u00e0-specifica dell&#8217;emicrania con TIA criptogenetico e ictus: studio basato sulla popolazione. Neurologia, 85(17), 1444-1451.<\/li>\n<\/ol>\n<p>&nbsp;<\/p>\n<p><em>InFo NEUROLOGIA &amp; PSICHIATRIA 2020; 18(4): 6-9.<\/em><\/p>\n","protected":false},"excerpt":{"rendered":"<p>Esistono diverse connessioni fisiopatologiche e clinicamente rilevanti tra le malattie neurovascolari e l&#8217;emicrania. Da questo punto di vista, rappresentano due facce della stessa medaglia, ed entrambe dovrebbero essere riconosciute e&hellip;<\/p>\n","protected":false},"author":7,"featured_media":97942,"comment_status":"closed","ping_status":"closed","sticky":false,"template":"","format":"standard","meta":{"_acf_changed":false,"pmpro_default_level":"","cat_1_feature_home_top":false,"cat_2_editor_pick":false,"csco_eyebrow_text":"Mal di testa","footnotes":""},"category":[11519,11371,11550],"tags":[13884,12711,24846,24851],"powerkit_post_featured":[],"class_list":["post-333905","post","type-post","status-publish","format-standard","has-post-thumbnail","category-formazione-continua","category-neurologia-it","category-rx-it","tag-emicrania","tag-ictus","tag-mal-di-testa-it","tag-microangiopatia","pmpro-has-access"],"acf":[],"publishpress_future_action":{"enabled":false,"date":"2026-05-07 17:02:34","action":"change-status","newStatus":"draft","terms":[],"taxonomy":"category","extraData":[]},"publishpress_future_workflow_manual_trigger":{"enabledWorkflows":[]},"wpml_current_locale":"it_IT","wpml_translations":{"pt_PT":{"locale":"pt_PT","id":333916,"slug":"doencas-neurovasculares-e-enxaquecas-duas-faces-da-mesma-moeda","post_title":"Doen\u00e7as neurovasculares e enxaquecas - duas faces da mesma moeda","href":"https:\/\/medizinonline.com\/pt-pt\/doencas-neurovasculares-e-enxaquecas-duas-faces-da-mesma-moeda\/"},"es_ES":{"locale":"es_ES","id":333908,"slug":"enfermedades-neurovasculares-y-migrana-dos-caras-de-la-misma-moneda","post_title":"Enfermedades neurovasculares y migra\u00f1a: dos caras de la misma moneda","href":"https:\/\/medizinonline.com\/es\/enfermedades-neurovasculares-y-migrana-dos-caras-de-la-misma-moneda\/"}},"_links":{"self":[{"href":"https:\/\/medizinonline.com\/it\/wp-json\/wp\/v2\/posts\/333905","targetHints":{"allow":["GET"]}}],"collection":[{"href":"https:\/\/medizinonline.com\/it\/wp-json\/wp\/v2\/posts"}],"about":[{"href":"https:\/\/medizinonline.com\/it\/wp-json\/wp\/v2\/types\/post"}],"author":[{"embeddable":true,"href":"https:\/\/medizinonline.com\/it\/wp-json\/wp\/v2\/users\/7"}],"replies":[{"embeddable":true,"href":"https:\/\/medizinonline.com\/it\/wp-json\/wp\/v2\/comments?post=333905"}],"version-history":[{"count":0,"href":"https:\/\/medizinonline.com\/it\/wp-json\/wp\/v2\/posts\/333905\/revisions"}],"wp:featuredmedia":[{"embeddable":true,"href":"https:\/\/medizinonline.com\/it\/wp-json\/wp\/v2\/media\/97942"}],"wp:attachment":[{"href":"https:\/\/medizinonline.com\/it\/wp-json\/wp\/v2\/media?parent=333905"}],"wp:term":[{"taxonomy":"category","embeddable":true,"href":"https:\/\/medizinonline.com\/it\/wp-json\/wp\/v2\/category?post=333905"},{"taxonomy":"post_tag","embeddable":true,"href":"https:\/\/medizinonline.com\/it\/wp-json\/wp\/v2\/tags?post=333905"},{"taxonomy":"powerkit_post_featured","embeddable":true,"href":"https:\/\/medizinonline.com\/it\/wp-json\/wp\/v2\/powerkit_post_featured?post=333905"}],"curies":[{"name":"wp","href":"https:\/\/api.w.org\/{rel}","templated":true}]}}