{"id":333966,"date":"2020-07-05T02:00:00","date_gmt":"2020-07-05T00:00:00","guid":{"rendered":"https:\/\/medizinonline.com\/prenda-nota-delle-bandiere-gialle-e-delle-bandiere-rosse\/"},"modified":"2020-07-05T02:00:00","modified_gmt":"2020-07-05T00:00:00","slug":"prenda-nota-delle-bandiere-gialle-e-delle-bandiere-rosse","status":"publish","type":"post","link":"https:\/\/medizinonline.com\/it\/prenda-nota-delle-bandiere-gialle-e-delle-bandiere-rosse\/","title":{"rendered":"Prenda nota delle &#8220;bandiere gialle&#8221; e delle &#8220;bandiere rosse&#8221;!"},"content":{"rendered":"<p><strong>Il mal di schiena \u00e8 uno dei problemi di salute pi\u00f9 comuni e pu\u00f2 avere gravi conseguenze economiche e psicosociali. Il medico di famiglia \u00e8 spesso il primo punto di contatto per le persone colpite. La corretta classificazione dei sintomi e il riconoscimento dei segnali di allarme, che devono essere chiariti da uno specialista, sono decisivi.  <\/strong><\/p>\n<p> <!--more--> <\/p>\n<p>&#8220;Pi\u00f9 dell&#8217;80% della popolazione soffre di dolori lombari almeno una volta nella vita&#8221;, spiega Michael Gengenbacher, MD, Direttore Medico e Medico Capo del Gruppo RehaClinic, in occasione dell&#8217;aggiornamento FOMF a Basilea [1,2]. &#8220;\u00c8 il secondo motivo pi\u00f9 comune per cui una persona si reca dal medico di famiglia&#8221;, aggiunge il relatore. La prevalenza annuale nella popolazione svizzera \u00e8 del 20-30% e il gruppo con l&#8217;incidenza pi\u00f9 alta \u00e8 quello di et\u00e0 compresa tra i 35-55 anni. I dati mostrano che il 70-80% del mal di schiena \u00e8 localizzato nella colonna lombare [3]. Secondo uno studio economico sulla salute, il mal di schiena lombare \u00e8 il problema di salute pi\u00f9 comune in Svizzera e il motivo principale della riduzione della capacit\u00e0 lavorativa [4].<\/p>\n<h2 id=\"vertebrale-spondilogeno-o-radicolare\">Vertebrale, spondilogeno o radicolare?<\/h2>\n<p>L&#8217;anamnesi e l&#8217;esame fisico hanno un importante valore diagnostico. Vengono esaminati la mobilit\u00e0, la funzionalit\u00e0 e il dolore dei segmenti spinali interessati, del bacino e delle articolazioni ed estremit\u00e0 adiacenti. Questo include anche l&#8217;esame della sensazione cutanea, della forza muscolare e dei riflessi. I risultati delle procedure di imaging hanno rilevanza diagnostica solo in relazione ai risultati diagnostici precedenti e all&#8217;anamnesi. A seconda del decorso temporale, si parla di mal di schiena acuto (&lt;6 settimane), subacuto (6-12 settimane) o cronico (&gt;12 settimane) [5]. Il mal di schiena lombare \u00e8 suddiviso in diversi sottotipi in base a criteri funzionali. La sindrome lombovertebrale (LVS) \u00e8 caratterizzata solo da dolore alla schiena. Il dolore non si irradia, ma \u00e8 limitato all&#8217;area della colonna vertebrale e della schiena bassa. Se si tratta di una sindrome lombospondilogena (irritabile), il dolore alla schiena si irradia alle estremit\u00e0. Alla base di ci\u00f2 possono esserci vari disturbi motori, vasomotori o vegetativi. La sindrome lumboradica (irritabile) (anche: lumboischialgia, &#8220;lombalgia&#8221;) \u00e8 caratterizzata da dolore alla schiena con irradiazioni legate al dermatoma (con\/senza sindrome da insufficienza sensoriale). Nel contesto di una sindrome radicolare (irritabile), si verifica un dolore radicolare puro legato al dermatoma (con\/senza sindrome da deficit sensoriale). Le cause vanno dall&#8217;ernia discale alla stenosi spinale, alla radicolite e ad altre possibili patologie [1,6]. I sintomi della sindrome radicolare spesso rispondono bene agli steroidi sistemici o locali.<\/p>\n<p>In una percentuale minore di adulti, il mal di schiena lombare \u00e8 causato da un reumatismo infiammatorio &#8211; spondiloartropatia o spondiloartrite. La maggior parte delle persone colpite ha un&#8217;et\u00e0 di 40-45 anni e si ipotizza un&#8217;eziopatogenesi multifattoriale. Le cause statico-meccaniche non infiammatorie includono le sindromi miofasciali (disfunzione dolorosa dei muscoli), la sindrome delle faccette, la sindrome SIG (sindrome dell&#8217;articolazione sacroiliaca), la spondilolistesi, le alterazioni degenerative della colonna vertebrale, l&#8217;ernia discale sintomatica, l&#8217;ierostosi scheletrica idiopatica diffusa (DISH) (Rheumatism League). Per differenziare il dolore infiammatorio da quello di origine meccanica, oltre alle indicazioni anamnestiche, possono essere informativi gli esami di laboratorio supplementari<strong> (tab.&nbsp;1) <\/strong>.<\/p>\n<p>&nbsp;<\/p>\n<p><img fetchpriority=\"high\" decoding=\"async\" class=\" size-full wp-image-13831\" alt=\"\" src=\"https:\/\/medizinonline.com\/wp-content\/uploads\/2020\/07\/tab1_hp5_s24_0.png\" style=\"height:303px; width:600px\" width=\"1100\" height=\"555\" srcset=\"https:\/\/medizinonline.com\/wp-content\/uploads\/2020\/07\/tab1_hp5_s24_0.png 1100w, https:\/\/medizinonline.com\/wp-content\/uploads\/2020\/07\/tab1_hp5_s24_0-800x404.png 800w, https:\/\/medizinonline.com\/wp-content\/uploads\/2020\/07\/tab1_hp5_s24_0-120x61.png 120w, https:\/\/medizinonline.com\/wp-content\/uploads\/2020\/07\/tab1_hp5_s24_0-90x45.png 90w, https:\/\/medizinonline.com\/wp-content\/uploads\/2020\/07\/tab1_hp5_s24_0-320x161.png 320w, https:\/\/medizinonline.com\/wp-content\/uploads\/2020\/07\/tab1_hp5_s24_0-560x283.png 560w\" sizes=\"(max-width: 1100px) 100vw, 1100px\" \/><\/p>\n<p>&nbsp;<\/p>\n<h2 id=\"quali-sono-i-principali-segnali-di-allarme-e-i-fattori-di-rischio\">Quali sono i principali segnali di allarme e i fattori di rischio?<\/h2>\n<p>Il dolore lombare non \u00e8 un&#8217;entit\u00e0 patologica, ma un sintomo di un&#8217;ampia variet\u00e0 di cause. Durante l&#8217;interrogatorio anamnestico, si deve accertare la qualit\u00e0 del dolore (ad esempio, lancinante, sordo, elettrizzante) e l&#8217;esordio (improvviso o insidioso) in relazione alla sintomatologia. Ci sono prove di un processo infiammatorio o il dolore \u00e8 di natura pi\u00f9 meccanica <strong>(tab.&nbsp;1)<\/strong>?<strong> <\/strong>\u00c8 anche importante considerare i fattori che influenzano il dolore, come la posizione, il carico, l&#8217;attivit\u00e0 e l&#8217;ora di insorgenza del dolore. Anche la domanda sui fattori scatenanti e sulla durata degli attacchi di dolore o di un problema di dolore, nonch\u00e9 le possibili fluttuazioni diurne, sono informazioni diagnostiche preziose. Per quantificare gli episodi di dolore, si pu\u00f2 utilizzare come strumento la Scala Analogica Visiva (VAS) o la Scala di Valutazione Numerica (NRS).<\/p>\n<p>Le <strong>&#8220;bandiere rosse&#8221;<\/strong> sono segnali di allarme di una grave causa organica del mal di schiena, che richiedono un rapido approfondimento [6]. I seguenti criteri sono possibili segnali di allarme <strong>(panoramica&nbsp;1):<\/strong> Et\u00e0 &lt;20 o &gt;50 anni, sintomi infiammatori, problemi interni, disturbi neurologici. La Lega svizzera contro il reumatismo raccomanda l&#8217;uso immediato e mirato di procedure di diagnostica per immagini in presenza di &#8220;bandiere rosse&#8221;, ma in tutti gli altri casi solo a partire dalla sesta settimana dall&#8217;inizio del dolore. \u00c8 stato dimostrato che la diagnostica per immagini nel mal di schiena ha generalmente un&#8217;importanza limitata e che le anomalie strutturali della risonanza magnetica sono relativamente frequenti anche nelle persone sane [7].<\/p>\n<p>&nbsp;<\/p>\n<p><img decoding=\"async\" class=\"size-full wp-image-13832 lazyload\" alt=\"\" data-src=\"https:\/\/medizinonline.com\/wp-content\/uploads\/2020\/07\/ubersicht1_hp5_s24.png\" style=\"--smush-placeholder-width: 1100px; --smush-placeholder-aspect-ratio: 1100\/566;height:309px; width:600px\" width=\"1100\" height=\"566\" src=\"data:image\/svg+xml;base64,PHN2ZyB3aWR0aD0iMSIgaGVpZ2h0PSIxIiB4bWxucz0iaHR0cDovL3d3dy53My5vcmcvMjAwMC9zdmciPjwvc3ZnPg==\"><\/p>\n<p>&nbsp;<\/p>\n<p>Le <strong>&#8220;bandiere gialle&#8221;<\/strong> sono fattori che aumentano il rischio di cronicizzazione del dolore [6] <strong>(panoramica&nbsp;2).<\/strong> Questi includono un atteggiamento negativo (ad esempio, la paura della disabilit\u00e0), l&#8217;umore depresso e una tendenza comportamentale passiva con attivit\u00e0 ridotta e un modello comportamentale di evitamento della paura. Per quanto riguarda l&#8217;ambiente sociale, il comportamento di ritiro e una famiglia iperprotettiva o la mancanza di sostegno sono aspetti critici. Per quanto riguarda la situazione professionale, il lavoro fisicamente impegnativo e il lavoro a turni, nonch\u00e9 i problemi sociali o di altro tipo sul lavoro e la demotivazione sono tra i fattori di rischio per la cronicizzazione. Anche i problemi finanziari possono avere un effetto sfavorevole.<\/p>\n<p>&nbsp;<\/p>\n<p><img decoding=\"async\" class=\"size-full wp-image-13833 lazyload\" alt=\"\" data-src=\"https:\/\/medizinonline.com\/wp-content\/uploads\/2020\/07\/ubersicht2_hp5_s24.png\" style=\"--smush-placeholder-width: 1100px; --smush-placeholder-aspect-ratio: 1100\/486;height:265px; width:600px\" width=\"1100\" height=\"486\" src=\"data:image\/svg+xml;base64,PHN2ZyB3aWR0aD0iMSIgaGVpZ2h0PSIxIiB4bWxucz0iaHR0cDovL3d3dy53My5vcmcvMjAwMC9zdmciPjwvc3ZnPg==\"><\/p>\n<p>&nbsp;<\/p>\n<h2 id=\"alleviare-il-dolore-e-promuovere-la-mobilita-come-obiettivi-terapeutici\">Alleviare il dolore e promuovere la mobilit\u00e0 come obiettivi terapeutici<\/h2>\n<p>La schiena \u00e8 un sistema molto complesso di vertebre, dischi intervertebrali, legamenti, muscoli e una fitta rete di fibre nervose che \u00e8 inestricabilmente collegata alle funzioni percettive e di controllo del cervello. Se c&#8217;\u00e8 uno squilibrio in un punto, questo pu\u00f2 portare a tensione muscolare e dolore in un punto completamente diverso. La tensione muscolare porta al dolore, che a sua volta porta a ulteriore tensione e a una cattiva postura: un circolo vizioso. Se \u00e8 coinvolta l&#8217;ansia, questo pu\u00f2 esacerbare il problema, in quanto aumenta la tensione e il dolore, che a sua volta alimenta l&#8217;ansia. Gli obiettivi principali del trattamento del mal di schiena sono alleviare i sintomi del dolore, migliorare la mobilit\u00e0, la funzione muscolare e fasciale e le capacit\u00e0 di vita quotidiana. Inoltre, l&#8217;obiettivo \u00e8 migliorare la qualit\u00e0 della vita e modulare l&#8217;elaborazione del dolore [1]. Sono disponibili diverse opzioni terapeutiche, alcune delle quali possono essere combinate. In termini di farmacoterapia, i farmaci antinfiammatori non steroidei (FANS) possono essere utilizzati a dosi moderate o elevate per brevi periodi, in modo selettivo o non selettivo, ma sono controindicati nell&#8217;insufficienza cardiaca NYHA II e oltre [8]. Il paracetamolo non \u00e8 adatto per il mal di schiena a causa della mancanza di efficacia, come dimostra la valutazione di una meta-analisi [9]. Per le disfunzioni muscolari e la sindrome miofasciale, il metocarbamolo miorilassante si \u00e8 dimostrato efficace [10]. Nell&#8217;ambito delle opzioni di trattamento non farmacologico, si raccomanda l&#8217;uso della medicina manuale e della terapia di esercizio [1]. Nello spettro delle misure di terapia del movimento, le prove pi\u00f9 forti sono disponibili per la terapia di attivazione (fisioterapia attiva e passiva). Anche il riposo a breve termine e il sollievo quando necessario possono contribuire ad alleviare i sintomi.<\/p>\n<p>&nbsp;<\/p>\n<p>\nLetteratura:<\/p>\n<ol>\n<li>Gengenbacher M: Leitsymptom R\u00fcckenschmerz, Dr. med. Michael Gengenbacher, RehaClinic Group, presentazione di diapositive, FOMF Basilea 30.01.2020.<\/li>\n<li>Santos-Eggimann B, et al: Prevalenza a un anno del dolore lombare in due regioni svizzere: stima della popolazione partecipante al progetto MONICA 1992-1993. Spine 2000; 25(19): 2473-2479.<\/li>\n<li>Bork H: Dolore alla schiena non specifico. Ortopedia e Chirurgia Traumatologica up2date 2017; 12(06): 625-641.<\/li>\n<li>Weiser, et al: Costo del mal di schiena in Svizzera nel 2005. Eur J Health Economy 12: 455-467.<\/li>\n<li>Ganepour B: Mal di schiena: cause, diagnosi, esercizi e terapia. Clinica ortopedica delle articolazioni, https:\/\/gelenk-klinik.de\/wirbelsaeule\/rueckenschmerzen-richtig-erkennen-und-behandeln.html<\/li>\n<li>Rheumaliga Schweiz: Update Rheumatologie 2019, R\u00fcckenschmerzen: In 15 Minuten zur klinischen Diagnose. www.rheumaliga.ch<\/li>\n<li>Luomajoki H. Sei destri: utilizzo della batteria di test per esaminare il controllo del movimento lombare. Terapia manuale 2012; 16: 220-225 Terapia manuale 2012; 16: 220-225, www.thieme.de<\/li>\n<li>Linea guida nazionale per l&#8217;assistenza sanitaria sul mal di schiena. Associazione medica tedesca (B\u00c4K), Associazione tedesca dei medici dell&#8217;assicurazione sanitaria obbligatoria (AWMF), www.awmf.org<\/li>\n<li>Machado GC, et al: Efficacia e sicurezza del paracetamolo per il dolore spinale e l&#8217;osteoartrite: revisione sistematica e meta-analisi di studi randomizzati controllati con placebo. BMJ 2015; 350: h1225.<\/li>\n<li>Emrich OMD, et al: Methocarbamol per il dolore lombare acuto: uno studio randomizzato, in doppio cieco, controllato con placebo. MMW Fortschr Med 2015; 157(Suppl 5): 9-16.<\/li>\n<\/ol>\n<p>&nbsp;<\/p>\n<p><em>PRATICA GP 2020; 15(5): 22-24<\/em><\/p>\n","protected":false},"excerpt":{"rendered":"<p>Il mal di schiena \u00e8 uno dei problemi di salute pi\u00f9 comuni e pu\u00f2 avere gravi conseguenze economiche e psicosociali. Il medico di famiglia \u00e8 spesso il primo punto di&hellip;<\/p>\n","protected":false},"author":7,"featured_media":96758,"comment_status":"closed","ping_status":"","sticky":false,"template":"","format":"standard","meta":{"_acf_changed":false,"pmpro_default_level":"","cat_1_feature_home_top":false,"cat_2_editor_pick":false,"csco_eyebrow_text":"Dolore lombare alla schiena ","footnotes":""},"category":[11519,11462,11306,11371,11440,11473,11550,11515],"tags":[17422,22051],"powerkit_post_featured":[],"class_list":["post-333966","post","type-post","status-publish","format-standard","has-post-thumbnail","category-formazione-continua","category-medicina-fisica-e-riabilitazione","category-medicina-interna-generale","category-neurologia-it","category-ortopedia-it","category-prevenzione-e-assistenza-sanitaria","category-rx-it","category-studi","tag-dolore-alla-schiena","tag-dolore-alla-schiena-it","pmpro-has-access"],"acf":[],"publishpress_future_action":{"enabled":false,"date":"2026-05-06 05:48:08","action":"change-status","newStatus":"draft","terms":[],"taxonomy":"category","extraData":[]},"publishpress_future_workflow_manual_trigger":{"enabledWorkflows":[]},"wpml_current_locale":"it_IT","wpml_translations":{"pt_PT":{"locale":"pt_PT","id":333943,"slug":"nota-bandeiras-amarelas-e-bandeiras-vermelhas","post_title":"Nota \"Bandeiras Amarelas\" e \"Bandeiras Vermelhas\"!","href":"https:\/\/medizinonline.com\/pt-pt\/nota-bandeiras-amarelas-e-bandeiras-vermelhas\/"},"es_ES":{"locale":"es_ES","id":333949,"slug":"tenga-en-cuenta-las-banderas-amarillas-y-las-banderas-rojas","post_title":"\u00a1Tenga en cuenta las \"Banderas Amarillas\" y las \"Banderas Rojas\"!","href":"https:\/\/medizinonline.com\/es\/tenga-en-cuenta-las-banderas-amarillas-y-las-banderas-rojas\/"}},"_links":{"self":[{"href":"https:\/\/medizinonline.com\/it\/wp-json\/wp\/v2\/posts\/333966","targetHints":{"allow":["GET"]}}],"collection":[{"href":"https:\/\/medizinonline.com\/it\/wp-json\/wp\/v2\/posts"}],"about":[{"href":"https:\/\/medizinonline.com\/it\/wp-json\/wp\/v2\/types\/post"}],"author":[{"embeddable":true,"href":"https:\/\/medizinonline.com\/it\/wp-json\/wp\/v2\/users\/7"}],"replies":[{"embeddable":true,"href":"https:\/\/medizinonline.com\/it\/wp-json\/wp\/v2\/comments?post=333966"}],"version-history":[{"count":0,"href":"https:\/\/medizinonline.com\/it\/wp-json\/wp\/v2\/posts\/333966\/revisions"}],"wp:featuredmedia":[{"embeddable":true,"href":"https:\/\/medizinonline.com\/it\/wp-json\/wp\/v2\/media\/96758"}],"wp:attachment":[{"href":"https:\/\/medizinonline.com\/it\/wp-json\/wp\/v2\/media?parent=333966"}],"wp:term":[{"taxonomy":"category","embeddable":true,"href":"https:\/\/medizinonline.com\/it\/wp-json\/wp\/v2\/category?post=333966"},{"taxonomy":"post_tag","embeddable":true,"href":"https:\/\/medizinonline.com\/it\/wp-json\/wp\/v2\/tags?post=333966"},{"taxonomy":"powerkit_post_featured","embeddable":true,"href":"https:\/\/medizinonline.com\/it\/wp-json\/wp\/v2\/powerkit_post_featured?post=333966"}],"curies":[{"name":"wp","href":"https:\/\/api.w.org\/{rel}","templated":true}]}}