{"id":333975,"date":"2020-07-03T02:00:00","date_gmt":"2020-07-03T00:00:00","guid":{"rendered":"https:\/\/medizinonline.com\/la-tendenza-e-verso-la-telemedicina-non-solo-a-causa-di-covid-19\/"},"modified":"2020-07-03T02:00:00","modified_gmt":"2020-07-03T00:00:00","slug":"la-tendenza-e-verso-la-telemedicina-non-solo-a-causa-di-covid-19","status":"publish","type":"post","link":"https:\/\/medizinonline.com\/it\/la-tendenza-e-verso-la-telemedicina-non-solo-a-causa-di-covid-19\/","title":{"rendered":"La tendenza \u00e8 verso la telemedicina &#8211; non solo a causa di COVID-19"},"content":{"rendered":"<p><strong>La digitalizzazione nell&#8217;assistenza sanitaria ambulatoriale sta acquisendo sempre pi\u00f9 importanza. Dopo la pandemia COVID 19, anche la domanda di servizi di telemedicina \u00e8 aumentata notevolmente. Tuttavia, ci sono ancora delle limitazioni che non possono essere eliminate da un giorno all&#8217;altro.<\/strong><\/p>\n<p> <!--more--> <\/p>\n<p>La necessit\u00e0 di tenere il passo con la digitalizzazione nel settore sanitario sta diventando sempre pi\u00f9 evidente. Sono state prese misure per l&#8217;utilizzo di consultazioni di telemedicina, soprattutto in considerazione della pandemia COVID 19. Tuttavia, la Svizzera \u00e8 un po&#8217; in ritardo: attualmente, nel sistema tariffario ambulatoriale TARMED, i servizi di telemedicina possono essere fatturati solo attraverso la voce tariffaria &#8220;Consultazione telefonica da parte dello specialista&#8221; &#8211; e questo uso \u00e8 limitato. Una soluzione \u00e8 attualmente in fase di elaborazione. Questo esempio dimostra che ci sono ancora alcuni ostacoli da superare prima che la digitalizzazione possa prendere piede negli studi medici. Fondamentalmente, per\u00f2, l&#8217;umore \u00e8 positivo. L&#8217;85% della professione medica intervistata dal Digital Trends Survey 2019 considera importante l&#8217;uso delle opportunit\u00e0 digitali. Tuttavia, a volte le competenze individuali per gestire le opzioni digitali ostacolano il desiderio di utilizzarle.$<\/p>\n<p>In linea di principio, tuttavia, le offerte digitali possono portare un vantaggio decisivo per lo studio. Perch\u00e9 non solo i medici, ma anche i pazienti hanno un grande interesse per la digitalizzazione. \u00c8 stato dimostrato che la scelta dello studio medico avviene anche, ad esempio, attraverso l&#8217;offerta di un appuntamento online. Nel complesso, \u00e8 emerso che l&#8217;interesse della popolazione per le offerte digitali \u00e8 maggiore dell&#8217;interesse della professione medica a investire in tali offerte o a ricevere ulteriori informazioni su di esse. Mentre la professione medica \u00e8 interessata soprattutto alle opere di consultazione online, la popolazione vede un valore aggiunto soprattutto nelle notifiche automatiche degli appuntamenti medici o dei tempi di attesa. D&#8217;altra parte, \u00e8 anche un dato di fatto che i pazienti apprezzano il contatto personale e non preferiscono una soluzione digitale in tutte le questioni.<\/p>\n<p><em>Fonte: &#8220;Sondaggio sulle tendenze digitali 2019&#8221;, 06.05.2020, FMH<\/em><\/p>\n<p>&nbsp;<\/p>\n<p><em>InFo ONCOLOGIA &amp; EMATOLOGIA 2020; 8(3): 36 (pubblicato il 19.6.20, in anticipo sulla stampa).<br \/>\nCARDIOVASC 2020; 19(3): 40<\/em><br \/>\n&nbsp;<\/p>\n<p>&nbsp;<\/p>\n","protected":false},"excerpt":{"rendered":"<p>La digitalizzazione nell&#8217;assistenza sanitaria ambulatoriale sta acquisendo sempre pi\u00f9 importanza. Dopo la pandemia COVID 19, anche la domanda di servizi di telemedicina \u00e8 aumentata notevolmente. Tuttavia, ci sono ancora delle&hellip;<\/p>\n","protected":false},"author":7,"featured_media":97927,"comment_status":"closed","ping_status":"","sticky":false,"template":"","format":"standard","meta":{"_acf_changed":false,"pmpro_default_level":"","cat_1_feature_home_top":false,"cat_2_editor_pick":false,"csco_eyebrow_text":"Digitalizzazione","footnotes":""},"category":[11415,11306,11511,11473,11550],"tags":[14178,24984,13754],"powerkit_post_featured":[],"class_list":["post-333975","post","type-post","status-publish","format-standard","has-post-thumbnail","category-infettivologia","category-medicina-interna-generale","category-notizie","category-prevenzione-e-assistenza-sanitaria","category-rx-it","tag-digitalizzazione","tag-medicina-2-0-it","tag-telemedicina","pmpro-has-access"],"acf":[],"publishpress_future_action":{"enabled":false,"date":"2026-05-08 18:07:42","action":"change-status","newStatus":"draft","terms":[],"taxonomy":"category","extraData":[]},"publishpress_future_workflow_manual_trigger":{"enabledWorkflows":[]},"wpml_current_locale":"it_IT","wpml_translations":{"pt_PT":{"locale":"pt_PT","id":333899,"slug":"a-tendencia-e-para-a-telemedicina-nao-so-por-causa-da-covid-19","post_title":"A tend\u00eancia \u00e9 para a telemedicina - n\u00e3o s\u00f3 por causa da COVID-19","href":"https:\/\/medizinonline.com\/pt-pt\/a-tendencia-e-para-a-telemedicina-nao-so-por-causa-da-covid-19\/"},"es_ES":{"locale":"es_ES","id":333936,"slug":"la-tendencia-es-hacia-la-telemedicina-no-solo-por-covid-19","post_title":"La tendencia es hacia la telemedicina - no s\u00f3lo por COVID-19","href":"https:\/\/medizinonline.com\/es\/la-tendencia-es-hacia-la-telemedicina-no-solo-por-covid-19\/"}},"_links":{"self":[{"href":"https:\/\/medizinonline.com\/it\/wp-json\/wp\/v2\/posts\/333975","targetHints":{"allow":["GET"]}}],"collection":[{"href":"https:\/\/medizinonline.com\/it\/wp-json\/wp\/v2\/posts"}],"about":[{"href":"https:\/\/medizinonline.com\/it\/wp-json\/wp\/v2\/types\/post"}],"author":[{"embeddable":true,"href":"https:\/\/medizinonline.com\/it\/wp-json\/wp\/v2\/users\/7"}],"replies":[{"embeddable":true,"href":"https:\/\/medizinonline.com\/it\/wp-json\/wp\/v2\/comments?post=333975"}],"version-history":[{"count":0,"href":"https:\/\/medizinonline.com\/it\/wp-json\/wp\/v2\/posts\/333975\/revisions"}],"wp:featuredmedia":[{"embeddable":true,"href":"https:\/\/medizinonline.com\/it\/wp-json\/wp\/v2\/media\/97927"}],"wp:attachment":[{"href":"https:\/\/medizinonline.com\/it\/wp-json\/wp\/v2\/media?parent=333975"}],"wp:term":[{"taxonomy":"category","embeddable":true,"href":"https:\/\/medizinonline.com\/it\/wp-json\/wp\/v2\/category?post=333975"},{"taxonomy":"post_tag","embeddable":true,"href":"https:\/\/medizinonline.com\/it\/wp-json\/wp\/v2\/tags?post=333975"},{"taxonomy":"powerkit_post_featured","embeddable":true,"href":"https:\/\/medizinonline.com\/it\/wp-json\/wp\/v2\/powerkit_post_featured?post=333975"}],"curies":[{"name":"wp","href":"https:\/\/api.w.org\/{rel}","templated":true}]}}