{"id":334640,"date":"2020-03-26T01:00:00","date_gmt":"2020-03-26T00:00:00","guid":{"rendered":"https:\/\/medizinonline.com\/maggiore-protezione-per-le-persone-particolarmente-vulnerabili\/"},"modified":"2020-03-26T01:00:00","modified_gmt":"2020-03-26T00:00:00","slug":"maggiore-protezione-per-le-persone-particolarmente-vulnerabili","status":"publish","type":"post","link":"https:\/\/medizinonline.com\/it\/maggiore-protezione-per-le-persone-particolarmente-vulnerabili\/","title":{"rendered":"Maggiore protezione per le persone particolarmente vulnerabili"},"content":{"rendered":"<p><strong>Per la maggior parte delle persone, una malattia con il nuovo coronavirus \u00e8 innocua. Tuttavia, il virus pu\u00f2 essere pericoloso per gli anziani di 65 anni e oltre e per le persone con una condizione preesistente. Pertanto, la protezione delle persone particolarmente vulnerabili si sta spostando al centro delle misure.<\/strong><\/p>\n<p> <!--more--> <\/p>\n<p>L&#8217;Organizzazione Mondiale della Sanit\u00e0 (OMS) ha dichiarato un&#8217;emergenza sanitaria internazionale [1]. Ci\u00f2 significa che tutti i Paesi membri dell&#8217;OMS sono chiamati a coordinare tra loro le misure di crisi raccomandate dall&#8217;organizzazione contro un&#8217;ulteriore diffusione. Tuttavia, gli esperti mettono in guardia dal panico e sottolineano che mantenere la calma e adottare misure preventive \u00e8 molto importante nella situazione attuale. Questo vale soprattutto per le persone che sono particolarmente a rischio di ammalarsi gravemente. Questi includono gli anziani di et\u00e0 pari o superiore a 65 anni e le persone con una condizione preesistente, come l&#8217;ipertensione, le malattie respiratorie croniche, il diabete, le malattie cardiovascolari, il cancro e le malattie e terapie che indeboliscono il sistema immunitario [2].<\/p>\n<p>&nbsp;<\/p>\n<p><img fetchpriority=\"high\" decoding=\"async\" class=\" size-full wp-image-13488\" alt=\"\" src=\"https:\/\/medizinonline.com\/wp-content\/uploads\/2020\/03\/ubersicht1_cv1_s39.png\" style=\"height:416px; width:600px\" width=\"1100\" height=\"763\" srcset=\"https:\/\/medizinonline.com\/wp-content\/uploads\/2020\/03\/ubersicht1_cv1_s39.png 1100w, https:\/\/medizinonline.com\/wp-content\/uploads\/2020\/03\/ubersicht1_cv1_s39-800x555.png 800w, https:\/\/medizinonline.com\/wp-content\/uploads\/2020\/03\/ubersicht1_cv1_s39-120x83.png 120w, https:\/\/medizinonline.com\/wp-content\/uploads\/2020\/03\/ubersicht1_cv1_s39-90x62.png 90w, https:\/\/medizinonline.com\/wp-content\/uploads\/2020\/03\/ubersicht1_cv1_s39-320x222.png 320w, https:\/\/medizinonline.com\/wp-content\/uploads\/2020\/03\/ubersicht1_cv1_s39-560x388.png 560w\" sizes=\"(max-width: 1100px) 100vw, 1100px\" \/><\/p>\n<p>&nbsp;<\/p>\n<p>L&#8217;obiettivo principale nella lotta contro la diffusione del coronavirus \u00e8 stato finora quello di individuare e trattare le persone infette in una fase precoce, identificare le catene di trasmissione e prevenire ulteriori trasmissioni. Poich\u00e9 gli eventi di massa possono portare a molte infezioni che non possono essere rintracciate in seguito, sono stati temporaneamente vietati. Misure generali come lavarsi accuratamente le mani o starnutire nell&#8217;incavo del braccio sono comuni per il personale medico fin dall&#8217;inizio. Evitare le persone malate e mantenere le distanze, invece, \u00e8 difficilmente possibile. Pertanto, il rischio di infezione deve essere minimizzato il pi\u00f9 possibile attraverso determinate misure<strong> (Panoramica 1)<\/strong>. La versione regolarmente aggiornata delle linee guida e delle raccomandazioni valide per la Svizzera \u00e8 disponibile sulla homepage www.bag.admin.ch [3].<\/p>\n<p>&nbsp;<\/p>\n<p>Letteratura:<\/p>\n<ol>\n<li>www.who.int\/health-topics\/coronavirus, ultima chiamata 07.03.2020<\/li>\n<li>www.bag.admin.ch\/bag\/de\/home\/das-bag\/aktuell\/medienmitteilungen.msg-id-78381.html, ultima chiamata 07.03.2020<\/li>\n<li>www.bag.admin.ch\/bag\/de\/home\/krankheiten\/infektionskrankheiten-bekaempfen\/meldesysteme-infektionskrankheiten\/meldepflichtige-ik\/meldeformulare.html, ultima chiamata 07.03.2020<\/li>\n<\/ol>\n<p>&nbsp;<\/p>\n<p><em>CARDIOVASC 2020; 19(1): 39<\/em><\/p>\n","protected":false},"excerpt":{"rendered":"<p>Per la maggior parte delle persone, una malattia con il nuovo coronavirus \u00e8 innocua. Tuttavia, il virus pu\u00f2 essere pericoloso per gli anziani di 65 anni e oltre e per&hellip;<\/p>\n","protected":false},"author":7,"featured_media":95478,"comment_status":"closed","ping_status":"","sticky":false,"template":"","format":"standard","meta":{"_acf_changed":false,"pmpro_default_level":"","cat_1_feature_home_top":false,"cat_2_editor_pick":false,"csco_eyebrow_text":"Coronavirus","footnotes":""},"category":[11415,11306,11511,11473,11550],"tags":[13264,13266,13198,25970],"powerkit_post_featured":[],"class_list":["post-334640","post","type-post","status-publish","format-standard","has-post-thumbnail","category-infettivologia","category-medicina-interna-generale","category-notizie","category-prevenzione-e-assistenza-sanitaria","category-rx-it","tag-corona-it","tag-covid-it","tag-covid-19-it","tag-covid19-it","pmpro-has-access"],"acf":[],"publishpress_future_action":{"enabled":false,"date":"2026-05-05 16:03:54","action":"change-status","newStatus":"draft","terms":[],"taxonomy":"category","extraData":[]},"publishpress_future_workflow_manual_trigger":{"enabledWorkflows":[]},"wpml_current_locale":"it_IT","wpml_translations":{"pt_PT":{"locale":"pt_PT","id":334649,"slug":"aumento-da-proteccao-para-pessoas-particularmente-vulneraveis","post_title":"Aumento da protec\u00e7\u00e3o para pessoas particularmente vulner\u00e1veis","href":"https:\/\/medizinonline.com\/pt-pt\/aumento-da-proteccao-para-pessoas-particularmente-vulneraveis\/"},"es_ES":{"locale":"es_ES","id":334663,"slug":"mayor-proteccion-para-las-personas-especialmente-vulnerables","post_title":"Mayor protecci\u00f3n para las personas especialmente vulnerables","href":"https:\/\/medizinonline.com\/es\/mayor-proteccion-para-las-personas-especialmente-vulnerables\/"}},"_links":{"self":[{"href":"https:\/\/medizinonline.com\/it\/wp-json\/wp\/v2\/posts\/334640","targetHints":{"allow":["GET"]}}],"collection":[{"href":"https:\/\/medizinonline.com\/it\/wp-json\/wp\/v2\/posts"}],"about":[{"href":"https:\/\/medizinonline.com\/it\/wp-json\/wp\/v2\/types\/post"}],"author":[{"embeddable":true,"href":"https:\/\/medizinonline.com\/it\/wp-json\/wp\/v2\/users\/7"}],"replies":[{"embeddable":true,"href":"https:\/\/medizinonline.com\/it\/wp-json\/wp\/v2\/comments?post=334640"}],"version-history":[{"count":0,"href":"https:\/\/medizinonline.com\/it\/wp-json\/wp\/v2\/posts\/334640\/revisions"}],"wp:featuredmedia":[{"embeddable":true,"href":"https:\/\/medizinonline.com\/it\/wp-json\/wp\/v2\/media\/95478"}],"wp:attachment":[{"href":"https:\/\/medizinonline.com\/it\/wp-json\/wp\/v2\/media?parent=334640"}],"wp:term":[{"taxonomy":"category","embeddable":true,"href":"https:\/\/medizinonline.com\/it\/wp-json\/wp\/v2\/category?post=334640"},{"taxonomy":"post_tag","embeddable":true,"href":"https:\/\/medizinonline.com\/it\/wp-json\/wp\/v2\/tags?post=334640"},{"taxonomy":"powerkit_post_featured","embeddable":true,"href":"https:\/\/medizinonline.com\/it\/wp-json\/wp\/v2\/powerkit_post_featured?post=334640"}],"curies":[{"name":"wp","href":"https:\/\/api.w.org\/{rel}","templated":true}]}}