{"id":334762,"date":"2020-02-24T01:00:00","date_gmt":"2020-02-24T00:00:00","guid":{"rendered":"https:\/\/medizinonline.com\/face-up-to-rosacea-contribuire-alla-promozione-del-dialogo-medico-paziente\/"},"modified":"2020-02-24T01:00:00","modified_gmt":"2020-02-24T00:00:00","slug":"face-up-to-rosacea-contribuire-alla-promozione-del-dialogo-medico-paziente","status":"publish","type":"post","link":"https:\/\/medizinonline.com\/it\/face-up-to-rosacea-contribuire-alla-promozione-del-dialogo-medico-paziente\/","title":{"rendered":"&#8220;Face up to rosacea&#8221;: contribuire alla promozione del dialogo medico-paziente"},"content":{"rendered":"<p><strong>La campagna, lanciata nel 2019, ha l&#8217;obiettivo di fornire a chi ne soffre la conoscenza della propria malattia infiammatoria cronica della pelle e di promuovere l&#8217;empowerment. Gli strumenti di gestione della malattia basati sul web offrono, tra l&#8217;altro, la possibilit\u00e0 di creare una guida personalizzata per il paziente.<\/strong><\/p>\n<p> <!--more--> <\/p>\n<p>La rosacea colpisce circa 415 milioni di persone in tutto il mondo [1]. I sintomi caratteristici di questa dermatosi fastidiosa sono arrossamento, eritema persistente e lesioni infiammatorie. Secondo i dati pubblicati nel 2019, circa l&#8217;82% dei pazienti percepisce la propria malattia come incontrollabile e nel 20% la malattia cutanea comporta limitazioni sostanziali nella vita quotidiana [2].<\/p>\n<h2 id=\"guida-personalizzata-per-il-paziente\">Guida personalizzata per il paziente<\/h2>\n<p>&#8220;I migliori consulti sono quelli in cui i pazienti sono dotati di un elenco di sintomi e fattori scatenanti e possono fornire informazioni sui precedenti tentativi di trattamento. Con queste informazioni, il trattamento pu\u00f2 essere adattato al paziente per interrompere il circolo vizioso di questa malattia infiammatoria cronica della pelle&#8221;, dice la dottoressa Melinda Gooderham, Direttore medico del Centro di Dermatologia SKiN, Ontario (Canada). Oltre a un questionario sui sintomi individuali e sui loro effetti sulla vita quotidiana dei pazienti, vengono affrontati anche i trattamenti precedenti. Le risposte forniscono la base per una guida personalizzata, che pu\u00f2 essere utilizzata per la prossima consultazione. &#8220;Ogni nostro paziente \u00e8 unico e ha una storia patologica individuale; pi\u00f9 conosciamo la storia di ogni paziente, pi\u00f9 possiamo offrire piani di trattamento personalizzati&#8221;, afferma la dottoressa Linda Stein-Gold, Capo Divisione di Dermatologia, Henry Ford Health System, Michigan (USA).<\/p>\n<p>&nbsp;<\/p>\n<p><img fetchpriority=\"high\" decoding=\"async\" class=\" size-full wp-image-12994\" alt=\"\" src=\"https:\/\/medizinonline.com\/wp-content\/uploads\/2020\/02\/kasten_dp6_s43.png\" style=\"height:363px; width:600px\" width=\"1100\" height=\"666\"><\/p>\n<p>&nbsp;<\/p>\n<h2 id=\"se-non-trattata-la-condizione-si-deteriora-visibilmente\">Se non trattata, la condizione si deteriora visibilmente.<\/h2>\n<p>Sia gli uomini che le donne adulte possono essere colpiti dalla rosacea e la malattia compare solitamente dopo i 30 anni. Sono colpite soprattutto le aree centrali del viso, come le guance e la zona del naso. \u00c8 diffuso anche il coinvolgimento della zona degli occhi (ad esempio, arrossamento, secchezza, prurito). Le cause della malattia sono ancora oggetto di ricerca, ma sono noti diversi fattori scatenanti, tra cui i cibi piccanti, l&#8217;alcol, lo stress emotivo, l&#8217;esposizione al sole\/UV, i bagni caldi o le bevande calde. Se non viene trattata, la condizione peggiora nel tempo. Le persone che sospettano di essere affette da rosacea dovrebbero rivolgersi a un dermatologo o a un altro medico professionista per discutere le opzioni di trattamento. Essendo una condizione molto visibile, \u00e8 molto stigmatizzata e provoca sentimenti di vergogna e paura in chi ne soffre, il che pu\u00f2 portare alla frustrazione ed \u00e8 associato a effetti negativi sulla vita quotidiana.<\/p>\n<p>Maggiori informazioni sul progetto e sui vantaggi per i pazienti sono disponibili sul sito web <a href=\"http:\/\/www.faceuptorosacea.com\" target=\"_blank\" rel=\"noopener\">www.faceuptorosacea.com.<\/a> <\/p>\n<p>&nbsp;<\/p>\n<p><img decoding=\"async\" class=\"size-full wp-image-12995 lazyload\" alt=\"\" data-src=\"https:\/\/medizinonline.com\/wp-content\/uploads\/2020\/02\/abb_dp6_s43.jpg\" style=\"--smush-placeholder-width: 1100px; --smush-placeholder-aspect-ratio: 1100\/601;height:328px; width:600px\" width=\"1100\" height=\"601\" src=\"data:image\/svg+xml;base64,PHN2ZyB3aWR0aD0iMSIgaGVpZ2h0PSIxIiB4bWxucz0iaHR0cDovL3d3dy53My5vcmcvMjAwMC9zdmciPjwvc3ZnPg==\"><\/p>\n<p>&nbsp;<\/p>\n<p><em>Fonte: Galderma  <\/em><\/p>\n<p>&nbsp;<\/p>\n<p>Letteratura:<\/p>\n<ol>\n<li>Societ\u00e0 Nazionale della Rosacea 2018. Un nuovo studio rileva che 415 milioni di persone possono soffrire di rosacea in tutto il mondo. Disponibile su: www.rosacea.org\/press\/2018\/july\/new-study-finds-415-million-people-may-suffer-from-rosacea-worldwide, ultimo accesso: ottobre 2019.<\/li>\n<li>Rapporto online Rosacea: oltre il visibile, http:\/\/hosted.bmj.com\/rosaceabeyondthevisible, ultimo accesso ottobre 2019.<\/li>\n<\/ol>\n<p>&nbsp;<\/p>\n<p><em>PRATICA DERMATOLOGICA 2019; 29(6): 43<\/em><\/p>\n","protected":false},"excerpt":{"rendered":"<p>La campagna, lanciata nel 2019, ha l&#8217;obiettivo di fornire a chi ne soffre la conoscenza della propria malattia infiammatoria cronica della pelle e di promuovere l&#8217;empowerment. Gli strumenti di gestione&hellip;<\/p>\n","protected":false},"author":7,"featured_media":93598,"comment_status":"closed","ping_status":"","sticky":false,"template":"","format":"standard","meta":{"_acf_changed":false,"pmpro_default_level":"","cat_1_feature_home_top":false,"cat_2_editor_pick":false,"csco_eyebrow_text":"Gestione della malattia ","footnotes":""},"category":[11351,11537,11550],"tags":[],"powerkit_post_featured":[],"class_list":["post-334762","post","type-post","status-publish","format-standard","has-post-thumbnail","category-dermatologia-e-venereologia","category-mercato-e-medicina","category-rx-it","pmpro-has-access"],"acf":[],"publishpress_future_action":{"enabled":false,"date":"2026-05-05 19:54:24","action":"change-status","newStatus":"draft","terms":[],"taxonomy":"category","extraData":[]},"publishpress_future_workflow_manual_trigger":{"enabledWorkflows":[]},"wpml_current_locale":"it_IT","wpml_translations":{"pt_PT":{"locale":"pt_PT","id":334769,"slug":"face-ate-a-rosacea-contribuir-para-a-promocao-do-dialogo-medico-paciente","post_title":"\"Face at\u00e9 \u00e0 ros\u00e1cea\": Contribuir para a promo\u00e7\u00e3o do di\u00e1logo m\u00e9dico-paciente","href":"https:\/\/medizinonline.com\/pt-pt\/face-ate-a-rosacea-contribuir-para-a-promocao-do-dialogo-medico-paciente\/"},"es_ES":{"locale":"es_ES","id":334773,"slug":"plantale-cara-a-la-rosacea-contribuir-al-fomento-del-dialogo-medico-paciente","post_title":"\"Pl\u00e1ntale cara a la ros\u00e1cea\": Contribuir al fomento del di\u00e1logo m\u00e9dico-paciente","href":"https:\/\/medizinonline.com\/es\/plantale-cara-a-la-rosacea-contribuir-al-fomento-del-dialogo-medico-paciente\/"}},"_links":{"self":[{"href":"https:\/\/medizinonline.com\/it\/wp-json\/wp\/v2\/posts\/334762","targetHints":{"allow":["GET"]}}],"collection":[{"href":"https:\/\/medizinonline.com\/it\/wp-json\/wp\/v2\/posts"}],"about":[{"href":"https:\/\/medizinonline.com\/it\/wp-json\/wp\/v2\/types\/post"}],"author":[{"embeddable":true,"href":"https:\/\/medizinonline.com\/it\/wp-json\/wp\/v2\/users\/7"}],"replies":[{"embeddable":true,"href":"https:\/\/medizinonline.com\/it\/wp-json\/wp\/v2\/comments?post=334762"}],"version-history":[{"count":0,"href":"https:\/\/medizinonline.com\/it\/wp-json\/wp\/v2\/posts\/334762\/revisions"}],"wp:featuredmedia":[{"embeddable":true,"href":"https:\/\/medizinonline.com\/it\/wp-json\/wp\/v2\/media\/93598"}],"wp:attachment":[{"href":"https:\/\/medizinonline.com\/it\/wp-json\/wp\/v2\/media?parent=334762"}],"wp:term":[{"taxonomy":"category","embeddable":true,"href":"https:\/\/medizinonline.com\/it\/wp-json\/wp\/v2\/category?post=334762"},{"taxonomy":"post_tag","embeddable":true,"href":"https:\/\/medizinonline.com\/it\/wp-json\/wp\/v2\/tags?post=334762"},{"taxonomy":"powerkit_post_featured","embeddable":true,"href":"https:\/\/medizinonline.com\/it\/wp-json\/wp\/v2\/powerkit_post_featured?post=334762"}],"curies":[{"name":"wp","href":"https:\/\/api.w.org\/{rel}","templated":true}]}}