{"id":334806,"date":"2020-02-13T01:00:00","date_gmt":"2020-02-13T00:00:00","guid":{"rendered":"https:\/\/medizinonline.com\/quando-sente-il-battito-degli-zoccoli-deve-pensare-anche-alle-zebre\/"},"modified":"2020-02-13T01:00:00","modified_gmt":"2020-02-13T00:00:00","slug":"quando-sente-il-battito-degli-zoccoli-deve-pensare-anche-alle-zebre","status":"publish","type":"post","link":"https:\/\/medizinonline.com\/it\/quando-sente-il-battito-degli-zoccoli-deve-pensare-anche-alle-zebre\/","title":{"rendered":"Quando sente il battito degli zoccoli, deve pensare anche alle zebre."},"content":{"rendered":"<p><strong>La latenza diagnostica \u00e8 stressante per le persone colpite e in alcuni casi fa s\u00ec che la &#8220;finestra di opportunit\u00e0&#8221; rimanga inutilizzata e si perda il tempo per un trattamento efficace.<\/strong><\/p>\n<p> <!--more--> <\/p>\n<p>Il detto &#8220;Quando senti battere gli zoccoli, devi pensare ai cavalli, non alle zebre&#8221;, che tradotto nella pratica clinica significa che bisogna considerare prima le malattie comuni nel contesto dei chiarimenti diagnostici, a volte \u00e8 un po&#8217; fuorviante. Soprattutto se i risultati non sono chiari, bisogna pensare anche alle malattie rare, dice Eva Luise K\u00f6hler della Fondazione Eva Luise e Horst K\u00f6hler per le persone con malattie rare [1]. In Europa, il criterio di prevalenza \u00e8 che non pi\u00f9 di 5 persone su 10.000 ne siano affette. L&#8217;ICD-11 [2] elenca 5400 malattie rare, ma in realt\u00e0 il numero \u00e8 probabilmente ancora pi\u00f9 alto.<\/p>\n<h2 id=\"\">&nbsp;<\/h2>\n<h2 id=\"-2\"><img fetchpriority=\"high\" decoding=\"async\" class=\" size-full wp-image-13042\" alt=\"\" src=\"https:\/\/medizinonline.com\/wp-content\/uploads\/2020\/02\/kasten_kommunikationsmuster_hp12_s36.png\" style=\"height:471px; width:400px\" width=\"712\" height=\"839\"><\/h2>\n<h2 id=\"-3\">&nbsp;<\/h2>\n<h2 id=\"latenza-diagnostica-consequenziale\">Latenza diagnostica consequenziale<\/h2>\n<p>Il tempo medio per la diagnosi \u00e8 di circa sette anni, anche se una malattia rara su due si manifesta nell&#8217;infanzia o nell&#8217;adolescenza. Questo riflette il fatto che, fino alla diagnosi di una malattia rara, spesso c&#8217;\u00e8 un&#8217;odissea di chiarimenti ed esami diversi. Solo con una diagnosi si ottiene il diritto a un sostegno personale e funzionale, nonch\u00e9 l&#8217;accesso alla migliore consulenza e terapia possibile, ha spiegato il relatore. Le possibili conseguenze di una diagnosi ritardata possono essere fatali, come dimostra con due casi di studio. Il primo caso \u00e8 un ragazzo che sviluppa problemi comportamentali in varie aree nel secondo anno di scuola. Dopo una valutazione di nove mesi, viene fatta la diagnosi di &#8220;sindrome da deficit di attenzione atipica&#8221;. Un esame di risonanza magnetica effettuato successivamente su iniziativa dei genitori porta infine alla diagnosi di adrenoleucodistrofia [3], una malattia metabolica neurodegenerativa ereditaria. Se individuata precocemente, questa malattia pu\u00f2 essere trattata con un trapianto di midollo osseo. In questo caso, tuttavia, la diagnosi \u00e8 stata fatta troppo tardi. Nel secondo caso di studio, il relatore ha descritto il decorso della malattia di un bambino a cui \u00e8 stato diagnosticato uno sviluppo ritardato e un declino delle competenze nella vita quotidiana all&#8217;et\u00e0 di tre anni. Le sue preoccupazioni, comunicate al medico, sono state prese sul serio solo quando si sono verificate le crisi epilettiche. Sulla base di una misurazione delle onde cerebrali, \u00e8 stato effettuato un trattamento farmacologico. Dopo che i genitori hanno sollecitato ulteriori esami, \u00e8 stato effettuato un chiarimento dettagliato in una clinica universitaria, che ha portato alla diagnosi di lipofuscinosi ceroide neuronale (CLN2) [4]. Questo disturbo \u00e8 una malattia demenziale che si manifesta nell&#8217;infanzia. Il trattamento \u00e8 possibile anche per questa diagnosi, ma il suo successo dipende dall&#8217;intervento precoce, ha detto il relatore.<\/p>\n<p>&nbsp;<\/p>\n<p><img decoding=\"async\" class=\"size-full wp-image-13043 lazyload\" alt=\"\" data-src=\"https:\/\/medizinonline.com\/wp-content\/uploads\/2020\/02\/kasten_pitfalls_hp12_s36.png\" style=\"--smush-placeholder-width: 715px; --smush-placeholder-aspect-ratio: 715\/766;height:429px; width:400px\" width=\"715\" height=\"766\" src=\"data:image\/svg+xml;base64,PHN2ZyB3aWR0aD0iMSIgaGVpZ2h0PSIxIiB4bWxucz0iaHR0cDovL3d3dy53My5vcmcvMjAwMC9zdmciPjwvc3ZnPg==\"><\/p>\n<p>&nbsp;<\/p>\n<h2 id=\"come-evitare-le-odissee-di-chiarimento-e-il-salto-dal-medico\">Come evitare le odissee di chiarimento e il salto dal medico<\/h2>\n<p>I due casi di studio sono esemplari per quanto riguarda il processo di diagnosi ritardata &#8211; qualcosa che purtroppo accade spesso ed \u00e8 caratterizzato da alcuni schemi (riquadro). Una diagnosi ritardata non \u00e8 dovuta principalmente a una mancanza di competenze, ma di solito ha anche a che fare con una comunicazione inefficiente tra i pazienti\/relazioni e il personale medico di cura (fornitori di cure primarie\/specialisti). Tuttavia, si tratta anche di un problema importante inerente al sistema, poich\u00e9 il tempo per la comunicazione e la cooperazione \u00e8 difficilmente remunerato nel sistema sanitario tedesco. &#8220;Se i medici possono permettersi solo pochi minuti per comunicare con i pazienti e i colleghi, i pi\u00f9 deboli del sistema soffrono di pi\u00f9&#8221;, spiega il relatore. Per quanto riguarda la sensibilizzazione sul tema delle malattie rare, tuttavia, negli ultimi anni sono stati fatti molti progressi, sottolinea la signora K\u00f6hler. In Germania, ad esempio, dal 2010 esiste un&#8217;Alleanza d&#8217;azione nazionale per le persone con malattie rare (NAMSE) [5], un&#8217;iniziativa a livello nazionale con 27 partner dell&#8217;alleanza, che ha sviluppato un piano d&#8217;azione in 52 punti per migliorare l&#8217;assistenza medica dei pazienti con malattie rare. Un elemento centrale di questo piano di assistenza \u00e8 rappresentato dai circa 30 centri per le malattie rare che sono stati istituiti a livello nazionale negli ultimi dieci anni. L&#8217;oratore ha chiesto di ampliare ulteriormente le strutture assistenziali di queste istituzioni e ha sottolineato l&#8217;importanza dei servizi basati sulle esigenze e del lavoro di pubbliche relazioni.<\/p>\n<h2 id=\"-4\">&nbsp;<\/h2>\n<h2 id=\"-5\"><img decoding=\"async\" class=\"size-full wp-image-13044 lazyload\" alt=\"\" data-src=\"https:\/\/medizinonline.com\/wp-content\/uploads\/2020\/02\/screenshot_orphanet.png\" style=\"--smush-placeholder-width: 1100px; --smush-placeholder-aspect-ratio: 1100\/625;height:341px; width:600px\" width=\"1100\" height=\"625\" src=\"data:image\/svg+xml;base64,PHN2ZyB3aWR0aD0iMSIgaGVpZ2h0PSIxIiB4bWxucz0iaHR0cDovL3d3dy53My5vcmcvMjAwMC9zdmciPjwvc3ZnPg==\"><\/h2>\n<h2 id=\"-6\">&nbsp;<\/h2>\n<h2 id=\"la-salute-digitale-come-opportunita\">&#8220;La salute digitale come opportunit\u00e0<\/h2>\n<p>In questo contesto, sono importanti anche i siti web facili da usare e senza barriere. La trasformazione digitale offre numerose opportunit\u00e0 per il settore delle malattie rare, da un lato attraverso la possibilit\u00e0 di ottimizzare la comunicazione non complicata (ad esempio, la telemedicina, ecc.) e dall&#8217;altro attraverso una cartella clinica elettronica completa e sensibilmente organizzata come base per una diagnosi e una terapia adeguate. La documentazione dei risultati medici e dei chiarimenti deve essere accessibile e comprensibile. Infine, la relatrice afferma di essere fiduciosa per il futuro. Il tema delle malattie rare sta ricevendo un&#8217;attenzione crescente nella clinica e nella ricerca, e anche l&#8217;interesse dei media \u00e8 aumentato. Ritiene che il fatto che le malattie rare siano sempre pi\u00f9 rappresentate nel programma di importanti congressi medici e trovino spazio anche nelle agende della politica sanitaria sia uno sviluppo assolutamente positivo.<\/p>\n<p>&nbsp;<\/p>\n<p>\nLetteratura:<\/p>\n<ol>\n<li>K\u00f6hler EL: Riconoscere le malattie rare. Presentazione Eva Luise K\u00f6hler, Fondazione per le persone con malattie rare (D). Riunione principale, DGIM 5 maggio 2019.<\/li>\n<li>DIMDI: ICD-11 &#8211; 11a revisione dell&#8217;ICD dell&#8217;OMS, www.dimdi.de\/dynamic\/de\/klassifikationen\/icd\/icd-11<\/li>\n<li>Orphanet: Adrenoleucodistrofia, www.orpha.net\/consor\/cgi-bin\/OC_Exp.php?Expert=43&amp;lng=DE<\/li>\n<li>Orphanet: lipofuscinosi ceroide neuronale (CLN2), www.orpha.net\/consor\/cgi-bin\/OC_Exp.php?lng=DE&amp;Expert=216<\/li>\n<li>National Action Alliance for People with Rare Diseases (NAMSE), www.namse.de<\/li>\n<\/ol>\n<p>&nbsp;<\/p>\n<p><em>PRATICA GP 2019; 14(12): 36-37<\/em><\/p>\n","protected":false},"excerpt":{"rendered":"<p>La latenza diagnostica \u00e8 stressante per le persone colpite e in alcuni casi fa s\u00ec che la &#8220;finestra di opportunit\u00e0&#8221; rimanga inutilizzata e si perda il tempo per un trattamento&hellip;<\/p>\n","protected":false},"author":7,"featured_media":93748,"comment_status":"closed","ping_status":"","sticky":false,"template":"","format":"standard","meta":{"_acf_changed":false,"pmpro_default_level":"","cat_1_feature_home_top":false,"cat_2_editor_pick":false,"csco_eyebrow_text":"Malattie rare  ","footnotes":""},"category":[11519,11306,11473,11550],"tags":[26245,26253,26250],"powerkit_post_featured":[],"class_list":["post-334806","post","type-post","status-publish","format-standard","has-post-thumbnail","category-formazione-continua","category-medicina-interna-generale","category-prevenzione-e-assistenza-sanitaria","category-rx-it","tag-malattie-rare-it","tag-modelli-di-comunicazione","tag-orfanotrofio","pmpro-has-access"],"acf":[],"publishpress_future_action":{"enabled":false,"date":"2026-05-05 10:49:28","action":"change-status","newStatus":"draft","terms":[],"taxonomy":"category","extraData":[]},"publishpress_future_workflow_manual_trigger":{"enabledWorkflows":[]},"wpml_current_locale":"it_IT","wpml_translations":{"pt_PT":{"locale":"pt_PT","id":334822,"slug":"quando-se-ouvem-cascos-tambem-se-deve-pensar-em-zebras","post_title":"Quando se ouvem cascos, tamb\u00e9m se deve pensar em zebras","href":"https:\/\/medizinonline.com\/pt-pt\/quando-se-ouvem-cascos-tambem-se-deve-pensar-em-zebras\/"},"es_ES":{"locale":"es_ES","id":334832,"slug":"cuando-oiga-cascos-piense-tambien-en-cebras","post_title":"Cuando oiga cascos, piense tambi\u00e9n en cebras","href":"https:\/\/medizinonline.com\/es\/cuando-oiga-cascos-piense-tambien-en-cebras\/"}},"_links":{"self":[{"href":"https:\/\/medizinonline.com\/it\/wp-json\/wp\/v2\/posts\/334806","targetHints":{"allow":["GET"]}}],"collection":[{"href":"https:\/\/medizinonline.com\/it\/wp-json\/wp\/v2\/posts"}],"about":[{"href":"https:\/\/medizinonline.com\/it\/wp-json\/wp\/v2\/types\/post"}],"author":[{"embeddable":true,"href":"https:\/\/medizinonline.com\/it\/wp-json\/wp\/v2\/users\/7"}],"replies":[{"embeddable":true,"href":"https:\/\/medizinonline.com\/it\/wp-json\/wp\/v2\/comments?post=334806"}],"version-history":[{"count":0,"href":"https:\/\/medizinonline.com\/it\/wp-json\/wp\/v2\/posts\/334806\/revisions"}],"wp:featuredmedia":[{"embeddable":true,"href":"https:\/\/medizinonline.com\/it\/wp-json\/wp\/v2\/media\/93748"}],"wp:attachment":[{"href":"https:\/\/medizinonline.com\/it\/wp-json\/wp\/v2\/media?parent=334806"}],"wp:term":[{"taxonomy":"category","embeddable":true,"href":"https:\/\/medizinonline.com\/it\/wp-json\/wp\/v2\/category?post=334806"},{"taxonomy":"post_tag","embeddable":true,"href":"https:\/\/medizinonline.com\/it\/wp-json\/wp\/v2\/tags?post=334806"},{"taxonomy":"powerkit_post_featured","embeddable":true,"href":"https:\/\/medizinonline.com\/it\/wp-json\/wp\/v2\/powerkit_post_featured?post=334806"}],"curies":[{"name":"wp","href":"https:\/\/api.w.org\/{rel}","templated":true}]}}