{"id":334958,"date":"2020-02-19T01:00:00","date_gmt":"2020-02-19T00:00:00","guid":{"rendered":"https:\/\/medizinonline.com\/se-puo-anche-cancellare-la-i-in-ipf\/"},"modified":"2020-02-19T01:00:00","modified_gmt":"2020-02-19T00:00:00","slug":"se-puo-anche-cancellare-la-i-in-ipf","status":"publish","type":"post","link":"https:\/\/medizinonline.com\/it\/se-puo-anche-cancellare-la-i-in-ipf\/","title":{"rendered":"Se pu\u00f2 anche cancellare la &#8220;i&#8221; in IPF&#8230;."},"content":{"rendered":"<p><strong>Il fatto che dietro le malattie pneumologiche possano esserci ragioni legate al lavoro \u00e8 spesso perso di vista nell&#8217;anamnesi della vita clinica e pratica di tutti i giorni. Un medico del lavoro ha utilizzato i risultati di un nuovo studio per affinare i sensi e ha mostrato a cosa bisogna prestare attenzione, utilizzando l&#8217;esempio di alcuni modelli di malattia.<\/strong><\/p>\n<p> <!--more--> <\/p>\n<p>Nel 2019, una meta-analisi di 11 studi caso-controllo [1] ha affrontato il carico di malattia delle malattie respiratorie e polmonari non maligne dovute al lavoro. Blanc et al. ha calcolato le frazioni attribuibili alla popolazione (PAF) per quelle malattie per le quali era disponibile un numero sufficiente di studi caso-controllo basati sulla popolazione e di studi di coorte. Questo \u00e8 il caso dei seguenti quadri clinici:<\/p>\n<ul>\n<li>Asma (sono state utilizzate solo le incidenze)<\/li>\n<li>BPCO<\/li>\n<li>Bronchite cronica<\/li>\n<li>Fibrosi polmonare idiopatica<\/li>\n<\/ul>\n<p>Per gli altri modelli di malattia, l&#8217;onere della malattia \u00e8 stato calcolato con la formula PAF = percentuale esposta \u00d7 (odds ratio -1)\/OR. Queste patologie includevano:<\/p>\n<ul>\n<li>Proteinosi alveolare<\/li>\n<li>Alveolite allergica esogena<\/li>\n<li>Sarcoidosi<\/li>\n<li>Tubercolosi (come silicotubercolosi o tubercolosi nell&#8217;assistenza sanitaria)<\/li>\n<li>Polmonite acquisita in comunit\u00e0<\/li>\n<\/ul>\n<p>Il risultato \u00e8 stato mostrato in un grafico in parte sorprendente <strong>(Fig. 1) <\/strong>. Non sorprende che i valori di asma, BPCO e CB siano tutti intorno al 15%. Il fatto che il 26% della fibrosi polmonare idiopatica sia riconducibile a cause professionali ci fa chiedere da dove derivi la &#8220;i&#8221; nel nome&#8221;, ha detto il Professor Dennis Nowak, Istituto e Policlinico di Medicina del Lavoro, Sociale e Ambientale, Ospedale Universitario di Monaco. D&#8217;altra parte, l&#8217;esperto non voleva sopravvalutare l&#8217;alto valore della sarcoidosi. &#8220;Questo \u00e8 relativamente banale: sono quasi tutte berilliosi che sono state classificate in modo errato. L&#8217;esperto ritiene che il risultato della polmonite acquisita in comunit\u00e0 (CAP) rifletta in gran parte la polmonite nei saldatori, motivo per cui la vaccinazione contro lo pneumococco \u00e8 raccomandata anche per questo gruppo professionale. In linea di principio, si pu\u00f2 presumere che nella pratica clinica quotidiana, le storie lavorative non vengano raccolte in modo pi\u00f9 attento o completo rispetto agli studi presentati.<\/p>\n<p>&nbsp;<\/p>\n<p><img fetchpriority=\"high\" decoding=\"async\" class=\" size-full wp-image-13051\" alt=\"\" src=\"https:\/\/medizinonline.com\/wp-content\/uploads\/2020\/02\/abb1_pa3_s28.png\" style=\"height:473px; width:600px\" width=\"1100\" height=\"868\"><\/p>\n<p>&nbsp;<\/p>\n<p>Complessivamente, l&#8217;anamnesi lavorativa per le malattie respiratorie e polmonari benigne porta a risultati positivi nel 2-30% degli esaminati (per le malattie maligne, la percentuale \u00e8 compresa tra il 4 e il 70%, a seconda del tipo di carcinoma). Quindi, secondo il consiglio del medico del lavoro, vale la pena chiedere ai pazienti. I fattori che possono influenzare (in)favorevolmente la prognosi sono importanti.<\/p>\n<h2 id=\"malattia-polmonare-interstiziale\">Malattia polmonare interstiziale<\/h2>\n<p>Nel lavoro di Blanc et al. le frazioni attribuibili alla popolazione in pool per le polveri di quarzo sono state del 3%, per le polveri di legno del 4%, per le polveri e i fumi di metallo dell&#8217;8% e per la variabile di esposizione &#8220;vapori\/gas\/polveri\/fumi&#8221; (VGDF) del 26%. Il Prof. Nowak non si fida di quest&#8217;ultimo valore, sospettando piuttosto che in gran parte dei casi la pneumoconiosi sia stata trascurata o &#8211; il che \u00e8 comunque molto speculativo &#8211; che l&#8217;innesco dell&#8217;IPF possa essere avvenuto attraverso le noxae inalatorie.<\/p>\n<p>Una revisione [2] tratta il ruolo delle influenze professionali sullo sviluppo della fibrosi polmonare idiopatica. Gli autori elencano i seguenti gruppi di fattori scatenanti e le diagnosi differenziali:<\/p>\n<ul>\n<li>Polveri organiche (forse alveolite allergica esogena)<\/li>\n<li>Polveri metalliche e minerali (eventualmente siderosi, siderofibrosi, asbestosi)<\/li>\n<li>Polvere di legno (forse alveolite allergica esogena)<\/li>\n<li>Amianto<\/li>\n<li>Inquinamento ambientale da particelle<\/li>\n<\/ul>\n<p>Il Prof. Nowak raccomanda che il gruppo delle fibrosi polmonari idiopatiche venga sempre sottoposto a screening per individuare possibili cause (prevenibili). In definitiva, tutte le malattie professionali sono prevenibili, ha avvertito il medico del lavoro.<\/p>\n<h2 id=\"cancro-da-amianto\">Cancro da amianto<\/h2>\n<p>I medici del reparto di patologia di Bochum hanno valutato le analisi delle polveri polmonari del 2015 rispetto ai dati di esposizione (calcolo dell&#8217;anno delle fibre) e alla radiologia su polmoni e pleura [3]. I ricercatori hanno riunito 1038 set di dati, 36 dei quali riguardavano la microscopia elettronica. Lo stato della placca era noto in 727 pazienti e in 512 erano disponibili i calcoli degli anni di fibra. &#8220;Niente di tutto questo \u00e8 stato molto creativo, ma volevano solo vedere quali dati avevano in cantina&#8221;, ha detto il Prof. Nowak a proposito dello studio di Bochum.&nbsp;  Tuttavia, \u00e8 bene sottolineare che questo tipico caso di studio retrospettivo contiene comunque alcuni spunti molto interessanti:<\/p>\n<p>Da un lato, in caso di esposizione professionale cumulativa elevata, superiore a 25 anni di fibre, \u00e8 stato possibile osservare una correlazione degli anni di fibre calcolati con il rilevamento quantitativo di corpi di amianto nel tessuto polmonare. A bassi livelli di esposizione, nei tessuti si trovano sia un numero basso che un numero elevato di corpi di amianto. Non sono state trovate solo asbestosi di grado I (asbestosi minima), ma anche gradi da II a IV con numeri di anni di fibre a una cifra bassa. Il Prof. Nowak ha trovato questo fatto davvero notevole: &#8220;Ora ci si pu\u00f2 chiedere se anche una quantit\u00e0 molto piccola di amianto provochi l&#8217;asbestosi, o se i calcoli degli anni di fibre siano erroneamente troppo bassi&#8230;&#8221;. Sebbene ritenga quest&#8217;ultima ipotesi piuttosto improbabile, il documento non fornisce ovviamente una risposta definitiva.<\/p>\n<p>L&#8217;altro risultato dell&#8217;analisi \u00e8 stato che nella met\u00e0 delle asbestosi istologicamente confermate (n=47 vs 48), anche con una valutazione completa dei risultati radiologici e, se necessario, i risultati non erano disponibili. Non sono state trovate placche nei risultati della sezione. La conclusione dell&#8217;esperto \u00e8 stata quindi che l&#8217;idea generalmente accettata che le placche siano quasi sempre rilevabili nelle asbestosi e che l&#8217;assenza di tali placche, al contrario, parli a sfavore dell&#8217;amianto che causa la fibrosi polmonare, non sembra essere sempre valida secondo questi dati.<br \/>\nIl fatto che nei pazienti con meno di 25 anni di fibre e nessuna evidenza radiologica di cambiamenti polmonari o pleurici causati dalla polvere di amianto, l&#8217;elaborazione istologica del tessuto polmonare pu\u00f2 spesso fornire una prova completa dell&#8217;asbestosi \u00e8, secondo il parere del Prof. Nowak, un motivo per raccomandare il riconoscimento di una BK basata su questi risultati. Questo si \u00e8 verificato in 68 dei 1038 casi esaminati istopatologicamente.<\/p>\n<p><em>Fonte: Pneumo-Update 2019, Mainz (D)<\/em><\/p>\n<p>&nbsp;<\/p>\n<p>Letteratura:<\/p>\n<ol>\n<li>Blanc PD, et al: L&#8217;onere professionale delle malattie respiratorie non maligne &#8211; Una dichiarazione ufficiale della American Thoracic Society e della European Respiratory Society. American Journal of Respiratory and Critical Care Medicine 2019; 199: 1312-1334.<\/li>\n<li>Trethewey SP, Walters GI, Il ruolo delle esposizioni professionali e ambientali nella patogenesi della fibrosi polmonare idiopatica: una revisione narrativa della letteratura. Medicina 2018; 54.<\/li>\n<li>Feder IS, Theile A, Tannapfel A: I risultati istologici e l&#8217;analisi della polvere polmonare come base per l&#8217;indennizzo della malattia professionale nel cancro al polmone legato all&#8217;amianto in Germania. International Journal of Occupational Medicine and Environmental Health 2018; 31: 293-305.<\/li>\n<\/ol>\n<p>&nbsp;<\/p>\n<p><em>InFo PNEUMOLOGIA &amp; ALLERGOLOGIA 2019; 1(3): 28-29 (pubblicato il 10.12.19, prima della stampa).<\/em><\/p>\n","protected":false},"excerpt":{"rendered":"<p>Il fatto che dietro le malattie pneumologiche possano esserci ragioni legate al lavoro \u00e8 spesso perso di vista nell&#8217;anamnesi della vita clinica e pratica di tutti i giorni. Un medico&hellip;<\/p>\n","protected":false},"author":7,"featured_media":93783,"comment_status":"closed","ping_status":"","sticky":false,"template":"","format":"standard","meta":{"_acf_changed":false,"pmpro_default_level":"","cat_1_feature_home_top":false,"cat_2_editor_pick":false,"csco_eyebrow_text":"Medicina del lavoro","footnotes":""},"category":[11468,11473,11522,11550,11515],"tags":[15320,12356,12098,26505,19133,19537,26506],"powerkit_post_featured":[],"class_list":["post-334958","post","type-post","status-publish","format-standard","has-post-thumbnail","category-pneumologia","category-prevenzione-e-assistenza-sanitaria","category-rapporti-del-congresso","category-rx-it","category-studi","tag-amianto-it","tag-asma","tag-bpco-it","tag-bronchite-cronica","tag-fibrosi-polmonare-idiopatica","tag-malattia-polmonare-interstiziale-it","tag-medicina-del-lavoro","pmpro-has-access"],"acf":[],"publishpress_future_action":{"enabled":false,"date":"2026-05-02 07:33:30","action":"change-status","newStatus":"draft","terms":[],"taxonomy":"category","extraData":[]},"publishpress_future_workflow_manual_trigger":{"enabledWorkflows":[]},"wpml_current_locale":"it_IT","wpml_translations":{"pt_PT":{"locale":"pt_PT","id":334912,"slug":"se-tambem-puder-riscar-o-i-no-ipf","post_title":"Se tamb\u00e9m puder riscar o \"i\" no IPF....","href":"https:\/\/medizinonline.com\/pt-pt\/se-tambem-puder-riscar-o-i-no-ipf\/"},"es_ES":{"locale":"es_ES","id":334924,"slug":"si-tambien-puede-tachar-la-i-en-ipf","post_title":"Si tambi\u00e9n puede tachar la \"i\" en IPF....","href":"https:\/\/medizinonline.com\/es\/si-tambien-puede-tachar-la-i-en-ipf\/"}},"_links":{"self":[{"href":"https:\/\/medizinonline.com\/it\/wp-json\/wp\/v2\/posts\/334958","targetHints":{"allow":["GET"]}}],"collection":[{"href":"https:\/\/medizinonline.com\/it\/wp-json\/wp\/v2\/posts"}],"about":[{"href":"https:\/\/medizinonline.com\/it\/wp-json\/wp\/v2\/types\/post"}],"author":[{"embeddable":true,"href":"https:\/\/medizinonline.com\/it\/wp-json\/wp\/v2\/users\/7"}],"replies":[{"embeddable":true,"href":"https:\/\/medizinonline.com\/it\/wp-json\/wp\/v2\/comments?post=334958"}],"version-history":[{"count":0,"href":"https:\/\/medizinonline.com\/it\/wp-json\/wp\/v2\/posts\/334958\/revisions"}],"wp:featuredmedia":[{"embeddable":true,"href":"https:\/\/medizinonline.com\/it\/wp-json\/wp\/v2\/media\/93783"}],"wp:attachment":[{"href":"https:\/\/medizinonline.com\/it\/wp-json\/wp\/v2\/media?parent=334958"}],"wp:term":[{"taxonomy":"category","embeddable":true,"href":"https:\/\/medizinonline.com\/it\/wp-json\/wp\/v2\/category?post=334958"},{"taxonomy":"post_tag","embeddable":true,"href":"https:\/\/medizinonline.com\/it\/wp-json\/wp\/v2\/tags?post=334958"},{"taxonomy":"powerkit_post_featured","embeddable":true,"href":"https:\/\/medizinonline.com\/it\/wp-json\/wp\/v2\/powerkit_post_featured?post=334958"}],"curies":[{"name":"wp","href":"https:\/\/api.w.org\/{rel}","templated":true}]}}