{"id":335870,"date":"2019-08-16T02:00:00","date_gmt":"2019-08-16T00:00:00","guid":{"rendered":"https:\/\/medizinonline.com\/trattamento-precoce-per-bambini-e-adolescenti\/"},"modified":"2019-08-16T02:00:00","modified_gmt":"2019-08-16T00:00:00","slug":"trattamento-precoce-per-bambini-e-adolescenti","status":"publish","type":"post","link":"https:\/\/medizinonline.com\/it\/trattamento-precoce-per-bambini-e-adolescenti\/","title":{"rendered":"Trattamento precoce per bambini e adolescenti"},"content":{"rendered":"<p><strong>Gli studi hanno dimostrato che la diagnosi e il trattamento precoci migliorano significativamente la prognosi di un disturbo psicotico. Se si sospetta uno sviluppo psicotico, \u00e8 quindi importante una registrazione precoce con gli specialisti.<\/strong><\/p>\n<p> <!--more--> <\/p>\n<p>Due casi di studio tratti dalla consultazione per la diagnosi precoce presso la Clinica di Psichiatria e Psicoterapia del Bambino e dell&#8217;Adolescente (KJPP) di Zurigo:<\/p>\n<p><span style=\"color:#2F4F4F\"><em>La quattordicenne Senja racconta di un mondo di fantasia distinto che ha creato per s\u00e9 circa cinque anni fa e nel quale si ritira sempre nel tempo libero. Sempre pi\u00f9 spesso, Senja sembra perdere il controllo del suo mondo di fantasia. Le sembra che alcune figure sinistre di questo mondo appaiano improvvisamente nel mondo reale e la perseguitino. A volte sente delle voci. Inoltre, Senja soffre di cambiamenti nel suo stato d&#8217;animo, come sbalzi d&#8217;umore depressivi, grave mancanza di energia e assenza di emozioni. Inoltre, riferisce di avere problemi di concentrazione. In passato, i requisiti scolastici non erano un problema per lei, ora ha problemi a soddisfare i requisiti scolastici. Viene descritta come molto assente e poco concentrata. Pi\u00f9 volte Senja si assenta dalle lezioni senza essere giustificata. Si allontana dai suoi compagni di classe. \u00c8 sempre pi\u00f9 sospettosa dei suoi amici, sente di non potersi pi\u00f9 fidare di loro. Trascorre sempre pi\u00f9 tempo nella sua stanza e si occupa del suo mondo di fantasia. Senja viene registrata dal terapeuta incaricato durante la consultazione per la diagnosi precoce.<\/em><\/span><\/p>\n<p><em><span style=\"color:#2F4F4F\">Dopo un periodo di stress, il quindicenne Jonas ha problemi sempre pi\u00f9 gravi ad addormentarsi, fino a quando riesce a malapena a dormire. Di notte, i genitori lo sentono camminare nell&#8217;appartamento. Non \u00e8 pi\u00f9 in grado di concentrarsi. Nel pensiero logico, Jonas si dimostra incoerente, prolisso, logorroico e disorganizzato. Riferisce di idee paranoiche. Per esempio, ha avuto la sensazione che il medico di famiglia avesse rubato il suo computer portatile. Una volta, convinto di dormire nella stanza sbagliata, aveva voluto spostare tutti i mobili in un&#8217;altra stanza nel cuore della notte. In effetti, si dimostra instabile e incoerente. Piange, ride ed \u00e8 verbalmente aggressivo. I genitori difficilmente possono lasciarlo da solo. Dopo essere stato visitato dai medici dell&#8217;ospedale pediatrico, \u00e8 stato indirizzato al servizio di emergenza del KJPP con il sospetto di una psicosi ad esordio acuto.<\/span><\/em><\/p>\n<p>La diagnosi e il trattamento precoce dei disturbi psicotici nell&#8217;adolescenza hanno acquisito importanza negli ultimi anni. L&#8217;individuazione precoce e il trattamento specifico dei sintomi (pre)psicotici si sono rivelati un intervento importante per minimizzare le conseguenze negative del disturbo. Sebbene la maggior parte delle psicosi si manifesti nella giovane et\u00e0 adulta, i primi sottili cambiamenti nella percezione, nel pensiero o nell&#8217;umore si verificano solitamente nell&#8217;infanzia e nell&#8217;adolescenza. Questi cambiamenti sono chiamati sintomi di rischio.<\/p>\n<p>I sintomi a rischio non hanno ancora la qualit\u00e0 dei sintomi psicotici, ma possono gi\u00e0 avere un valore di malattia proprio. Diversi clinici e ricercatori hanno sostenuto che anche i sintomi a rischio dovrebbero essere trattati, indipendentemente dal tasso di transizione verso la malattia psicotica, in quanto il livello di disagio \u00e8 sufficiente a giustificare il trattamento [1\u20134]. Quindi, gli adolescenti nella fase a rischio possono essere compromessi nel loro sviluppo mentale, cognitivo e psicosociale senza soddisfare i criteri di psicosi. I centri di intervento precoce per la psicosi sono sorti in tutto il mondo negli ultimi anni [5].<\/p>\n<h2 id=\"dal-chiarimento-allindicazione-per-il-trattamento\">Dal chiarimento all&#8217;indicazione per il trattamento<\/h2>\n<p>Una diagnosi specifica con l&#8217;aiuto di interviste cliniche semi-strutturate permette una valutazione qualitativa e quantitativa dei sintomi <strong>(Tab. 1)<\/strong>. Con l&#8217;aiuto di questi strumenti, \u00e8 possibile scoprire se i giovani sono ancora nella zona a rischio o se la transizione verso la psicosi \u00e8 gi\u00e0 avvenuta. Inoltre, \u00e8 importante registrare i disturbi in comorbilit\u00e0 ed escludere le potenziali cause somatiche.<\/p>\n<p>&nbsp;<\/p>\n<p><img fetchpriority=\"high\" decoding=\"async\" class=\" size-full wp-image-11778\" alt=\"\" src=\"https:\/\/medizinonline.com\/wp-content\/uploads\/2019\/08\/tab1_np3_s9_0.png\" style=\"height:207px; width:600px\" width=\"1100\" height=\"568\" srcset=\"https:\/\/medizinonline.com\/wp-content\/uploads\/2019\/08\/tab1_np3_s9_0.png 1100w, https:\/\/medizinonline.com\/wp-content\/uploads\/2019\/08\/tab1_np3_s9_0-800x413.png 800w, https:\/\/medizinonline.com\/wp-content\/uploads\/2019\/08\/tab1_np3_s9_0-120x62.png 120w, https:\/\/medizinonline.com\/wp-content\/uploads\/2019\/08\/tab1_np3_s9_0-90x46.png 90w, https:\/\/medizinonline.com\/wp-content\/uploads\/2019\/08\/tab1_np3_s9_0-320x165.png 320w, https:\/\/medizinonline.com\/wp-content\/uploads\/2019\/08\/tab1_np3_s9_0-560x289.png 560w\" sizes=\"(max-width: 1100px) 100vw, 1100px\" \/><\/p>\n<p>&nbsp;<\/p>\n<p>Senja soddisfa un rischio molto elevato (UHR) di sviluppare una psicosi a causa della sua alterazione della percezione (pseudo-allucinazioni che riconosce come non reali), della pronunciata fantasia con pensiero magico e dell&#8217;aumento della diffidenza. Tutti i sintomi sono classificati come sintomi a rischio, perch\u00e9 Senja \u00e8 ancora in grado di controllare la realt\u00e0. Negli esami di prova, non mostra alcun deterioramento cognitivo, ma si sente chiaramente meno concentrata e difficilmente in grado di apprendere. A tal fine, soddisfa i criteri di un episodio depressivo moderato.<\/p>\n<p>Nel caso di Jonas, la connessione con la realt\u00e0 non \u00e8 pi\u00f9 intatta. Mostra deliri ed \u00e8 chiaramente compromesso nella cognizione. Dopo aver escluso una causa organica, viene fatta la diagnosi di disturbo psicotico acuto.<\/p>\n<h2 id=\"trattamento-delle-psicosi\">Trattamento delle psicosi<\/h2>\n<p>Per chi ne soffre per la prima volta, l&#8217;attenzione si concentra sulla terapia sintomatica. Nella maggior parte dei casi, la farmacoterapia antipsicotica \u00e8 inevitabile. I sintomi psicotici devono essere ridotti e la capacit\u00e0 del paziente di funzionare deve essere ripristinata. L&#8217;obiettivo \u00e8 ricostruire il controllo della realt\u00e0. Il ricovero ospedaliero pu\u00f2 fornire l&#8217;ambiente protetto e il trattamento professionale necessari, ma allo stesso tempo, in uno stato psicotico, un ricovero acuto pu\u00f2 essere vissuto come traumatico. Ecco perch\u00e9 \u00e8 importante prendere la decisione migliore per il paziente insieme ai familiari. Tuttavia, in caso di pericolo per s\u00e9 o per gli altri o di scompenso del sistema familiare, il ricovero d&#8217;emergenza non pu\u00f2 essere evitato.<\/p>\n<p>Nel caso di sintomi a rischio, l&#8217;attenzione si concentra sulla psicoeducazione, sulla psicoterapia orientata ai sintomi e sul trattamento dei disturbi in comorbilit\u00e0. Maggiori informazioni al riguardo sono disponibili nelle linee guida dell&#8217;EPA sul trattamento precoce dei sintomi a rischio [4].<\/p>\n<h2 id=\"trattamento-farmacologico\">Trattamento farmacologico<\/h2>\n<p>La prima scelta del trattamento farmacologico \u00e8 rappresentata dagli antipsicotici di terza (aripiprazolo) o seconda generazione (ad esempio, quetiapina): Con un&#8217;efficacia antipsicotica paragonabile, sono meglio tollerati in termini di profilo di effetti collaterali rispetto a quelli di prima generazione [6]. Nella prima settimana di trattamento, quando l&#8217;effetto antipsicotico non \u00e8 ancora stato raggiunto, \u00e8 utile una terapia complementare con benzodiazepine per ridurre l&#8217;ansia e la tensione. I bambini e gli adolescenti possono reagire pi\u00f9 fortemente degli adulti con effetti avversi, pertanto la dose iniziale deve essere aumentata lentamente e assunta in pi\u00f9 dosi al giorno per evitare picchi di concentrazione. Gli effetti avversi iniziali tipici sono affaticamento, perdita di concentrazione e disturbi ortostatici. Inoltre, pu\u00f2 verificarsi un aumento temporaneo della transaminasi e della fosfatasi alcalina a causa di un possibile rigonfiamento delle cellule epiteliali del dotto biliare nelle prime settimane di trattamento. Se non c&#8217;\u00e8 quasi nessun miglioramento dopo due settimane di trattamento, si raccomanda di passare a un altro antipsicotico, poich\u00e9 non ci si deve aspettare un miglioramento dei sintomi [7]. La durata della terapia si basa sulle raccomandazioni per gli adulti (almeno un anno per il primo episodio psicotico).<\/p>\n<h2 id=\"psicoterapia\">Psicoterapia<\/h2>\n<p>Nella psicoterapia delle psicosi, si sono dimostrati particolarmente efficaci gli interventi individualizzati e orientati alle risorse, con un approccio sistemico di terapia comportamentale e&nbsp;, nonch\u00e9 gli interventi psicoeducativi sulla famiglia [8\u201310]. Per conquistare i pazienti per un trattamento terapeutico a lungo termine, sono essenziali offerte terapeutiche adeguate all&#8217;et\u00e0.<\/p>\n<p>Il trattamento dei sintomi a rischio e delle psicosi nell&#8217;infanzia e nell&#8217;adolescenza \u00e8 multimodale e caratterizzato da un forte collegamento in rete del sistema di aiuto. Non deve basarsi solo sui sintomi, ma deve anche tenere conto dei compiti di sviluppo specifici dell&#8217;et\u00e0 e affrontare le difficolt\u00e0 individuali dei rispettivi pazienti. I bambini e gli adolescenti spesso soffrono di gravi crolli sociali a causa della psicosi, tanto da mettere in pericolo il loro normale sviluppo futuro. Le abilit\u00e0 di coping, nel senso di abilit\u00e0 di gestione dello stress, abilit\u00e0 di problem solving e abilit\u00e0 sociali, devono essere formate e migliorate. Oltre ai sintomi positivi, \u00e8 importante riconoscere e trattare i sintomi negativi come la svogliatezza, l&#8217;anedonia o l&#8217;apatia, nonch\u00e9 le perdite cognitive.<\/p>\n<h2 id=\"manuale-di-terapia-per-gli-adolescenti-ad-alto-rischio-di-psicosi\">Manuale di terapia per gli adolescenti ad alto rischio di psicosi<\/h2>\n<p>I sintomi a rischio sono particolarmente comuni nell&#8217;adolescenza e portano a una perdita del livello funzionale [11]. Purtroppo, l&#8217;efficacia degli interventi precoci nel campo della psichiatria infantile e adolescenziale non \u00e8 stata ancora sufficientemente dimostrata, anche perch\u00e9 non sono disponibili manuali di trattamento adatti all&#8217;et\u00e0 e finora sono stati condotti solo pochi studi in questa fascia d&#8217;et\u00e0. Pertanto, solo tre studi controllati di interventi terapeutici con pazienti adolescenti a rischio hanno potuto essere considerati per la meta-analisi di Schmidt e colleghi [4] [12\u201314].<\/p>\n<p>Nell&#8217;ambito della consultazione per la diagnosi precoce delle psicosi presso la Clinica di Psichiatria e Psicoterapia dell&#8217;Infanzia e dell&#8217;Adolescenza, negli ultimi anni \u00e8 stato sviluppato un programma terapeutico per i pazienti a rischio con interventi adattati all&#8217;et\u00e0 e basati su metodi per adulti che sono stati precedentemente classificati come efficienti. Il programma terapeutico consiste in un manuale di terapia e in un&#8217;applicazione <strong>(box)<\/strong> per le pazienti adolescenti di sesso femminile. L&#8217;efficacia del programma terapeutico \u00e8 attualmente in fase di valutazione in uno studio di intervento clinico.<\/p>\n<p>&nbsp;<\/p>\n<p><img decoding=\"async\" class=\"size-full wp-image-11779 lazyload\" alt=\"\" data-src=\"https:\/\/medizinonline.com\/wp-content\/uploads\/2019\/08\/smartphoneapp.png\" style=\"--smush-placeholder-width: 1100px; --smush-placeholder-aspect-ratio: 1100\/1686;height:920px; width:600px\" width=\"1100\" height=\"1686\" src=\"data:image\/svg+xml;base64,PHN2ZyB3aWR0aD0iMSIgaGVpZ2h0PSIxIiB4bWxucz0iaHR0cDovL3d3dy53My5vcmcvMjAwMC9zdmciPjwvc3ZnPg==\"><\/p>\n<p>&nbsp;<\/p>\n<p>Il manuale si basa sulle raccomandazioni delle Linee guida europee dell&#8217;Associazione Psichiatrica Europea EPA per gli interventi terapeutici per i pazienti a rischio [4] <strong>(panoramica) <\/strong>. \u00c8 stato scritto sulla base degli approcci della terapia cognitivo-comportamentale, della terapia orientata alle soluzioni e della terapia sistemica. Si tratta di un approccio individualizzato ed \u00e8 a discrezione del professionista terapeutico quale dei singoli moduli debba essere prioritario per ogni paziente.<\/p>\n<p>&nbsp;<\/p>\n<p><img decoding=\"async\" class=\"size-full wp-image-11780 lazyload\" alt=\"\" data-src=\"https:\/\/medizinonline.com\/wp-content\/uploads\/2019\/08\/kasten_manual.png\" style=\"--smush-placeholder-width: 870px; --smush-placeholder-aspect-ratio: 870\/758;height:349px; width:400px\" width=\"870\" height=\"758\" src=\"data:image\/svg+xml;base64,PHN2ZyB3aWR0aD0iMSIgaGVpZ2h0PSIxIiB4bWxucz0iaHR0cDovL3d3dy53My5vcmcvMjAwMC9zdmciPjwvc3ZnPg==\"><\/p>\n<p>&nbsp;<\/p>\n<h2 id=\"terapia-di-gruppo\">Terapia di gruppo<\/h2>\n<p>Oltre alla terapia individuale, un contesto di gruppo pu\u00f2 essere un sostegno importante per i giovani. Il Training Dialettico Comportamentale per la Prevenzione dei Disturbi Mentali (DBT 2P) viene offerto agli adolescenti con sintomi a rischio e a chi ne soffre per la prima volta presso la Clinica di Intervento Precoce di Zurigo. La formazione di gruppo discute come affrontare i sintomi di rischio e i sintomi psicotici. In uno scambio tra terapeuti e persone colpite, i giovani possono ricevere un contributo utile per la gestione dei sintomi e per affrontare la vita quotidiana. Inoltre, le abilit\u00e0 sociali, la gestione dello stress, l&#8217;autoattivazione nella vita quotidiana e la promozione della fiducia in se stessi sono componenti importanti della formazione di gruppo.<\/p>\n<h2 id=\"rimedio-cognitivo\">Rimedio cognitivo<\/h2>\n<p>Oltre a una migliore gestione dei sintomi positivi e negativi, bisogna puntare al miglioramento delle funzioni cognitive compromesse. A questo scopo, viene creato un piano di allenamento cognitivo dopo aver valutato i deficit cognitivi individuali. Le singole aree cognitive in cui esistono delle difficolt\u00e0 vengono allenate con un training assistito dal computer. Il trasferimento dei contenuti della formazione nella vita quotidiana deve essere accompagnato da uno specialista. Inoltre, si possono sviluppare strategie per compensare le perdite nella vita quotidiana (ad esempio, per quanto riguarda l&#8217;attenzione, le funzioni esecutive, le capacit\u00e0 di risolvere i problemi).<\/p>\n<p><span style=\"color:#2F4F4F\"><em>Senja riceve un trattamento psicoterapeutico per un anno. Si tengono riunioni mensili con le famiglie. All&#8217;inizio del trattamento, l&#8217;attenzione si concentra sulla gestione dei sintomi a rischio. Mentre Senja inizialmente si ritira fortemente nel suo mondo, nel corso della terapia riesce a distaccarsi meglio dal suo mondo di fantasia. I sintomi di rischio sono in declino e il trattamento si concentra ora su questioni come l&#8217;autostima, la ricerca della propria identit\u00e0 e il processo di distacco dalla famiglia nucleare. Senja partecipa alla terapia di gruppo nonostante la resistenza iniziale. Le interazioni con i suoi coetanei la aiutano a diventare pi\u00f9 sicura delle sue abilit\u00e0 sociali. In questo modo, \u00e8 in grado di mettere sempre pi\u00f9 in discussione i suoi schemi di pensiero diffidenti nello scambio nel gruppo e riduce la sua diffidenza verso gli altri. Esce di nuovo pi\u00f9 spesso e investe nelle sue amicizie.<\/em><\/span><\/p>\n<p><span style=\"color:#2F4F4F\"><em>Nel caso di Jonas, all&#8217;inizio sembra necessario un ricovero ospedaliero. Tuttavia, la famiglia vuole provare prima l&#8217;assistenza ambulatoriale e i genitori accettano di provvedere alle maggiori esigenze di assistenza del figlio. La madre si assenta dal lavoro e il padre riduce il suo carico di lavoro. Gli appuntamenti regolari si svolgono due volte alla settimana in regime ambulatoriale. Il trattamento con aripiprazolo e lorazepam pu\u00f2 ridurre la gravit\u00e0 dei sintomi. Jonas mostra ancora deficit cognitivi nelle funzioni esecutive e nella concentrazione, frequenta regolarmente un training cognitivo e mostra i primi piccoli progressi. Con una sufficiente stabilizzazione dei sintomi, la frequenza scolastica ridotta sta ora funzionando bene, il contatto con i coetanei \u00e8 molto importante per lui e contribuisce a un senso di normalit\u00e0.<\/em><\/span><\/p>\n<p>&nbsp;<\/p>\n<h2 id=\"messaggi-da-portare-a-casa\">Messaggi da portare a casa<\/h2>\n<ul>\n<li>Gli studi hanno dimostrato che la diagnosi e il trattamento precoci migliorano significativamente la prognosi di un disturbo psicotico. Se si sospetta uno sviluppo psicotico, \u00e8 quindi importante una registrazione precoce con gli specialisti.<\/li>\n<li>Per chi ne soffre per la prima volta, l&#8217;attenzione si concentra sulla terapia sintomatica. Di solito \u00e8 necessario un trattamento farmacologico con antipsicotici.<\/li>\n<li>Per i sintomi a rischio, si raccomanda una psicoterapia incentrata sulla psicoeducazione, sulla gestione dei sintomi e sui disturbi in comorbilit\u00e0.<\/li>\n<li>Per motivare le giovani persone colpite alla terapia, sono importanti i programmi terapeutici adatti all&#8217;et\u00e0, che rispondono alle esigenze specifiche degli adolescenti.<\/li>\n<\/ul>\n<p>&nbsp;<\/p>\n<p>\nLetteratura:<\/p>\n<ol>\n<li>Bertolote J, McGorry P: Intervento precoce e recupero per i giovani con psicosi precoce: dichiarazione di consenso. Br J Psychiatry Suppl 2005; 48: s116-119.<\/li>\n<li>Correll CU, et al: La ricerca nelle persone con sindrome da rischio di psicosi: una revisione delle prove attuali e delle direzioni future. J Child Psychol Psychiatry 2010; 51(4): 390-431.<\/li>\n<li>Fusar-Poli P, et al: Lezioni apprese dallo stato ad alto rischio di psicosi: verso un modello di stadiazione generale dell&#8217;intervento prodromico. Psychol Med 2014; 44(1): 17-24.<\/li>\n<li>Schmidt SJ, et al: Guida EPA sull&#8217;intervento precoce negli stati clinici ad alto rischio di psicosi. Eur Psychiatry 2015; 30(3): 388-404.<\/li>\n<li>Maric NP, et al: Indagine dell&#8217;Associazione Europea di Psichiatria sullo stato e le prospettive europee nella rilevazione precoce e nell&#8217;intervento nello stato mentale a rischio e nella psicosi al primo episodio. Early Interv Psychiatry 2018; doi: 10.1111\/eip.12682.  [Epub ahead of print]<\/li>\n<li>Pagsberg, AK, et al: La mancata risposta precoce ai farmaci antipsicotici negli adolescenti con psicosi al primo episodio \u00e8 un predittore affidabile della mancata risposta finale e della mancata remissione: risultati dello studio TEA di 12 settimane. In: Early Intervention In Psychiatry 1999; 12: 88.<\/li>\n<li>Myrto, et al. 2015  [exakte Q-Beschreibung fehlt]<\/li>\n<li>Armando M, Pontillo M, Vicari S: Interventi psicosociali per la schizofrenia molto precoce e ad esordio precoce: una revisione dell&#8217;efficacia del trattamento. Curr Opin Psychiatry 2015; 28(4): 312-323.<\/li>\n<li>Baker K, Howell C, Findling RL: Tendenze attuali di trattamento della psicosi nei giovani con schizofrenia. Curr Opin Psychiatry 2016; 3(1): 1-14.<\/li>\n<li>Pinquart M, Oslejsek B, Teubert D: Efficacia della terapia sistemica sugli adulti con disturbi mentali: una meta-analisi. Psychother Res 2016; 26(2): 241-257.<\/li>\n<li>Velthorst E, et al.: Periodi di cambiamento potenzialmente importanti nello sviluppo del funzionamento sociale e di ruolo nei giovani ad alto rischio clinico di psicosi. Dev Psychopathol 2018; 30(1): 39-47.<\/li>\n<li>Bechdolf A, et al: Prevenire la progressione al primo episodio di psicosi negli stati prodromici iniziali. Br J Psychiatry 2012; 200(1): 22-29.<\/li>\n<li>McGorry PD, et al: Studio controllato randomizzato di interventi per giovani ad altissimo rischio di psicosi: esito a dodici mesi. J Clin Psychiatry 2013; 74(4): 349-356.<\/li>\n<li>Miklowitz DJ, et al: Trattamento incentrato sulla famiglia per adolescenti e giovani adulti ad alto rischio di psicosi: risultati di uno studio randomizzato. J Am Acad Child Adolescatry 2014; 53(8): 848-858.<\/li>\n<li>Schultze-Lutter F, Koch E: Schizophrenia Proneness Instrument, Child and Youth Version (SPI-CY). Roma: Giovanni Fioriti Editore, 2010.<\/li>\n<li>Miller TJ, et al: Valutazione prodromica con l&#8217;Intervista Strutturata per le Sindromi Prodromiche e la Scala dei Sintomi Prodromici: Validit\u00e0 predittiva, Affidabilit\u00e0 Interrater e Formazione all&#8217;Affidabilit\u00e0. Bollettino sulla schizofrenia 2003; 29(4): 703-715.<\/li>\n<\/ol>\n<p>&nbsp;<\/p>\n<p><em>InFo NEUROLOGIA &amp; PSICHIATRIA 2019; 17 (3): 8-12.<\/em><\/p>\n","protected":false},"excerpt":{"rendered":"<p>Gli studi hanno dimostrato che la diagnosi e il trattamento precoci migliorano significativamente la prognosi di un disturbo psicotico. Se si sospetta uno sviluppo psicotico, \u00e8 quindi importante una registrazione&hellip;<\/p>\n","protected":false},"author":7,"featured_media":88863,"comment_status":"closed","ping_status":"","sticky":false,"template":"","format":"standard","meta":{"_acf_changed":false,"pmpro_default_level":"","cat_1_feature_home_top":false,"cat_2_editor_pick":false,"csco_eyebrow_text":"Disturbi psicotici","footnotes":""},"category":[11519,11443,11479,11550],"tags":[24517,28202,28200,28204,19428,28199,15261,28206],"powerkit_post_featured":[],"class_list":["post-335870","post","type-post","status-publish","format-standard","has-post-thumbnail","category-formazione-continua","category-pediatria-it","category-psichiatria-e-psicoterapia","category-rx-it","tag-adolescenza","tag-antipsicotico","tag-disturbo-psicotico","tag-psichiatria-delladolescenza","tag-psicoeducazione","tag-psicosi","tag-psicoterapia-it","tag-trattamento-precoce","pmpro-has-access"],"acf":[],"publishpress_future_action":{"enabled":false,"date":"2026-05-06 12:19:48","action":"change-status","newStatus":"draft","terms":[],"taxonomy":"category","extraData":[]},"publishpress_future_workflow_manual_trigger":{"enabledWorkflows":[]},"wpml_current_locale":"it_IT","wpml_translations":{"pt_PT":{"locale":"pt_PT","id":335872,"slug":"tratamento-precoce-para-criancas-e-adolescentes","post_title":"Tratamento precoce para crian\u00e7as e adolescentes","href":"https:\/\/medizinonline.com\/pt-pt\/tratamento-precoce-para-criancas-e-adolescentes\/"},"es_ES":{"locale":"es_ES","id":335823,"slug":"tratamiento-precoz-para-ninos-y-adolescentes","post_title":"Tratamiento precoz para ni\u00f1os y adolescentes","href":"https:\/\/medizinonline.com\/es\/tratamiento-precoz-para-ninos-y-adolescentes\/"}},"_links":{"self":[{"href":"https:\/\/medizinonline.com\/it\/wp-json\/wp\/v2\/posts\/335870","targetHints":{"allow":["GET"]}}],"collection":[{"href":"https:\/\/medizinonline.com\/it\/wp-json\/wp\/v2\/posts"}],"about":[{"href":"https:\/\/medizinonline.com\/it\/wp-json\/wp\/v2\/types\/post"}],"author":[{"embeddable":true,"href":"https:\/\/medizinonline.com\/it\/wp-json\/wp\/v2\/users\/7"}],"replies":[{"embeddable":true,"href":"https:\/\/medizinonline.com\/it\/wp-json\/wp\/v2\/comments?post=335870"}],"version-history":[{"count":0,"href":"https:\/\/medizinonline.com\/it\/wp-json\/wp\/v2\/posts\/335870\/revisions"}],"wp:featuredmedia":[{"embeddable":true,"href":"https:\/\/medizinonline.com\/it\/wp-json\/wp\/v2\/media\/88863"}],"wp:attachment":[{"href":"https:\/\/medizinonline.com\/it\/wp-json\/wp\/v2\/media?parent=335870"}],"wp:term":[{"taxonomy":"category","embeddable":true,"href":"https:\/\/medizinonline.com\/it\/wp-json\/wp\/v2\/category?post=335870"},{"taxonomy":"post_tag","embeddable":true,"href":"https:\/\/medizinonline.com\/it\/wp-json\/wp\/v2\/tags?post=335870"},{"taxonomy":"powerkit_post_featured","embeddable":true,"href":"https:\/\/medizinonline.com\/it\/wp-json\/wp\/v2\/powerkit_post_featured?post=335870"}],"curies":[{"name":"wp","href":"https:\/\/api.w.org\/{rel}","templated":true}]}}