{"id":336431,"date":"2019-04-22T02:00:00","date_gmt":"2019-04-22T00:00:00","guid":{"rendered":"https:\/\/medizinonline.com\/cosa-deve-sapere-il-medico-di-famiglia-sullalitosi\/"},"modified":"2019-04-22T02:00:00","modified_gmt":"2019-04-22T00:00:00","slug":"cosa-deve-sapere-il-medico-di-famiglia-sullalitosi","status":"publish","type":"post","link":"https:\/\/medizinonline.com\/it\/cosa-deve-sapere-il-medico-di-famiglia-sullalitosi\/","title":{"rendered":"Cosa deve sapere il medico di famiglia sull&#8217;alitosi"},"content":{"rendered":"<p><strong>Le cause pi\u00f9 comuni dell&#8217;alitosi sono il rivestimento della lingua o la gengivite. Le terapie generiche e cieche di solito portano al fallimento, ecco perch\u00e9 il trattamento deve essere strettamente correlato alla causa.<\/strong><\/p>\n<p> <!--more--> <\/p>\n<p>Grazie alla crescente presenza dei media e all&#8217;aumento degli studi scientifici, negli ultimi anni l&#8217;argomento tab\u00f9 dell&#8217;alito cattivo \u00e8 diventato oggetto di attenzione da parte di pazienti e medici. Tuttavia, l&#8217;alitosi \u00e8 ancora un problema diffuso. Circa il 10-40% della popolazione soffre di alitosi almeno una volta [1,2,3]. Prima che i pazienti si rechino a un consulto professionale sull&#8217;alitosi, pi\u00f9 della met\u00e0 ha gi\u00e0 visto uno o pi\u00f9 medici [4]. Questo dimostra che nella pratica c&#8217;\u00e8 una certa impotenza nel trattare questi pazienti. Spesso si eseguono terapie a tappeto senza successo, il che richiede molto tempo e costi e alla fine porta alla frustrazione del paziente e del medico. Non \u00e8 raro che vengano eseguite endoscopie gastrointestinali e tonsillectomie o che venga prescritto un antibiotico, il tutto senza successo. Molti pazienti soffrono di alitosi per diversi anni, il che diventa un peso psicologico crescente e pu\u00f2 ridurre notevolmente la qualit\u00e0 della vita delle persone colpite [4].<\/p>\n<p>Questo articolo offre una panoramica sul complesso tema dell&#8217;alitosi. Per un approfondimento, a questo punto si fa riferimento al libro &#8220;Alitosi&#8221;. Trattamento professionale dell&#8217;alito cattivo nello studio dentistico&#8221; [5].<\/p>\n<h2 id=\"differenziazioni-terminologiche\">Differenziazioni terminologiche<\/h2>\n<p>L&#8217;alitosi deriva dalla parola latina halitus (respiro, foschia) e descrive un odore sgradevole dell&#8217;aria respirata, indipendentemente dal luogo di provenienza. I termini usati come sinonimi, come alitosi o foeter ex ore, si riferiscono solo ai casi con una causa nella cavit\u00e0 orale. Per includere il pi\u00f9 possibile tutti i quadri clinici, oggi si usa solo il termine alitosi. A seconda dell&#8217;origine, si distingue tra alitosi intraorale ed extraorale. Oltre all&#8217;alitosi vera e propria, esiste anche un&#8217;alitosi psicologicamente indotta (pseudoalitosi\/alitofobia). Il paziente descrive un odore sgradevole, che non pu\u00f2 essere confermato oggettivamente n\u00e9 con strumenti di misurazione. I pazienti con pseudoalitosi, a differenza di quelli con alitofobia, possono essere convinti che l&#8217;alitosi non \u00e8 presente attraverso una diagnosi e un&#8217;educazione adeguate. L&#8217;alitosi transitoria \u00e8 causata da alimenti come la cipolla o l&#8217;aglio [6]<strong> (Tabella 1)<\/strong>.<\/p>\n<p>&nbsp;<\/p>\n<p><img fetchpriority=\"high\" decoding=\"async\" class=\" size-full wp-image-11672\" alt=\"\" src=\"https:\/\/medizinonline.com\/wp-content\/uploads\/2019\/04\/tab1_hp4_s30.png\" style=\"height:668px; width:600px\" width=\"1100\" height=\"1224\" srcset=\"https:\/\/medizinonline.com\/wp-content\/uploads\/2019\/04\/tab1_hp4_s30.png 1100w, https:\/\/medizinonline.com\/wp-content\/uploads\/2019\/04\/tab1_hp4_s30-800x890.png 800w, https:\/\/medizinonline.com\/wp-content\/uploads\/2019\/04\/tab1_hp4_s30-120x134.png 120w, https:\/\/medizinonline.com\/wp-content\/uploads\/2019\/04\/tab1_hp4_s30-90x100.png 90w, https:\/\/medizinonline.com\/wp-content\/uploads\/2019\/04\/tab1_hp4_s30-320x356.png 320w, https:\/\/medizinonline.com\/wp-content\/uploads\/2019\/04\/tab1_hp4_s30-560x623.png 560w\" sizes=\"(max-width: 1100px) 100vw, 1100px\" \/><\/p>\n<p>&nbsp;<\/p>\n<h2 id=\"cause-per-lo-piu-localizzate-nella-cavita-orale\">Cause per lo pi\u00f9 localizzate nella cavit\u00e0 orale<\/h2>\n<p>Diversi studi hanno dimostrato che la fonte dell&#8217;odore sgradevole si trova nella cavit\u00e0 orale in circa l&#8217;80-90% [4,7]. Poich\u00e9 pi\u00f9 della met\u00e0 dei batteri orali sono localizzati sulla superficie della lingua, il dorso della lingua in combinazione con il rivestimento della lingua <strong>(Fig.&nbsp;1) <\/strong>\u00e8 la causa pi\u00f9 comune dell&#8217;alitosi. I batteri Gram-negativi, anaerobi, che risiedono nei microfori e nelle fessure protette dall&#8217;ossigeno dell&#8217;epitelio della lingua, metabolizzano il materiale organico proveniente dalla saliva, dai residui di cibo e dalle cellule epiteliali esfoliate. Le proteine con aminoacidi contenenti zolfo (ad esempio, cisteina, cistina e metionina) vengono convertite in composti volatili di zolfo (VSC) ed entrano nell&#8217;aria che respiriamo. Nell&#8217;alitosi, l&#8217;idrogeno solforato, il metilmercaptano e il dimetilsolfuro, un po&#8217; meno volatile, giocano un ruolo importante [8]. I batteri speciali sono anche responsabili dell&#8217;infiammazione delle gengive (gengivite) e del parodonto (parodontite marginale), che, oltre alla scarsa igiene orale e delle protesi e alle infezioni locali, sono altre possibili cause orali [4,5,7].<\/p>\n<p>&nbsp;<\/p>\n<p><img decoding=\"async\" class=\"size-full wp-image-11673 lazyload\" alt=\"\" data-src=\"https:\/\/medizinonline.com\/wp-content\/uploads\/2019\/04\/abb1-hp4_s31.jpg\" style=\"--smush-placeholder-width: 755px; --smush-placeholder-aspect-ratio: 755\/855;height:453px; width:400px\" width=\"755\" height=\"855\" data-srcset=\"https:\/\/medizinonline.com\/wp-content\/uploads\/2019\/04\/abb1-hp4_s31.jpg 755w, https:\/\/medizinonline.com\/wp-content\/uploads\/2019\/04\/abb1-hp4_s31-120x136.jpg 120w, https:\/\/medizinonline.com\/wp-content\/uploads\/2019\/04\/abb1-hp4_s31-90x102.jpg 90w, https:\/\/medizinonline.com\/wp-content\/uploads\/2019\/04\/abb1-hp4_s31-320x362.jpg 320w, https:\/\/medizinonline.com\/wp-content\/uploads\/2019\/04\/abb1-hp4_s31-560x634.jpg 560w\" data-sizes=\"(max-width: 755px) 100vw, 755px\" src=\"data:image\/svg+xml;base64,PHN2ZyB3aWR0aD0iMSIgaGVpZ2h0PSIxIiB4bWxucz0iaHR0cDovL3d3dy53My5vcmcvMjAwMC9zdmciPjwvc3ZnPg==\" \/><\/p>\n<p>&nbsp;<\/p>\n<p>Contrariamente all&#8217;opinione ancora diffusa, le cause esterne alla cavit\u00e0 orale sono piuttosto rare, rappresentando circa il 5% dei casi [4,7]. La maggior parte dei casi riguarda l&#8217;area dell&#8217;orecchio, del naso e della gola (ad esempio, tonsillite, sinusite mascellare), seguita dal tratto gastrointestinale (ad esempio, reflusso gastro-esofageo, diverticoli). Anche le malattie sistemiche, le alterazioni metaboliche e ormonali, le insufficienze epatiche o renali e le malattie respiratorie possono essere responsabili dell&#8217;alitosi [5]. Una nuova ricerca ha trovato prove che un difetto genetico in SELENBP1 pu\u00f2 portare a un odore corporeo simile a quello dei cavoli [9].<\/p>\n<p>Anche i cosiddetti cofattori svolgono un ruolo importante, in quanto possono favorire lo sviluppo dell&#8217;alitosi orale. La riduzione della portata salivare \u00e8 il cofattore pi\u00f9 importante, per il quale esistono diverse cause. Ad esempio, molti pazienti assumono farmaci che causano secchezza delle fauci come effetto collaterale. Questo cambia non solo la quantit\u00e0 ma anche la qualit\u00e0 della saliva: diventa pi\u00f9 viscosa e appiccicosa. In una cavit\u00e0 orale secca, l&#8217;effetto di risciacquo e diluizione della saliva \u00e8 notevolmente ridotto, il che favorisce la formazione di biofilm. Il fumo, il consumo di caff\u00e8 e di alcol, la scarsa assunzione giornaliera di acqua, la respirazione con la bocca, una dieta squilibrata e un indice di massa corporea troppo alto o troppo basso possono anche favorire lo sviluppo dell&#8217;alitosi [5].<\/p>\n<h2 id=\"concetto-di-diagnosi-e-terapia-in-sintesi\">Concetto di diagnosi e terapia in sintesi<\/h2>\n<p>Prima dell&#8217;appuntamento, il paziente riceve un modulo di anamnesi di quattro pagine (www.andreas-filippi.ch). Questo serve come base per la conversazione introduttiva con il paziente e fornisce informazioni sul tipo e sulla frequenza dell&#8217;alitosi, sulle autoterapie gi\u00e0 effettuate e sui trattamenti di altri medici e sul livello di sofferenza. Con questa anamnesi generale e speciale, vengono registrati anche i possibili cofattori. Segue una valutazione clinica con l&#8217;obiettivo di identificare i siti di predilezione nella cavit\u00e0 orale. Segue l&#8217;ispezione dei tessuti molli orali e faringei (in particolare il rivestimento della lingua, l&#8217;anello di Waldeyer della faringe, i dotti escretori delle ghiandole salivari). Vengono valutate anche le otturazioni e i restauri dentali, le condizioni parodontali e l&#8217;igiene orale [4,5]. Se il paziente lamenta secchezza delle fauci o se questo pu\u00f2 essere confermato durante l&#8217;esame, viene effettuato anche un test della saliva (Saliva-Check <sup>BUFFER\u00ae<\/sup>, GC). Gli esami microbiologici, invece, sono raramente utilizzati perch\u00e9 fondamentalmente non hanno alcuna influenza sulla terapia [5].<\/p>\n<p>La diagnosi del respiro viene fatta organoletticamente (con l&#8217;aiuto dell&#8217;olfatto del medico) e con strumenti di misurazione [4-6, 10-12]. Durante il colloquio introduttivo e l&#8217;esame clinico, la gravit\u00e0 dell&#8217;alitosi viene registrata in base alla distanza dell&#8217;esaminatore dal paziente (distanza 1 m=grado 3, distanza 30 cm = grado 2, distanza 10 cm = grado 1) [4,5,12].<\/p>\n<p>La misurazione strumentale viene effettuata con un monitor di solfuri <sup>(HaliSens\u00ae<\/sup>, Al Analytical Innovations GmbH, Moosbach, Germania) <strong>(Fig.&nbsp;2 e 3) <\/strong>e un gascromatografo (OralChroma\u2122, Fa. Abilit, USA). Questo oggettiva i sintomi olfattivi del paziente e mostra la distribuzione dei composti volatili dello zolfo [4,5,11,12].<\/p>\n<p>&nbsp;<\/p>\n<p><img decoding=\"async\" class=\"size-full wp-image-11674 lazyload\" alt=\"\" data-src=\"https:\/\/medizinonline.com\/wp-content\/uploads\/2019\/04\/abb2_hp4_s32.jpg\" style=\"--smush-placeholder-width: 697px; --smush-placeholder-aspect-ratio: 697\/836;height:480px; width:400px\" width=\"697\" height=\"836\" data-srcset=\"https:\/\/medizinonline.com\/wp-content\/uploads\/2019\/04\/abb2_hp4_s32.jpg 697w, https:\/\/medizinonline.com\/wp-content\/uploads\/2019\/04\/abb2_hp4_s32-120x144.jpg 120w, https:\/\/medizinonline.com\/wp-content\/uploads\/2019\/04\/abb2_hp4_s32-90x108.jpg 90w, https:\/\/medizinonline.com\/wp-content\/uploads\/2019\/04\/abb2_hp4_s32-320x384.jpg 320w, https:\/\/medizinonline.com\/wp-content\/uploads\/2019\/04\/abb2_hp4_s32-560x672.jpg 560w\" data-sizes=\"(max-width: 697px) 100vw, 697px\" src=\"data:image\/svg+xml;base64,PHN2ZyB3aWR0aD0iMSIgaGVpZ2h0PSIxIiB4bWxucz0iaHR0cDovL3d3dy53My5vcmcvMjAwMC9zdmciPjwvc3ZnPg==\" \/><\/p>\n<p>&nbsp;<\/p>\n<p><img decoding=\"async\" class=\"size-full wp-image-11675 lazyload\" alt=\"\" data-src=\"https:\/\/medizinonline.com\/wp-content\/uploads\/2019\/04\/abb3_hp4_s32.jpg\" style=\"--smush-placeholder-width: 722px; --smush-placeholder-aspect-ratio: 722\/867;height:480px; width:400px\" width=\"722\" height=\"867\" data-srcset=\"https:\/\/medizinonline.com\/wp-content\/uploads\/2019\/04\/abb3_hp4_s32.jpg 722w, https:\/\/medizinonline.com\/wp-content\/uploads\/2019\/04\/abb3_hp4_s32-120x144.jpg 120w, https:\/\/medizinonline.com\/wp-content\/uploads\/2019\/04\/abb3_hp4_s32-90x108.jpg 90w, https:\/\/medizinonline.com\/wp-content\/uploads\/2019\/04\/abb3_hp4_s32-320x384.jpg 320w, https:\/\/medizinonline.com\/wp-content\/uploads\/2019\/04\/abb3_hp4_s32-560x672.jpg 560w\" data-sizes=\"(max-width: 722px) 100vw, 722px\" src=\"data:image\/svg+xml;base64,PHN2ZyB3aWR0aD0iMSIgaGVpZ2h0PSIxIiB4bWxucz0iaHR0cDovL3d3dy53My5vcmcvMjAwMC9zdmciPjwvc3ZnPg==\" \/><\/p>\n<p>&nbsp;<\/p>\n<p>A seconda della causa, il concetto di terapia individuale viene discusso con il paziente: Le infiammazioni esistenti delle gengive o del parodonto e le lesioni cariose vengono trattate, se necessario con il supporto dell&#8217;igiene dentale. Se la parte posteriore della lingua \u00e8 coperta da un rivestimento, viene eseguita una pulizia professionale della lingua con l&#8217;aspiratore TS1 (TS Pro GmbH, Karlsruhe, Germania): Il biofilm sulla superficie della lingua viene sciolto con una pasta per la lingua e con i due lati funzionali dell&#8217;aspiratore per la lingua (lato del pennino e lato di aspirazione) e aspirato.  [13] <strong>(Fig.&nbsp;4a e 4b).<\/strong> Inoltre, il paziente viene introdotto alla pulizia della lingua a casa con un pennello e una pasta per la lingua come parte della routine quotidiana di igiene orale.  [4,5,12] <strong>(Fig.&nbsp;5).<\/strong> Se sono presenti dei cofattori, questi vengono discussi con il paziente e, se possibile, corretti. Se necessario, si rivolga al medico di famiglia o al medico curante [4,5,12].<\/p>\n<p>&nbsp;<\/p>\n<p><img decoding=\"async\" class=\"size-full wp-image-11676 lazyload\" alt=\"\" data-src=\"https:\/\/medizinonline.com\/wp-content\/uploads\/2019\/04\/abb4-hp4_s32.jpg\" style=\"--smush-placeholder-width: 1100px; --smush-placeholder-aspect-ratio: 1100\/549;height:299px; width:600px\" width=\"1100\" height=\"549\" data-srcset=\"https:\/\/medizinonline.com\/wp-content\/uploads\/2019\/04\/abb4-hp4_s32.jpg 1100w, https:\/\/medizinonline.com\/wp-content\/uploads\/2019\/04\/abb4-hp4_s32-800x399.jpg 800w, https:\/\/medizinonline.com\/wp-content\/uploads\/2019\/04\/abb4-hp4_s32-120x60.jpg 120w, https:\/\/medizinonline.com\/wp-content\/uploads\/2019\/04\/abb4-hp4_s32-90x45.jpg 90w, https:\/\/medizinonline.com\/wp-content\/uploads\/2019\/04\/abb4-hp4_s32-320x160.jpg 320w, https:\/\/medizinonline.com\/wp-content\/uploads\/2019\/04\/abb4-hp4_s32-560x279.jpg 560w\" data-sizes=\"(max-width: 1100px) 100vw, 1100px\" src=\"data:image\/svg+xml;base64,PHN2ZyB3aWR0aD0iMSIgaGVpZ2h0PSIxIiB4bWxucz0iaHR0cDovL3d3dy53My5vcmcvMjAwMC9zdmciPjwvc3ZnPg==\" \/><\/p>\n<p>Se la causa dell&#8217;alitosi \u00e8 esterna alla cavit\u00e0 orale o se il paziente soffre di alitofobia, viene indirizzato allo specialista appropriato (otorinolaringoiatra, internista, psicologo\/psichiatra) [4,5].<\/p>\n<p>Inoltre, l&#8217;applicazione Halitosis \u00e8 consigliata [14]. In questo modo, il paziente pu\u00f2 leggere le informazioni ricevute in tutta tranquillit\u00e0. Oltre a molte immagini, ci sono anche istruzioni video che mostrano un autotest affidabile. Con un diario interattivo, l&#8217;utente pu\u00f2 essere ancora pi\u00f9 coinvolto nell&#8217;argomento.<\/p>\n<h2 id=\"conclusione\">Conclusione<\/h2>\n<p>Non esiste un trattamento unico per l&#8217;alitosi. Solo una procedura strettamente legata alla causa porta al successo. Il concetto terapeutico della consultazione sull&#8217;alitosi presso le Cliniche Dentistiche Universitarie UZB \u00e8 stato ripetutamente adattato nel corso di 16 anni, in modo da raggiungere un successo terapeutico costantemente elevato, superiore al 90%. Questo dimostra che oggi nessuno dovrebbe soffrire di alitosi.<\/p>\n<p>&nbsp;<\/p>\n<p>Letteratura:<\/p>\n<ol>\n<li>Miyazaki H, et al.: Correlazione tra i composti volatili dello zolfo e alcune misure di salute orale nella popolazione generale. J Periodontol 1995; 66 (8): 679-684.<\/li>\n<li>Loesche WJ, et al: Malodore orale negli anziani. In: Van Steenberghe D, Rosenberg M (eds). Alito cattivo. Un approccio multidisciplinare. Leuven: University Press, 1996: 181-195.<\/li>\n<li>Bornstein MM, et al: Prevalenza dell&#8217;alitosi nella popolazione della citt\u00e0 di Berna, Svizzera: uno studio di confronto tra dati auto-riferiti e dati clinici. Eur J Oral Sci 2009; 117(3): 261-257.<\/li>\n<li>Z\u00fcrcher A, et al.: Risultati, diagnosi e risultati di una consultazione sull&#8217;alitosi in un periodo di sette anni. Schweiz Monatsschr Zahnmed 2012; 122(3): 205-216.<\/li>\n<li>Filippi A: Alitosi. Berlino: Quintessenz, 2011.<\/li>\n<li>Seemann R, et al.: Gestione dell&#8217;alitosi da parte del medico odontoiatra generale: risultati di un workshop di consenso internazionale. Swiss Dent J 2014; 124(11): 1205-1211.<\/li>\n<li>Quirynen M, et al.: Caratteristiche di 2000 pazienti che hanno visitato una clinica per l&#8217;alitosi. J Clin Periodontol 2009; 36(11): 970-795.<\/li>\n<li>Tonzetich J: Produzione e origine del cattivo odore orale: una revisione dei meccanismi e dei metodi di analisi. J Periodontol 1977; 48(1): 13-20.<\/li>\n<li>Pol A, et al: Mutazioni in SELENBP1, che codifica una nuova metanethiol ossidasi umana, causano alitosi extraorale. Nat Genet 2018; 50(1): 120-129.<\/li>\n<li>Greenman J, et al.: Valutazione organolettica dell&#8217;alitosi per i professionisti del settore dentale &#8211; raccomandazioni generali. J Breath Res 2014; 8(1): 017102.<\/li>\n<li>Laleman I, et al: Valutazione strumentale dell&#8217;alitosi per il medico dentista generico. J Breath Res 2014; 8(1): 017103.<\/li>\n<li>Schumacher MG, et al: Valutazione di una consultazione sull&#8217;alitosi in un periodo di undici anni. Swiss Dent J 2017; 127(10): 852-856.<\/li>\n<li>Z\u00fcrcher A, et al.: Un nuovo strumento per la pulizia professionale della lingua. Quintessenz 2016; 67(6): 729-733.<\/li>\n<li>Filippi A: Applicazioni per smartphone per dentisti. Swiss Dent J 2018; 128(3): 252.<\/li>\n<\/ol>\n<p>&nbsp;<\/p>\n<p><em>PRATICA GP 2019; 14(4): 30-33<\/em><\/p>\n","protected":false},"excerpt":{"rendered":"<p>Le cause pi\u00f9 comuni dell&#8217;alitosi sono il rivestimento della lingua o la gengivite. Le terapie generiche e cieche di solito portano al fallimento, ecco perch\u00e9 il trattamento deve essere strettamente&hellip;<\/p>\n","protected":false},"author":7,"featured_media":88453,"comment_status":"closed","ping_status":"","sticky":false,"template":"","format":"standard","meta":{"_acf_changed":false,"pmpro_default_level":"","cat_1_feature_home_top":false,"cat_2_editor_pick":false,"csco_eyebrow_text":"Alito cattivo  ","footnotes":""},"category":[11519,11532,11433,11550],"tags":[29667,29664,29669,29672],"powerkit_post_featured":[],"class_list":["post-336431","post","type-post","status-publish","format-standard","has-post-thumbnail","category-formazione-continua","category-odontoiatria","category-orl-it","category-rx-it","tag-alito-cattivo","tag-halitosi","tag-lingua","tag-rivestimento-della-lingua","pmpro-has-access"],"acf":[],"publishpress_future_action":{"enabled":false,"date":"2026-05-08 06:47:08","action":"change-status","newStatus":"draft","terms":[],"taxonomy":"category","extraData":[]},"publishpress_future_workflow_manual_trigger":{"enabledWorkflows":[]},"wpml_current_locale":"it_IT","wpml_translations":{"pt_PT":{"locale":"pt_PT","id":336438,"slug":"o-que-o-gp-deve-saber-sobre-halitose","post_title":"O que o GP deve saber sobre halitose","href":"https:\/\/medizinonline.com\/pt-pt\/o-que-o-gp-deve-saber-sobre-halitose\/"},"es_ES":{"locale":"es_ES","id":336395,"slug":"lo-que-el-medico-de-cabecera-debe-saber-sobre-la-halitosis","post_title":"Lo que el m\u00e9dico de cabecera debe saber sobre la halitosis","href":"https:\/\/medizinonline.com\/es\/lo-que-el-medico-de-cabecera-debe-saber-sobre-la-halitosis\/"}},"_links":{"self":[{"href":"https:\/\/medizinonline.com\/it\/wp-json\/wp\/v2\/posts\/336431","targetHints":{"allow":["GET"]}}],"collection":[{"href":"https:\/\/medizinonline.com\/it\/wp-json\/wp\/v2\/posts"}],"about":[{"href":"https:\/\/medizinonline.com\/it\/wp-json\/wp\/v2\/types\/post"}],"author":[{"embeddable":true,"href":"https:\/\/medizinonline.com\/it\/wp-json\/wp\/v2\/users\/7"}],"replies":[{"embeddable":true,"href":"https:\/\/medizinonline.com\/it\/wp-json\/wp\/v2\/comments?post=336431"}],"version-history":[{"count":0,"href":"https:\/\/medizinonline.com\/it\/wp-json\/wp\/v2\/posts\/336431\/revisions"}],"wp:featuredmedia":[{"embeddable":true,"href":"https:\/\/medizinonline.com\/it\/wp-json\/wp\/v2\/media\/88453"}],"wp:attachment":[{"href":"https:\/\/medizinonline.com\/it\/wp-json\/wp\/v2\/media?parent=336431"}],"wp:term":[{"taxonomy":"category","embeddable":true,"href":"https:\/\/medizinonline.com\/it\/wp-json\/wp\/v2\/category?post=336431"},{"taxonomy":"post_tag","embeddable":true,"href":"https:\/\/medizinonline.com\/it\/wp-json\/wp\/v2\/tags?post=336431"},{"taxonomy":"powerkit_post_featured","embeddable":true,"href":"https:\/\/medizinonline.com\/it\/wp-json\/wp\/v2\/powerkit_post_featured?post=336431"}],"curies":[{"name":"wp","href":"https:\/\/api.w.org\/{rel}","templated":true}]}}