{"id":336574,"date":"2019-03-10T01:00:00","date_gmt":"2019-03-10T00:00:00","guid":{"rendered":"https:\/\/medizinonline.com\/un-hamburger-di-frumento-non-e-sempre-solo-un-hamburger-di-frumento\/"},"modified":"2019-03-10T01:00:00","modified_gmt":"2019-03-10T00:00:00","slug":"un-hamburger-di-frumento-non-e-sempre-solo-un-hamburger-di-frumento","status":"publish","type":"post","link":"https:\/\/medizinonline.com\/it\/un-hamburger-di-frumento-non-e-sempre-solo-un-hamburger-di-frumento\/","title":{"rendered":"Un hamburger di frumento non \u00e8 sempre solo un hamburger di frumento"},"content":{"rendered":"<p><strong>Un aumento del potenziale allergenico di&nbsp;\u00e8 discusso in relazione al grano saraceno&nbsp;. Il grano saraceno viene utilizzato, tra l&#8217;altro, per l&#8217;intolleranza al glutine (celiachia) ed \u00e8 un ingrediente del &#8220;pizokel&#8221; e della &#8220;polenta nostrana con grano saraceno&#8221;. Nel frattempo, si sa molto sulle propriet\u00e0 molecolari di questo cereale e sui rischi allergici associati.<\/strong><\/p>\n<div alt=\"0\" id=\"SL_balloon_obj\" style=\"display: block;\">\n<div class=\"SL_ImTranslatorLogo\" id=\"SL_button\" style=\"background: rgba(0, 0, 0, 0) url(\"moz-extension:\/\/27c8b66b-4e69-a543-b12c-ee19d038addf\/content\/img\/util\/imtranslator-s.png\") repeat scroll 0% 0%; display: none; opacity: 1; left: 0px; top: -5px;\">&nbsp;<\/div>\n<div id=\"SL_shadow_translation_result2\" style=\"display: none;\">&nbsp;<\/div>\n<div id=\"SL_shadow_translator\" style=\"display: none;\">\n<div id=\"SL_planshet\">\n<div id=\"SL_arrow_up\" style=\"background: rgba(0, 0, 0, 0) url(\"moz-extension:\/\/27c8b66b-4e69-a543-b12c-ee19d038addf\/content\/img\/util\/up.png\") repeat scroll 0% 0%;\">&nbsp;<\/div>\n<div id=\"SL_Bproviders\">&nbsp;<\/div>\n<div id=\"SL_alert_bbl\" style=\"display: none;\">\n<div id=\"SLHKclose\" style=\"background: rgba(0, 0, 0, 0) url(\"moz-extension:\/\/27c8b66b-4e69-a543-b12c-ee19d038addf\/content\/img\/util\/delete.png\") repeat scroll 0% 0%;\">&nbsp;<\/div>\n<div id=\"SL_alert_cont\">&nbsp;<\/div>\n<\/div>\n<div id=\"SL_TB\">\n<table cellspacing=\"1\" id=\"SL_tables\">\n<tr>\n<td align=\"right\" class=\"SL_td\" width=\"10%\"><input id=\"SL_locer\" title=\"Salva la lingua\" type=\"checkbox\"><\/td>\n<td align=\"left\" class=\"SL_td\" width=\"20%\"><select id=\"SL_lng_from\" style=\"background: rgb(255, 255, 255) url(\"moz-extension:\/\/27c8b66b-4e69-a543-b12c-ee19d038addf\/content\/img\/util\/select.png\") no-repeat scroll 100% 0px;\"><option value=\"auto\">Riconoscere il linguaggio<\/option><option value=\"af\">Afrikaans<\/option><option value=\"sq\">Albanese<\/option><option value=\"a\">Amarico<\/option><option value=\"ar\">Arabo<\/option><option value=\"hy\">Armeno<\/option><option value=\"az\">Azerbaigian<\/option><option value=\"eu\">Basco<\/option><option value=\"bn\">Bengalese<\/option><option value=\"il mio\">Birmano<\/option><option value=\"b\">Bosniaco<\/option><option value=\"bg\">Bulgaro<\/option><option value=\"ceb\">Cebuano<\/option><option value=\"ny\">Chichewa<\/option><option value=\"zh-TW\">Cinese trad<\/option><option value=\"zh-CN\">Cinese ver<\/option><option value=\"da\">Danese<\/option><option value=\"de\">Tedesco<\/option><option value=\"en\">Inglese<\/option><option value=\"eo\">Esperanto<\/option><option value=\"et\">Estone<\/option><option value=\"tl\">Filippino<\/option><option value=\"fi\">Finlandese<\/option><option value=\"fr\">Francese<\/option><option value=\"fy\">Frisone<\/option><option value=\"gl\">Galiziano<\/option><option value=\"ka\">Georgiano<\/option><option value=\"el\">Greco<\/option><option value=\"gu\">Gujarati<\/option><option value=\"ht\">Haitiano<\/option><option value=\"ha\">Hausa<\/option><option value=\"falco\">Hawaiano<\/option><option value=\"iw\">Ebraico<\/option><option value=\"ciao\">Hindi<\/option><option value=\"hmn\">Hmong<\/option><option value=\"ig\">Igbo<\/option><option value=\"id\">Indonesiano<\/option><option value=\"ga\">Irlandese<\/option><option value=\"\u00e8\">Islandese<\/option><option value=\"it\">Italiano<\/option><option value=\"s\u00ec\">Giapponese<\/option><option value=\"jw\">Giavanese<\/option><option value=\"yi\">Yiddish<\/option><option value=\"kn\">Kannada<\/option><option value=\"kk\">Kazako<\/option><option value=\"ca\">Catalano<\/option><option value=\"km\">Khmer<\/option><option value=\"ky\">Kirghizistan<\/option><option value=\"ko\">Coreano<\/option><option value=\"co\">Corso<\/option><option value=\"hr\">Croato<\/option><option value=\"ku\">Curdo<\/option><option value=\"lo\">Lao<\/option><option value=\"la\">Latino<\/option><option value=\"lv\">Lettone<\/option><option value=\"lt\">Lituano<\/option><option value=\"a libbra\">Lussemburghese<\/option><option value=\"mg\">Malgascio<\/option><option value=\"ml\">Malayalam<\/option><option value=\"ms\">Malese<\/option><option value=\"mt\">Maltese<\/option><option value=\"mi\">Maori<\/option><option value=\"mr\">Marathi<\/option><option value=\"mk\">Macedone<\/option><option value=\"mn\">Mongolo<\/option><option value=\"ne\">Nepalese<\/option><option value=\"nl\">Olandese<\/option><option value=\"no\">Norvegese<\/option><option value=\"ps\">Pashto<\/option><option value=\"fa\">Persiano<\/option><option value=\"pl\">Polacco<\/option><option value=\"pt\">Portoghese<\/option><option value=\"pa\">Punjabi<\/option><option value=\"ro\">Rumeno<\/option><option value=\"ru\">Russo<\/option><option value=\"sm\">Samoano<\/option><option value=\"gd\">Gaelico scozzese<\/option><option value=\"sv\">Svedese<\/option><option value=\"sr\">Serbo<\/option><option value=\"st\">Sesotho<\/option><option value=\"sn\">Shona<\/option><option value=\"sd\">Sindhi<\/option><option value=\"si\">Sinhala<\/option><option value=\"sk\">Slovacco<\/option><option value=\"sl\">Sloveno<\/option><option value=\"quindi\">Somalo<\/option><option value=\"it\">Spagnolo<\/option><option value=\"sw\">Swahili<\/option><option value=\"su\">Sundanese<\/option><option value=\"tg\">Tajik<\/option><option value=\"ta\">Tamil<\/option><option value=\"te\">Telugu<\/option><option value=\"th\">Thai<\/option><option value=\"cs\">Ceca<\/option><option value=\"tr\">Turco<\/option><option value=\"uk\">Ucraino<\/option><option value=\"hu\">Ungherese<\/option><option value=\"ur\">Urdu<\/option><option value=\"uz\">Uzbeko<\/option><option value=\"vi\">Vietnamita<\/option><option value=\"cy\">Gallese<\/option><option value=\"essere\">Il russo bianco<\/option><option value=\"xh\">Xhosa<\/option><option value=\"yo\">Yoruba<\/option><option value=\"a\">Zulu<\/option><\/select><\/td>\n<td align=\"center\" class=\"SL_td\" width=\"3\">\n<div id=\"SL_switch_b\" style=\"background: rgba(0, 0, 0, 0) url(\"moz-extension:\/\/27c8b66b-4e69-a543-b12c-ee19d038addf\/content\/img\/util\/switchb.png\") repeat scroll 0% 0%;\" title=\"Cambia lingua\">&nbsp;<\/div>\n<\/td>\n<td align=\"left\" class=\"SL_td\" width=\"20%\"><select id=\"SL_lng_to\" style=\"background: rgb(255, 255, 255) url(\"moz-extension:\/\/27c8b66b-4e69-a543-b12c-ee19d038addf\/content\/img\/util\/select.png\") no-repeat scroll 100% 0px;\"><option value=\"af\">Afrikaans<\/option><option value=\"sq\">Albanese<\/option><option value=\"a\">Amarico<\/option><option value=\"ar\">Arabo<\/option><option value=\"hy\">Armeno<\/option><option value=\"az\">Azerbaigian<\/option><option value=\"eu\">Basco<\/option><option value=\"bn\">Bengalese<\/option><option value=\"il mio\">Birmano<\/option><option value=\"b\">Bosniaco<\/option><option value=\"bg\">Bulgaro<\/option><option value=\"ceb\">Cebuano<\/option><option value=\"ny\">Chichewa<\/option><option value=\"zh-TW\">Cinese trad<\/option><option value=\"zh-CN\">Cinese ver<\/option><option value=\"da\">Danese<\/option><option selected value=\"de\">Tedesco<\/option><option value=\"en\">Inglese<\/option><option value=\"eo\">Esperanto<\/option><option value=\"et\">Estone<\/option><option value=\"tl\">Filippino<\/option><option value=\"fi\">Finlandese<\/option><option value=\"fr\">Francese<\/option><option value=\"fy\">Frisone<\/option><option value=\"gl\">Galiziano<\/option><option value=\"ka\">Georgiano<\/option><option value=\"el\">Greco<\/option><option value=\"gu\">Gujarati<\/option><option value=\"ht\">Haitiano<\/option><option value=\"ha\">Hausa<\/option><option value=\"falco\">Hawaiano<\/option><option value=\"iw\">Ebraico<\/option><option value=\"ciao\">Hindi<\/option><option value=\"hmn\">Hmong<\/option><option value=\"ig\">Igbo<\/option><option value=\"id\">Indonesiano<\/option><option value=\"ga\">Irlandese<\/option><option value=\"\u00e8\">Islandese<\/option><option value=\"it\">Italiano<\/option><option value=\"s\u00ec\">Giapponese<\/option><option value=\"jw\">Giavanese<\/option><option value=\"yi\">Yiddish<\/option><option value=\"kn\">Kannada<\/option><option value=\"kk\">Kazako<\/option><option value=\"ca\">Catalano<\/option><option value=\"km\">Khmer<\/option><option value=\"ky\">Kirghizistan<\/option><option value=\"ko\">Coreano<\/option><option value=\"co\">Corso<\/option><option value=\"hr\">Croato<\/option><option value=\"ku\">Curdo<\/option><option value=\"lo\">Lao<\/option><option value=\"la\">Latino<\/option><option value=\"lv\">Lettone<\/option><option value=\"lt\">Lituano<\/option><option value=\"a libbra\">Lussemburghese<\/option><option value=\"mg\">Malgascio<\/option><option value=\"ml\">Malayalam<\/option><option value=\"ms\">Malese<\/option><option value=\"mt\">Maltese<\/option><option value=\"mi\">Maori<\/option><option value=\"mr\">Marathi<\/option><option value=\"mk\">Macedone<\/option><option value=\"mn\">Mongolo<\/option><option value=\"ne\">Nepalese<\/option><option value=\"nl\">Olandese<\/option><option value=\"no\">Norvegese<\/option><option value=\"ps\">Pashto<\/option><option value=\"fa\">Persiano<\/option><option value=\"pl\">Polacco<\/option><option value=\"pt\">Portoghese<\/option><option value=\"pa\">Punjabi<\/option><option value=\"ro\">Rumeno<\/option><option value=\"ru\">Russo<\/option><option value=\"sm\">Samoano<\/option><option value=\"gd\">Gaelico scozzese<\/option><option value=\"sv\">Svedese<\/option><option value=\"sr\">Serbo<\/option><option value=\"st\">Sesotho<\/option><option value=\"sn\">Shona<\/option><option value=\"sd\">Sindhi<\/option><option value=\"si\">Sinhala<\/option><option value=\"sk\">Slovacco<\/option><option value=\"sl\">Sloveno<\/option><option value=\"quindi\">Somalo<\/option><option value=\"it\">Spagnolo<\/option><option value=\"sw\">Swahili<\/option><option value=\"su\">Sundanese<\/option><option value=\"tg\">Tajik<\/option><option value=\"ta\">Tamil<\/option><option value=\"te\">Telugu<\/option><option value=\"th\">Thai<\/option><option value=\"cs\">Ceca<\/option><option value=\"tr\">Turco<\/option><option value=\"uk\">Ucraino<\/option><option value=\"hu\">Ungherese<\/option><option value=\"ur\">Urdu<\/option><option value=\"uz\">Uzbeko<\/option><option value=\"vi\">Vietnamita<\/option><option value=\"cy\">Gallese<\/option><option value=\"essere\">Il russo bianco<\/option><option value=\"xh\">Xhosa<\/option><option value=\"yo\">Yoruba<\/option><option value=\"a\">Zulu<\/option><\/select><\/td>\n<td align=\"center\" class=\"SL_td\" width=\"8%\">\n<div id=\"SL_TTS_voice\" style=\"background: rgba(0, 0, 0, 0) url(\"moz-extension:\/\/27c8b66b-4e69-a543-b12c-ee19d038addf\/content\/img\/util\/ttsvoice.png\") repeat scroll 0% 0%;\" title=\"non definito\">&nbsp;<\/div>\n<\/td>\n<td align=\"center\" class=\"SL_td\" width=\"8%\">\n<div class=\"SL_copy\" id=\"SL_copy\" style=\"background: rgba(0, 0, 0, 0) url(\"moz-extension:\/\/27c8b66b-4e69-a543-b12c-ee19d038addf\/content\/img\/util\/copy.png\") repeat scroll 0% 0%;\" title=\"Copia\">&nbsp;<\/div>\n<\/td>\n<td align=\"center\" class=\"SL_td\" width=\"8%\">\n<div id=\"SL_bbl_font_patch\">&nbsp;<\/div>\n<div class=\"SL_bbl_font\" id=\"SL_bbl_font\" style=\"background: rgba(0, 0, 0, 0) url(\"moz-extension:\/\/27c8b66b-4e69-a543-b12c-ee19d038addf\/content\/img\/util\/font.png\") repeat scroll 0% 0%;\" title=\"Dimensione del carattere\">&nbsp;<\/div>\n<\/td>\n<td align=\"center\" class=\"SL_td\" width=\"8%\">\n<div id=\"SL_bbl_help\" style=\"background: rgba(0, 0, 0, 0) url(\"moz-extension:\/\/27c8b66b-4e69-a543-b12c-ee19d038addf\/content\/img\/util\/bhelp.png\") repeat scroll 0% 0%;\" title=\"Aiuto\">&nbsp;<\/div>\n<\/td>\n<td align=\"right\" class=\"SL_td\" width=\"15%\">\n<div class=\"SL_pin_off\" id=\"SL_pin\" style=\"background: rgba(0, 0, 0, 0) url(\"moz-extension:\/\/27c8b66b-4e69-a543-b12c-ee19d038addf\/content\/img\/util\/pin-on.png\") repeat scroll 0% 0%;\" title=\"Traduttore pop-up per unghie\">&nbsp;<\/div>\n<\/td>\n<\/tr>\n<\/table>\n<\/div>\n<\/div>\n<div id=\"SL_shadow_translation_result\" style=\"visibility: visible;\">&nbsp;<\/div>\n<div class=\"SL_loading\" id=\"SL_loading\" style=\"background: rgba(0, 0, 0, 0) url(\"moz-extension:\/\/27c8b66b-4e69-a543-b12c-ee19d038addf\/content\/img\/util\/loading.gif\") repeat scroll 0% 0%;\">&nbsp;<\/div>\n<div id=\"SL_player2\">&nbsp;<\/div>\n<div id=\"SL_alert100\">La funzione audio \u00e8 limitata a 200 caratteri<\/div>\n<div id=\"SL_Balloon_options\" style=\"background: rgb(255, 255, 255) url(\"moz-extension:\/\/27c8b66b-4e69-a543-b12c-ee19d038addf\/content\/img\/util\/bg3.png\") repeat scroll 0% 0%;\">\n<div id=\"SL_arrow_down\" style=\"background: rgba(0, 0, 0, 0) url(\"moz-extension:\/\/27c8b66b-4e69-a543-b12c-ee19d038addf\/content\/img\/util\/down.png\") repeat scroll 0% 0%;\">&nbsp;<\/div>\n<table id=\"SL_tbl_opt\" style=\"width:100%\">\n<tr>\n<td align=\"center\" width=\"5%\"><input checked id=\"SL_BBL_locer\" title=\"Mostra il pulsante inTranslator 3 secondi\" type=\"checkbox\"><\/td>\n<td align=\"left\" width=\"5%\">\n<div id=\"SL_BBL_IMG\" style=\"background: rgba(0, 0, 0, 0) url(\"moz-extension:\/\/27c8b66b-4e69-a543-b12c-ee19d038addf\/content\/img\/util\/bbl-logo.png\") repeat scroll 0% 0%;\" title=\"Mostra il pulsante inTranslator 3 secondi\">&nbsp;<\/div>\n<\/td>\n<td align=\"center\" width=\"70%\"><a class=\"SL_options\" href=\"\/\/27c8b66b-4e69-a543-b12c-ee19d038addf\/content\/html\/options\/options.html?bbl\" id=\"SL_opt1\" target=\"_blank\" title=\"Mostra le opzioni\" rel=\"noopener\">Opzioni<\/a>: <a class=\"SL_options\" href=\"\/\/27c8b66b-4e69-a543-b12c-ee19d038addf\/content\/html\/options\/options.html?hist\" id=\"SL_opt2\" target=\"_blank\" title=\"Storia della traduzione\" rel=\"noopener\">Storia<\/a>: <a class=\"SL_options\" href=\"\/\/27c8b66b-4e69-a543-b12c-ee19d038addf\/content\/html\/options\/options.html?feed\" id=\"SL_opt3\" target=\"_blank\" title=\"Feedback\" rel=\"noopener\">Feedback<\/a>: <a class=\"SL_options\" href=\"https:\/\/www.paypal.com\/cgi-bin\/webscr?cmd=_s-xclick&amp;hosted_button_id=GD9D8CPW8HFA2\" id=\"SL_opt4\" target=\"_blank\" title=\"Contribuire\" rel=\"noopener\">Donazioni<\/a><\/td>\n<td align=\"right\" width=\"15%\"><span id=\"SL_Balloon_Close\" title=\"Chiudere\">Chiudere<\/span><\/td>\n<\/tr>\n<\/table>\n<\/div>\n<\/div>\n<\/div>\n<p> <!--more--> <\/p>\n<p><strong>Anamnesi: <\/strong>la drogata quarantenne (P. Gabriele) ordin\u00f2 un hamburger di grano vegetariano nella sua amata brasserie, che al momento offriva specialit\u00e0 bretoni nel menu (ostriche, frutti di mare, vari tipi di hamburger e crepes, sidro, ecc.) Dopo soli tre morsi, ha avvertito un formicolio in bocca, una sensazione di calore nella zona della testa e un gonfiore sul palato, seguito da prurito generalizzato, rantoli orticarioidi e dispnea, tanto che \u00e8 stato effettuato un ricovero d&#8217;urgenza al pronto soccorso della Clinica Medica dell&#8217;Ospedale Cantonale di Winterthur. L\u00ec \u00e8 stata registrata per un chiarimento allergologico presso il reparto di allergologia dell&#8217;USZ.  &nbsp;<\/p>\n<h2 id=\"anamnesi-supplementare\">Anamnesi supplementare<\/h2>\n<p>L&#8217;anamnesi ha rivelato che il droghiere esperto ha sofferto di rinocongiuntivite stagionale fin dall&#8217;infanzia, che si \u00e8 indebolita nel corso degli anni e alla fine si \u00e8 manifestata solo in alcuni giorni dei mesi estivi. Dopo aver completato il suo apprendistato come farmacista, inizialmente ha continuato a lavorare nella stessa attivit\u00e0, ma la rinite e la congiuntivite si sono verificate in ogni caso durante il confezionamento delle spezie di camomilla, sedano e timo, cosicch\u00e9 la paziente ha abbandonato il lavoro e ha accettato la gestione di un negozio di alimenti naturali. Qui ha notato che aveva una reazione allergica quando assumeva un preparato a base di polline di fiori. Dopo qualche tempo, si sono verificati disturbi respiratori quando i germi del grano saraceno venivano macinati, quindi il grano saraceno veniva distribuito solo in sacchetti chiusi. Ha anche sperimentato sintomi orticarioidi quando mangiava alimenti contenenti grano saraceno, motivo per cui evitava rigorosamente le specialit\u00e0 contenenti farina di grano saraceno.<\/p>\n<p>Un&#8217;indagine al ristorante ha rivelato che l&#8217;hamburger di grano che il paziente aveva mangiato (solo tre morsi!) era stato fritto nella stessa padella in cui era stata precedentemente preparata una cr\u00eape di grano saraceno. Il paziente era stato precedentemente assicurato dalla padrona di casa che l&#8217;hamburger di grano non conteneva farina di grano saraceno.<\/p>\n<h2 id=\"chiarimenti-allergologici\">Chiarimenti allergologici<\/h2>\n<p>I prick test di routine hanno rivelato reazioni positive da molto forti a forti ai pollini di ontano, nocciolo, betulla, segale (famiglia delle graminacee), artemisia e acetosa. \u00c8 stato prelevato un campione di sangue per la determinazione delle IgE specifiche al grano saraceno e all&#8217;acetosa e al paziente \u00e8 stato chiesto di prendere un hamburger di grano saraceno e della farina di grano saraceno dalla brasserie.<\/p>\n<p>Nel prick-to-prick test con l&#8217;hamburger di grano saraceno e nel prick test simultaneo con l&#8217;estratto di farina di grano saraceno (preparazione laboratorio allergologico-immunologico della Clinica Dermatologica USZ, diluito 1:1000), il paziente ha reagito con forti focolai allergici dopo soli tre minuti.&nbsp; <strong> (figg. 1 e 2)<\/strong> e sintomi generali (arrossamento, sensazione di calore, dispnea), che hanno reso necessaria una terapia endovenosa con clemastina e un corticosteroide.<\/p>\n<p>&nbsp;<\/p>\n<p><img fetchpriority=\"high\" decoding=\"async\" class=\" size-full wp-image-11502\" alt=\"\" src=\"https:\/\/medizinonline.com\/wp-content\/uploads\/2019\/03\/abb1-2_dp1_s4.jpg\" style=\"height:458px; width:600px\" width=\"1100\" height=\"840\"><\/p>\n<p>&nbsp;<\/p>\n<p>Il risultato del test RAST-Cap, arrivato nel frattempo, ha mostrato una positivit\u00e0 di classe 3 (3,84&nbsp;kU\/L) per il grano saraceno e di classe 2 (1,5&nbsp;kU\/L) per l&#8217;acetosa.<\/p>\n<h2 id=\"diagnosi\">Diagnosi<\/h2>\n<ul>\n<li>Anafilassi da hamburger di frumento in caso di sensibilizzazione al grano saraceno (occulta)<\/li>\n<li>Stato successivo all&#8217;allergia da inalazione di polvere di farina di grano saraceno, camomilla, sedano e timo.<\/li>\n<li>Rinocongiuntivite pollinosa nella sensibilizzazione polivalente ai pollini, inclusa. sul polline di acetosella.  &nbsp;<\/li>\n<\/ul>\n<h2 id=\"commento\">Commento<\/h2>\n<p>Questo caso di reazione anafilattica al grano saraceno dimostra ancora una volta che nella sensibilizzazione alimentare possono verificarsi reazioni immediate gravi da ingestione anche quando nell&#8217;alimento sono presenti solo piccole quantit\u00e0 di allergeni occulti [1\u20134].<\/p>\n<p>&nbsp;<\/p>\n<p><img decoding=\"async\" class=\"size-full wp-image-11503 lazyload\" alt=\"\" data-src=\"https:\/\/medizinonline.com\/wp-content\/uploads\/2019\/03\/abb3_dp1_s5.jpg\" style=\"--smush-placeholder-width: 894px; --smush-placeholder-aspect-ratio: 894\/974;height:436px; width:400px\" width=\"894\" height=\"974\" src=\"data:image\/svg+xml;base64,PHN2ZyB3aWR0aD0iMSIgaGVpZ2h0PSIxIiB4bWxucz0iaHR0cDovL3d3dy53My5vcmcvMjAwMC9zdmciPjwvc3ZnPg==\"><\/p>\n<p>&nbsp;<\/p>\n<p><img decoding=\"async\" class=\"size-full wp-image-11504 lazyload\" alt=\"\" data-src=\"https:\/\/medizinonline.com\/wp-content\/uploads\/2019\/03\/abb4_dp1_s5.jpg\" style=\"--smush-placeholder-width: 917px; --smush-placeholder-aspect-ratio: 917\/882;height:385px; width:400px\" width=\"917\" height=\"882\" src=\"data:image\/svg+xml;base64,PHN2ZyB3aWR0aD0iMSIgaGVpZ2h0PSIxIiB4bWxucz0iaHR0cDovL3d3dy53My5vcmcvMjAwMC9zdmciPjwvc3ZnPg==\"><\/p>\n<p>&nbsp;<\/p>\n<h2 id=\"grano-saraceno-distribuzione-e-uso\">Grano saraceno &#8211; distribuzione e uso<\/h2>\n<p>Il genere grano saraceno (Fagopyrum) non appartiene alla famiglia dei cereali, come il nome potrebbe erroneamente suggerire, ma alla famiglia delle alghe (Polygonaceae), come il molo (Rumex L.) e il rabarbaro (Rumex L.). Il vero grano saraceno (Fagopyrum esculentum) <strong>(Fig.&nbsp;3 e 4) <\/strong>\u00e8 quindi uno pseudo-cereale. Viene anche chiamato (erroneamente) grano turco, suggerendo che il grano saraceno sia arrivato in Europa attraverso la Turchia; il grano saraceno \u00e8 chiamato &#8220;sarrasin&#8221; in francese, &#8220;grano saraceno&#8221; in italiano. Il grano saraceno \u00e8 stato piantato nelle zone montuose grazie al breve periodo di vegetazione di circa cinque mesi e alla possibilit\u00e0 di ottenere un raccolto anche da campi sterili di sabbia e brughiera. Esistono specialit\u00e0 regionali che possono contenere grano saraceno, come il &#8220;Pizokel&#8221; in Valtellina e Puschlav <strong>(Fig.&nbsp;5)<\/strong> e la &#8220;Polenta nostrana con grano saraceno&#8221; in Ticino <strong>(Fig.&nbsp;6). <\/strong>A causa della mancanza di glutine, il grano saraceno puro non \u00e8 adatto alla preparazione del pane, ma \u00e8 adatto all&#8217;alimentazione delle persone con intolleranza al glutine o celiachia. Nelle farmacie e nei negozi di alimenti naturali, il grano saraceno \u00e8 venduto come farina per frittelle, torte e salse, come cereale integrale per risotti, semole e sformati, come semole per porridge, gnocchi e zuppe, come fiocchi per muesli e dessert, tra le altre cose. I semi vengono utilizzati anche come mangime per animali e uccelli.  &nbsp;<\/p>\n<p>&nbsp;<\/p>\n<p><img decoding=\"async\" class=\"size-full wp-image-11505 lazyload\" alt=\"\" data-src=\"https:\/\/medizinonline.com\/wp-content\/uploads\/2019\/03\/abb5_dp1_s6.jpg\" style=\"--smush-placeholder-width: 758px; --smush-placeholder-aspect-ratio: 758\/1023;height:540px; width:400px\" width=\"758\" height=\"1023\" src=\"data:image\/svg+xml;base64,PHN2ZyB3aWR0aD0iMSIgaGVpZ2h0PSIxIiB4bWxucz0iaHR0cDovL3d3dy53My5vcmcvMjAwMC9zdmciPjwvc3ZnPg==\"><\/p>\n<p><img decoding=\"async\" class=\"size-full wp-image-11506 lazyload\" alt=\"\" data-src=\"https:\/\/medizinonline.com\/wp-content\/uploads\/2019\/03\/abb6_dp1_s6.jpg\" style=\"--smush-placeholder-width: 1100px; --smush-placeholder-aspect-ratio: 1100\/787;height:286px; width:400px\" width=\"1100\" height=\"787\" src=\"data:image\/svg+xml;base64,PHN2ZyB3aWR0aD0iMSIgaGVpZ2h0PSIxIiB4bWxucz0iaHR0cDovL3d3dy53My5vcmcvMjAwMC9zdmciPjwvc3ZnPg==\"><\/p>\n<p>&nbsp;<\/p>\n<h2 id=\"reazioni-allergiche-al-grano-saraceno\">Reazioni allergiche al grano saraceno<\/h2>\n<p>Come alimento importante, il grano saraceno si trova soprattutto nei Paesi asiatici, in particolare in Giappone. In Estremo Oriente, la lettiera di grano saraceno viene utilizzata anche come materiale di riempimento per i cuscini. Non c&#8217;\u00e8 da stupirsi se, molto tempo fa, sono stati segnalati diversi casi di allergie da ingestione e da inalazione, soprattutto in Giappone [5\u20137]. Da Zurigo siamo riusciti a descrivere sei pazienti con reazioni allergiche al grano saraceno nel 1993 [8]. Nel frattempo, sono state pubblicate serie di casi con reazioni anafilattiche da grano saraceno da diversi Paesi europei, nonch\u00e9 dall&#8217;Asia e dagli Stati Uniti [8\u201314].<\/p>\n<h2 id=\"caratterizzazione-molecolare-degli-allergeni-del-grano-saraceno\">Caratterizzazione molecolare degli allergeni del grano saraceno<\/h2>\n<p>Per la diagnostica in vitro, \u00e8 disponibile una determinazione delle IgE nel test CAP (Phadia, [15]) per Fagopyron esculantum (Fag e, f11). Secondo le informazioni fornite da Thermo Scientifics&nbsp; [15], circa il 30% delle proteine del grano saraceno sono albumine 2S. Questi polipeptidi hanno un peso molecolare compreso tra 8 e 24 kDa e sono idrosolubili.<br \/>\nFinora sono stati caratterizzati i seguenti allergeni:<\/p>\n<ul>\n<li>Fag e 1 \u00e8 una proteina di 22-24 kDa, una globulina 11S, simile alle leguminose.<\/li>\n<li>Fag e 10kD \u00e8 una proteina di 8-17 kDa, un&#8217;albumina 2S, un allergene importante.<\/li>\n<li>Fag e 16kD \u00e8 una proteina di 16 kDa, un&#8217;albumina 2S, resistente alla pepsina.  &nbsp;<\/li>\n<li>Fag e 19kD \u00e8 una proteina simile alla vicilina di 19 kDa, probabilmente un allergene importante.  &nbsp;<\/li>\n<li>Fag e TI \u00e8 un inibitore della tripsina<\/li>\n<li>Il fag e 10kD \u00e8 un allergene principale del grano saraceno e viene rilevato in circa il 57% dei soggetti allergici al grano saraceno [16].<\/li>\n<\/ul>\n<h2 id=\"possibili-reazioni-incrociate\">Possibili reazioni incrociate<\/h2>\n<p>I semi di grano saraceno contengono una proteina legante la tiamina, con un&#8217;omologia con le proteine leganti la tiamina del riso e dei semi di sesamo [17]. \u00c8 stata dimostrata una reattivit\u00e0 incrociata tra grano saraceno e riso [18], anche tra grano saraceno e lattice [19], quindi la reattivit\u00e0 incrociata deve essere considerata nel contesto della sindrome lattice-frutto [20]. L&#8217;allergene del grano saraceno da 19 kDa ha una debole omologia con l&#8217;allergene simile alla vicilina dell&#8217;anacardo (Ana o 1), della noce inglese (Jug r 2) e della globulina 7S del Sesamum indicum [21,22]. Sono state descritte anche reazioni incrociate dei semi di papavero con il grano saraceno [23].<\/p>\n<h2 id=\"conclusioni\">Conclusioni<\/h2>\n<p>Con l&#8217;aumento dell&#8217;uso, soprattutto nei cosiddetti prodotti integrali e nelle specialit\u00e0 da forno e in considerazione delle reattivit\u00e0 incrociate sopra descritte, \u00e8 prevedibile un aumento delle reazioni anafilattiche gravi alla farina di grano saraceno. Con un grado di sensibilizzazione occasionalmente molto elevato, anche le tracce possono provocare reazioni massicce.&nbsp;  Le persone coinvolte professionalmente nella lavorazione del grano saraceno sono particolarmente colpite.<\/p>\n<p>&nbsp;<\/p>\n<p>Letteratura:<\/p>\n<ol>\n<li>Trojan A, W\u00fcthrich B: Reazione anafilattica dopo il consumo di un hamburger di grano contaminato da grano saraceno nei casi di sensibilizzazione di alto grado al grano saraceno. Allergologia 1995; 18: 334-336.<\/li>\n<li>W\u00fcthrich B, Trojan A: Anafilassi da Wheatburger dovuta al grano saraceno nascosto. Clin Exp Allergy 1995; 25 (12): 1263. https:\/\/doi.org\/10.1111\/j.1365-2222.1995.tb03052.x<\/li>\n<li>Borelli S, Anliker M, W\u00fcthrich B: Anafilassi alle arachidi: il problema degli allergeni nascosti. Dtsch med Wschr 1999; 124: 1197-1200.<\/li>\n<li>Sch\u00e4ppi G, et al.: Allergeni nascosti alle arachidi rilevati in vari alimenti: scoperte e misure legali. Allergia 2001; 56(12): 1216-1222.<\/li>\n<li>Horesh AJ: Allergia al grano saraceno nei bambini. Ann Allergy 1972; 30: 685-689.<\/li>\n<li>Nakamura S, Yamaguchi M: Studi sull&#8217;allergia al grano saraceno. Indagine clinica su 169 casi di allergia al grano saraceno raccolti in tutto il Giappone. Allerg Immunol 1974\/1975; 20\/21: 457-465.<\/li>\n<li>Hong CS, Park HS, Oh SH: Dermatophagoides farinae, un&#8217;importante sostanza allergenica nei cuscini di grano saraceno. Yonsei Med J 1987; 28(4): 274-281.  &nbsp;&nbsp; &nbsp;<\/li>\n<li>Schumacher F, Schmid P, W\u00fcthrich B:&nbsp; Sull&#8217;allergia al pizocel: un contributo sull&#8217;allergia al grano saraceno. Schweiz Med Wochenschr 1993; 123: 1559-1562.<\/li>\n<li>Schiffner R, et al: Anafilassi al grano saraceno. Allergia 2001; 56(10): 1020-1021.<\/li>\n<li>Plaza T, Mahler V: Shock anafilattico dovuto alla galette francese. Reazione allergica di tipo I al grano saraceno. Dermatologo 2005; 56(2): 160-163.<\/li>\n<li>Stember RH: Allergia al grano saraceno. Allergy Asthma Proc 2006; 27: 393-395.<\/li>\n<li>Park K, Jeong K, Lee S: Risultati clinici e di laboratorio dell&#8217;allergia infantile al grano saraceno in un singolo ospedale terziario. Korea J Pediatr 2016; 59: 402-407.<\/li>\n<li>Andersen JB, Kristensen B: L&#8217;allergia al grano saraceno pu\u00f2 causare anafilassi con pericolo di vita. Ugeskr Laeger 2014; 176 pii: V08120509  [PubMed]<\/li>\n<li>Yanagida N, et al.: Le reazioni dei pazienti ipersensibili al grano saraceno durante la sfida alimentare orale sono rare, ma spesso anafilattiche. Int Arch Allergy Immunol 2017; 172(2): 116-122.<\/li>\n<li>Thermo Fisher Scientific: Allergia. www.phadia.com\/en\/Products\/Allergy-testing-products\/ImmunoCAP-Allergen-Information\/Food-of-Plant-Origin\/Grains\/Buckwheat\/, ultimo accesso 07 febbraio 2019.<\/li>\n<li>Matsumoto R, et al.: Caratterizzazione molecolare di una molecola di grano saraceno da 10 kDa reattiva alle IgE dei pazienti allergici. Acta allergologica 2004; 59(5):533-538.<\/li>\n<li>Watanabe K, et al: Caratterizzazione della proteina legante la tiamina dai semi di grano saraceno. J Nutr Sci Vitaminol (Tokyo) 1998; 44(2): 323-328.<\/li>\n<li>Yamada K, et al.: Allergenicit\u00e0 incrociata tra antigeni del riso e del grano saraceno e reazioni di ipersensibilit\u00e0 immediata indotte dall&#8217;ingestione di grano saraceno.  [Japanese]  Arerugi 1993; 42(10): 1600-1609.<\/li>\n<li>De Maat-Bleeker F, Stapel SO: Reattivit\u00e0 incrociata tra grano saraceno e lattice. Allergia 1998; 53: 538-539.<\/li>\n<li>W\u00fcthrich B: Memorie di un allergologo:  <a href=\"https:\/\/www.medizinonline.com\/artikel\/ein-gutes-neues-vom-neujahrs-apero-die-notfallstation\">Buon anno! &#8211; Dall&#8217;aperitivo di Capodanno al pronto soccorso.<\/a>  Pratica dermatologica 2017 Vol. 27, n. 6, pagg. 37-41.<\/li>\n<li>Choi SY, et al: Caratterizzazione dell&#8217;allergene 19-kD del grano saraceno e sua applicazione per la diagnosi della reattivit\u00e0 clinica. Int Arch Allergy Immunol 2007; 144: 267-274.<\/li>\n<li>Takumi K, et al: Crossreattivit\u00e0 immunochimica tra le globuline dei semi di grano saraceno e di indaco. Biosci Biotechnol Biochem 1995; 59: 1971-1972.<\/li>\n<li>Oppel T, Thomas P, Wollenberg A: Sensibilizzazione incrociata tra semi di papavero e grano saraceno in un paziente allergico agli alimenti con anafilassi da semi di papavero. Int Arch Allergy Immunol 2006; 14: 170-173.<\/li>\n<\/ol>\n<p>&nbsp;<\/p>\n<p><em>PRATICA DERMATOLOGICA 2019; 29(1): 4-6<\/em><\/p>\n","protected":false},"excerpt":{"rendered":"<p>Un aumento del potenziale allergenico di&nbsp;\u00e8 discusso in relazione al grano saraceno&nbsp;. Il grano saraceno viene utilizzato, tra l&#8217;altro, per l&#8217;intolleranza al glutine (celiachia) ed \u00e8 un ingrediente del &#8220;pizokel&#8221;&hellip;<\/p>\n","protected":false},"author":7,"featured_media":87546,"comment_status":"closed","ping_status":"","sticky":false,"template":"","format":"standard","meta":{"_acf_changed":false,"pmpro_default_level":"","cat_1_feature_home_top":false,"cat_2_editor_pick":false,"csco_eyebrow_text":"Memorie di un allergologo","footnotes":""},"category":[11343,11528,11550],"tags":[12994,24676,30031],"powerkit_post_featured":[],"class_list":["post-336574","post","type-post","status-publish","format-standard","has-post-thumbnail","category-allergologia-e-immunologia-clinica","category-casi","category-rx-it","tag-allergia","tag-grano","tag-libro-mago","pmpro-has-access"],"acf":[],"publishpress_future_action":{"enabled":false,"date":"2026-05-03 12:38:38","action":"change-status","newStatus":"draft","terms":[],"taxonomy":"category","extraData":[]},"publishpress_future_workflow_manual_trigger":{"enabledWorkflows":[]},"wpml_current_locale":"it_IT","wpml_translations":{"pt_PT":{"locale":"pt_PT","id":336580,"slug":"um-hamburguer-de-trigo-nem-sempre-e-apenas-um-hamburguer-de-trigo","post_title":"Um hamb\u00farguer de trigo nem sempre \u00e9 apenas um hamb\u00farguer de trigo","href":"https:\/\/medizinonline.com\/pt-pt\/um-hamburguer-de-trigo-nem-sempre-e-apenas-um-hamburguer-de-trigo\/"},"es_ES":{"locale":"es_ES","id":336550,"slug":"una-hamburguesa-de-trigo-no-siempre-es-solo-una-hamburguesa-de-trigo","post_title":"Una hamburguesa de trigo no siempre es s\u00f3lo una hamburguesa de trigo","href":"https:\/\/medizinonline.com\/es\/una-hamburguesa-de-trigo-no-siempre-es-solo-una-hamburguesa-de-trigo\/"}},"_links":{"self":[{"href":"https:\/\/medizinonline.com\/it\/wp-json\/wp\/v2\/posts\/336574","targetHints":{"allow":["GET"]}}],"collection":[{"href":"https:\/\/medizinonline.com\/it\/wp-json\/wp\/v2\/posts"}],"about":[{"href":"https:\/\/medizinonline.com\/it\/wp-json\/wp\/v2\/types\/post"}],"author":[{"embeddable":true,"href":"https:\/\/medizinonline.com\/it\/wp-json\/wp\/v2\/users\/7"}],"replies":[{"embeddable":true,"href":"https:\/\/medizinonline.com\/it\/wp-json\/wp\/v2\/comments?post=336574"}],"version-history":[{"count":0,"href":"https:\/\/medizinonline.com\/it\/wp-json\/wp\/v2\/posts\/336574\/revisions"}],"wp:featuredmedia":[{"embeddable":true,"href":"https:\/\/medizinonline.com\/it\/wp-json\/wp\/v2\/media\/87546"}],"wp:attachment":[{"href":"https:\/\/medizinonline.com\/it\/wp-json\/wp\/v2\/media?parent=336574"}],"wp:term":[{"taxonomy":"category","embeddable":true,"href":"https:\/\/medizinonline.com\/it\/wp-json\/wp\/v2\/category?post=336574"},{"taxonomy":"post_tag","embeddable":true,"href":"https:\/\/medizinonline.com\/it\/wp-json\/wp\/v2\/tags?post=336574"},{"taxonomy":"powerkit_post_featured","embeddable":true,"href":"https:\/\/medizinonline.com\/it\/wp-json\/wp\/v2\/powerkit_post_featured?post=336574"}],"curies":[{"name":"wp","href":"https:\/\/api.w.org\/{rel}","templated":true}]}}