{"id":337343,"date":"2018-09-09T02:00:00","date_gmt":"2018-09-09T00:00:00","guid":{"rendered":"https:\/\/medizinonline.com\/biomarcatori-nellalzheimer-nuovi-target-terapeutici-nellemicrania\/"},"modified":"2018-09-09T02:00:00","modified_gmt":"2018-09-09T00:00:00","slug":"biomarcatori-nellalzheimer-nuovi-target-terapeutici-nellemicrania","status":"publish","type":"post","link":"https:\/\/medizinonline.com\/it\/biomarcatori-nellalzheimer-nuovi-target-terapeutici-nellemicrania\/","title":{"rendered":"Biomarcatori nell&#8217;Alzheimer, nuovi target terapeutici nell&#8217;emicrania"},"content":{"rendered":"<p><strong>Che ruolo hanno i biomarcatori nella malattia di Alzheimer? E come possono le conoscenze sulla patogenesi dell&#8217;emicrania migliorare il suo trattamento? Queste due domande sono state discusse in un Simposio presidenziale durante l&#8217;EAN 2018 a Lisbona.<\/strong><\/p>\n<p> <!--more--> <\/p>\n<p>Nel corso del simposio, le cui singole relazioni sono state intitolate a famosi neurologi, due esperti internazionali hanno trasmesso gli ultimi sviluppi sull&#8217;Alzheimer e sull&#8217;emicrania.<\/p>\n<h2 id=\"conferenza-edouard-brown-sequard-malattia-di-alzheimer\">Conferenza Edouard Brown-S\u00e9quard &#8211; Malattia di Alzheimer<\/h2>\n<p>Il Prof. Dr. Philip Scheltens, Alzheimer Center Amsterdam, Paesi Bassi, ha informato sull&#8217;importanza dei biomarcatori nella diagnosi e nella ricerca della malattia di Alzheimer (AD). Nel 1984, l&#8217;AD era una diagnosi di esclusione che poteva essere assicurata solo post mortem. Oggi, i biomarcatori come l&#8217;imaging, la beta-amiloide, la T-tau e la P-tau-181 ecc. fanno parte della diagnosi (vedi riquadro &#8220;Concetto clinico-biologico della malattia di Alzheimer&#8221;) [1,2]. Lo sviluppo di biomarcatori ha cambiato la percezione dell&#8217;AD e permette, tra l&#8217;altro, di distinguere i sottotipi di AD. Il National Institute on Aging and Alzheimer&#8217;s Association (NIA-AA) ha pubblicato risultati aggiornati sulla diagnostica dei biomarcatori nell&#8217;aprile di quest&#8217;anno [3]. Essi affermano, tra l&#8217;altro, che l&#8217;AD non pu\u00f2 essere presente in assenza di amiloidi e che la quantit\u00e0 di depositi di tau \u00e8 correlata alla presentazione clinica.<\/p>\n<p>I biomarcatori hanno anche un valore pratico, come lo studio di Duits et al. ha mostrato [4]. In una clinica della memoria di Amsterdam, l&#8217;80% dei 438 pazienti inclusi nello studio ha effettuato una puntura lombare. La determinazione dei biomarcatori nel liquor ha portato a un cambiamento della diagnosi nel 7% dei pazienti, la certezza della diagnosi \u00e8 aumentata dall&#8217;84% all&#8217;89% e la gestione della malattia \u00e8 stata modificata nel 13% dei pazienti in seguito alla determinazione dei biomarcatori. Anche la diagnostica per immagini \u00e8 diventata molto importante nella diagnosi di AD [5]. Nell&#8217;attuale studio ABIDE, \u00e8 stata eseguita una scansione PET in circa 500 pazienti esaminati presso il Centro Alzheimer di Amsterdam [6]. In un quarto &#8211; un terzo dei pazienti (a seconda della sindrome e dell&#8217;eziologia presente), la diagnosi \u00e8 cambiata dopo la PET, e nel 24% la PET ha portato a un cambiamento nella gestione della malattia (ulteriori chiarimenti, modifica dei farmaci, partecipazione a uno studio, ecc.) Uno studio simile (IDEAS) \u00e8 attualmente in corso negli Stati Uniti con circa 18.000 pazienti; i risultati sono attesi per luglio 2019.<\/p>\n<p>I biomarcatori possono anche aiutare a valutare meglio il rischio individuale e la prognosi dei pazienti. Nello studio di van Maurik, \u00e8 stato possibile determinare il rischio che i pazienti con &#8220;Declino cognitivo soggettivo&#8221; sviluppino l&#8217;AD entro uno o tre anni, includendo vari valori di biomarcatori [7]. Questo rischio dipende chiaramente da biomarcatori come l&#8217;entit\u00e0 dell&#8217;atrofia cerebrale, i livelli di beta-amiloide o di tau. Gli autori degli studi hanno utilizzato i risultati per sviluppare un&#8217;applicazione (&#8220;Adappt&#8221;) che dovrebbe consentire ai medici di determinare rapidamente il rischio individuale per ogni paziente; un prototipo dell&#8217;applicazione \u00e8 gi\u00e0 in uso.<\/p>\n<p>Il relatore ha sottolineato che c&#8217;\u00e8 ancora molto lavoro da fare per quanto riguarda i biomarcatori. &#8220;Un obiettivo importante \u00e8 che possiamo anche migliorare la diagnosi precoce con i biomarcatori&#8221;, ha detto. &#8220;Questo dovrebbe essere possibile perch\u00e9 la formazione di amiloidi precede di decenni i sintomi dell&#8217;AD. Questo tempo potrebbe essere utilizzato per misure preventive. Un&#8217;altra area di applicazione dei biomarcatori \u00e8 lo sviluppo di farmaci. &#8220;Dobbiamo assolutamente fare meglio qui, dopo gli ultimi dieci anni in cui non \u00e8 stato raggiunto nulla&#8221;, ha detto il Prof. Scheltens.<\/p>\n<h2 id=\"\">&nbsp;<\/h2>\n<h2 id=\"-2\"><img fetchpriority=\"high\" decoding=\"async\" class=\" size-full wp-image-10725\" alt=\"\" src=\"https:\/\/medizinonline.com\/wp-content\/uploads\/2018\/09\/kasten_np5_s49.png\" style=\"height:365px; width:400px\" width=\"863\" height=\"787\"><\/h2>\n<h2 id=\"-3\">&nbsp;<\/h2>\n<h2 id=\"conferenza-moritz-romberg-emicrania\">Conferenza Moritz Romberg &#8211; Emicrania<\/h2>\n<p>Il Prof. Dr Jes Olesen, Rigshospitalet Glostrup, Danimarca, ha parlato di nuove conoscenze sulla patogenesi dell&#8217;emicrania e di nuovi obiettivi terapeutici. Secondo l&#8217;OMS, l&#8217;emicrania \u00e8 la seconda malattia invalidante pi\u00f9 comune al mondo. Le persone di et\u00e0 compresa tra i 20 e i 50 anni sono le pi\u00f9 frequentemente colpite &#8211; in questo gruppo di et\u00e0, l&#8217;emicrania \u00e8 addirittura la malattia invalidante pi\u00f9 importante (prima del mal di schiena e della depressione).&nbsp; Nel gruppo di et\u00e0 citato, circa il 25% di tutte le donne e il 10% degli uomini soffrono di emicrania. &#8220;Purtroppo, non esistono ancora biomarcatori per l&#8217;emicrania&#8221;, si \u00e8 rammaricato il relatore, &#8220;e anche nell&#8217;imaging neurologico, tutto sembra normale nei pazienti con emicrania&#8221;. Questi fattori complicano la ricerca sull&#8217;emicrania e lo sviluppo di nuovi farmaci.<\/p>\n<p>Un&#8217;eziologia ereditaria \u00e8 presente in circa il 30-57% dei pazienti con emicrania con aura. A questo corrisponde il fatto che il rischio per i fratelli di pazienti emicranici di soffrire essi stessi di emicrania con aura \u00e8 3,8 volte superiore rispetto alla popolazione generale. Finora, la ricerca ha trovato 42 loci genici che sono collegati allo sviluppo dell&#8217;emicrania. Questi loci forniscono indicazioni sulla patogenesi dei sintomi dell&#8217;emicrania: Cinque dei 42 loci sono legati all&#8217;omeostasi ionica, nove allo stress ossidativo e ai percorsi di segnalazione NO, e altri nove alle malattie vascolari. &#8220;Il fatto che l&#8217;emicrania abbia o meno un background ereditario \u00e8 anche associato all&#8217;efficacia dei farmaci&#8221;, ha riferito il Prof. Olesen. La maggior parte dei farmaci contro l&#8217;emicrania &#8211; sia che vengano utilizzati a scopo profilattico che per gli attacchi acuti &#8211; funzionano meglio nei pazienti con emicrania ereditaria.<\/p>\n<p>L&#8217;ipoperfusione durante un attacco di emicrania si diffonde nella corteccia ad una velocit\u00e0 di 2-3&nbsp;mm\/min. Se questa diffusione potesse essere soppressa, si verificherebbero meno attacchi di emicrania. Un mezzo efficace per farlo \u00e8 l&#8217;inibizione di NO, come hanno dimostrato gli studi sperimentali. Purtroppo, per\u00f2, non esistono ancora farmaci in grado di sopprimere efficacemente la produzione di NO nel cervello. Un altro approccio terapeutico \u00e8 l&#8217;inibizione del beta-CGRP, un peptide fortemente vasodilatatore nel cervello. Nel 2004 \u00e8 stato sviluppato un antagonista contro il CGRP che ha mostrato un tasso di risposta fino all&#8217;80% entro due ore a dosi comprese tra 2,5 e 10&nbsp;mg, ma non \u00e8 mai stato immesso sul mercato un farmaco corrispondente. Ci sono diversi anticorpi monoclonali attualmente in fase di sviluppo: uno \u00e8 gi\u00e0 in commercio negli Stati Uniti e si prevede che venga approvato in Europa entro il prossimo anno.<\/p>\n<p><em>Fonte: 4\u00b0 Congresso dell&#8217;Accademia Europea di Neurologia (EAN), 16-19 giugno 2018, Lisbona (Portogallo).<\/em><\/p>\n<p>&nbsp;<\/p>\n<p>Letteratura:<\/p>\n<ol>\n<li>Dubois B, et al: Criteri di ricerca per la diagnosi della malattia di Alzheimer: revisione dei criteri NINCDS-ADRDA. Lancet Neurol 2007; 6(8): 734-746.<\/li>\n<li>Dubois B, et al: Criteri diagnostici di avanzamento della ricerca per la malattia di Alzheimer: i criteri IWG-2. Lancet Neurol 2014; 13(6): 614-629.<\/li>\n<li>Jack CR, et al: Quadro di ricerca NIA-AA: Verso una definizione biologica della malattia di Alzheimer. Alzheimers Dement 2018 Apr; 14(4): 535-562. doi: 10.1016\/j.jalz.2018.02.018.<\/li>\n<li>Duits FH, et al.: Impatto diagnostico dei biomarcatori del liquor per la malattia di Alzheimer in una clinica terziaria della memoria. Alzheimers Dement 2015; 11(5): 523-532.<\/li>\n<li>Morbelli S, et al.: Biomarcatori di imaging nella malattia di Alzheimer<\/li>\n<li>malattia: valore aggiunto nel contesto clinico. Q J Nucl Med Mol Imaging 2017 Dec; 61(4): 360-371.<\/li>\n<li>de Wilde A, et al: Associazione della tomografia a emissione di positroni dell&#8217;amiloide con i cambiamenti nella diagnosi e nel trattamento del paziente in una coorte non selezionata di cliniche della memoria: il progetto ABIDE. JAMA Neurol 2018 Jun 11. doi: 10.1001\/jamaneurol.2018.1346.  [Epub ahead of print]<\/li>\n<li>van Maurik IS, et al: Interpretare i risultati dei biomarcatori nei singoli pazienti con decadimento cognitivo lieve nel progetto Alzheimer&#8217;s Biomarkers in Daily Practice (ABIDE). JAMA Neurol 2017 Dec 1; 74(12): 1481-1491.<\/li>\n<\/ol>\n<p>&nbsp;<\/p>\n<p><em>InFo NEUROLOGIA &amp; PSICHIATRIA 2018; 16(5): 49-50.<\/em><\/p>\n","protected":false},"excerpt":{"rendered":"<p>Che ruolo hanno i biomarcatori nella malattia di Alzheimer? E come possono le conoscenze sulla patogenesi dell&#8217;emicrania migliorare il suo trattamento? Queste due domande sono state discusse in un Simposio&hellip;<\/p>\n","protected":false},"author":7,"featured_media":82081,"comment_status":"closed","ping_status":"closed","sticky":false,"template":"","format":"standard","meta":{"_acf_changed":false,"pmpro_default_level":"","cat_1_feature_home_top":false,"cat_2_editor_pick":false,"csco_eyebrow_text":"Congresso dell'Accademia Europea di Neurologia","footnotes":""},"category":[11371,11522,11550],"tags":[13924,13713],"powerkit_post_featured":[],"class_list":["post-337343","post","type-post","status-publish","format-standard","has-post-thumbnail","category-neurologia-it","category-rapporti-del-congresso","category-rx-it","tag-alzheimer-it","tag-biomarcatore","pmpro-has-access"],"acf":[],"publishpress_future_action":{"enabled":false,"date":"2026-05-06 00:47:58","action":"change-status","newStatus":"draft","terms":[],"taxonomy":"category","extraData":[]},"publishpress_future_workflow_manual_trigger":{"enabledWorkflows":[]},"wpml_current_locale":"it_IT","wpml_translations":{"pt_PT":{"locale":"pt_PT","id":337350,"slug":"biomarcadores-em-alzheimer-novos-alvos-terapeuticos-na-enxaqueca","post_title":"Biomarcadores em Alzheimer, novos alvos terap\u00eauticos na enxaqueca","href":"https:\/\/medizinonline.com\/pt-pt\/biomarcadores-em-alzheimer-novos-alvos-terapeuticos-na-enxaqueca\/"},"es_ES":{"locale":"es_ES","id":337357,"slug":"biomarcadores-en-el-alzheimer-nuevas-dianas-terapeuticas-en-la-migrana","post_title":"Biomarcadores en el Alzheimer, nuevas dianas terap\u00e9uticas en la migra\u00f1a","href":"https:\/\/medizinonline.com\/es\/biomarcadores-en-el-alzheimer-nuevas-dianas-terapeuticas-en-la-migrana\/"}},"_links":{"self":[{"href":"https:\/\/medizinonline.com\/it\/wp-json\/wp\/v2\/posts\/337343","targetHints":{"allow":["GET"]}}],"collection":[{"href":"https:\/\/medizinonline.com\/it\/wp-json\/wp\/v2\/posts"}],"about":[{"href":"https:\/\/medizinonline.com\/it\/wp-json\/wp\/v2\/types\/post"}],"author":[{"embeddable":true,"href":"https:\/\/medizinonline.com\/it\/wp-json\/wp\/v2\/users\/7"}],"replies":[{"embeddable":true,"href":"https:\/\/medizinonline.com\/it\/wp-json\/wp\/v2\/comments?post=337343"}],"version-history":[{"count":0,"href":"https:\/\/medizinonline.com\/it\/wp-json\/wp\/v2\/posts\/337343\/revisions"}],"wp:featuredmedia":[{"embeddable":true,"href":"https:\/\/medizinonline.com\/it\/wp-json\/wp\/v2\/media\/82081"}],"wp:attachment":[{"href":"https:\/\/medizinonline.com\/it\/wp-json\/wp\/v2\/media?parent=337343"}],"wp:term":[{"taxonomy":"category","embeddable":true,"href":"https:\/\/medizinonline.com\/it\/wp-json\/wp\/v2\/category?post=337343"},{"taxonomy":"post_tag","embeddable":true,"href":"https:\/\/medizinonline.com\/it\/wp-json\/wp\/v2\/tags?post=337343"},{"taxonomy":"powerkit_post_featured","embeddable":true,"href":"https:\/\/medizinonline.com\/it\/wp-json\/wp\/v2\/powerkit_post_featured?post=337343"}],"curies":[{"name":"wp","href":"https:\/\/api.w.org\/{rel}","templated":true}]}}