{"id":337657,"date":"2018-07-26T00:00:00","date_gmt":"2018-07-25T22:00:00","guid":{"rendered":"https:\/\/medizinonline.com\/la-valutazione-dei-disturbi-da-dipendenza-nel-contesto-delle-assicurazioni-sociali\/"},"modified":"2018-07-26T00:00:00","modified_gmt":"2018-07-25T22:00:00","slug":"la-valutazione-dei-disturbi-da-dipendenza-nel-contesto-delle-assicurazioni-sociali","status":"publish","type":"post","link":"https:\/\/medizinonline.com\/it\/la-valutazione-dei-disturbi-da-dipendenza-nel-contesto-delle-assicurazioni-sociali\/","title":{"rendered":"La valutazione dei disturbi da dipendenza nel contesto delle assicurazioni sociali"},"content":{"rendered":"<p><strong>La prassi attuale del diritto delle assicurazioni sociali contiene contraddizioni tra lo stato delle conoscenze mediche e la giurisprudenza applicabile, che il relatore illustrer\u00e0.<\/strong><\/p>\n<p> <!--more--> <\/p>\n<p>I disturbi da dipendenza da sostanze sono riconosciuti dall&#8217;assicurazione per l&#8217;invalidit\u00e0 come motivo di invalidit\u00e0 solo se sono una conseguenza di una malattia primaria o se provocano danni irreversibili alla salute.<\/p>\n<p>Come possibile soluzione, si propone di modificare i criteri di valutazione in modo da valutare le prestazioni effettive e la capacit\u00e0 funzionale dei pazienti, come \u00e8 stato recentemente possibile nel caso dei disturbi somatoformi, secondo una decisione del Tribunale federale.<\/p>\n<p>&nbsp;<\/p>\n<p>&nbsp;<\/p>\n<p>&nbsp;<\/p>\n<p><iframe data-src=\"https:\/\/player.vimeo.com\/video\/261146876\" width=\"640\" height=\"360\" frameborder=\"0\" webkitallowfullscreen=\"\" mozallowfullscreen=\"\" allowfullscreen=\"\" src=\"data:image\/svg+xml;base64,PHN2ZyB3aWR0aD0iMSIgaGVpZ2h0PSIxIiB4bWxucz0iaHR0cDovL3d3dy53My5vcmcvMjAwMC9zdmciPjwvc3ZnPg==\" class=\"lazyload\" data-load-mode=\"1\"><\/iframe><\/p>\n<p>&nbsp;<\/p>\n<p><img fetchpriority=\"high\" decoding=\"async\" class=\" size-full wp-image-9952\" alt=\"\" src=\"https:\/\/medizinonline.com\/wp-content\/uploads\/2018\/07\/psy_4_6.png\" style=\"height:45px; width:200px\" width=\"1081\" height=\"243\" srcset=\"https:\/\/medizinonline.com\/wp-content\/uploads\/2018\/07\/psy_4_6.png 1081w, https:\/\/medizinonline.com\/wp-content\/uploads\/2018\/07\/psy_4_6-800x180.png 800w, https:\/\/medizinonline.com\/wp-content\/uploads\/2018\/07\/psy_4_6-120x27.png 120w, https:\/\/medizinonline.com\/wp-content\/uploads\/2018\/07\/psy_4_6-90x20.png 90w, https:\/\/medizinonline.com\/wp-content\/uploads\/2018\/07\/psy_4_6-320x72.png 320w, https:\/\/medizinonline.com\/wp-content\/uploads\/2018\/07\/psy_4_6-560x126.png 560w\" sizes=\"(max-width: 1081px) 100vw, 1081px\" \/><\/p>\n","protected":false},"excerpt":{"rendered":"<p>La prassi attuale del diritto delle assicurazioni sociali contiene contraddizioni tra lo stato delle conoscenze mediche e la giurisprudenza applicabile, che il relatore illustrer\u00e0.<\/p>\n","protected":false},"author":7,"featured_media":76141,"comment_status":"closed","ping_status":"","sticky":false,"template":"","format":"standard","meta":{"_acf_changed":false,"pmpro_default_level":"","cat_1_feature_home_top":false,"cat_2_editor_pick":false,"csco_eyebrow_text":"Congresso annuale SGPP 2017, Berna - video conferenza","footnotes":""},"category":[11519,11473,11479,11550],"tags":[],"powerkit_post_featured":[],"class_list":["post-337657","post","type-post","status-publish","format-standard","has-post-thumbnail","category-formazione-continua","category-prevenzione-e-assistenza-sanitaria","category-psichiatria-e-psicoterapia","category-rx-it","pmpro-has-access"],"acf":[],"publishpress_future_action":{"enabled":false,"date":"2026-05-03 16:58:42","action":"change-status","newStatus":"draft","terms":[],"taxonomy":"category","extraData":[]},"publishpress_future_workflow_manual_trigger":{"enabledWorkflows":[]},"wpml_current_locale":"it_IT","wpml_translations":{"pt_PT":{"locale":"pt_PT","id":337666,"slug":"a-avaliacao-das-perturbacoes-de-dependencia-no-contexto-dos-seguros-sociais","post_title":"A avalia\u00e7\u00e3o das perturba\u00e7\u00f5es de depend\u00eancia no contexto dos seguros sociais","href":"https:\/\/medizinonline.com\/pt-pt\/a-avaliacao-das-perturbacoes-de-dependencia-no-contexto-dos-seguros-sociais\/"},"es_ES":{"locale":"es_ES","id":337670,"slug":"la-evaluacion-de-los-trastornos-de-dependencia-en-el-contexto-de-los-seguros-sociales","post_title":"La evaluaci\u00f3n de los trastornos de dependencia en el contexto de los seguros sociales","href":"https:\/\/medizinonline.com\/es\/la-evaluacion-de-los-trastornos-de-dependencia-en-el-contexto-de-los-seguros-sociales\/"}},"_links":{"self":[{"href":"https:\/\/medizinonline.com\/it\/wp-json\/wp\/v2\/posts\/337657","targetHints":{"allow":["GET"]}}],"collection":[{"href":"https:\/\/medizinonline.com\/it\/wp-json\/wp\/v2\/posts"}],"about":[{"href":"https:\/\/medizinonline.com\/it\/wp-json\/wp\/v2\/types\/post"}],"author":[{"embeddable":true,"href":"https:\/\/medizinonline.com\/it\/wp-json\/wp\/v2\/users\/7"}],"replies":[{"embeddable":true,"href":"https:\/\/medizinonline.com\/it\/wp-json\/wp\/v2\/comments?post=337657"}],"version-history":[{"count":0,"href":"https:\/\/medizinonline.com\/it\/wp-json\/wp\/v2\/posts\/337657\/revisions"}],"wp:featuredmedia":[{"embeddable":true,"href":"https:\/\/medizinonline.com\/it\/wp-json\/wp\/v2\/media\/76141"}],"wp:attachment":[{"href":"https:\/\/medizinonline.com\/it\/wp-json\/wp\/v2\/media?parent=337657"}],"wp:term":[{"taxonomy":"category","embeddable":true,"href":"https:\/\/medizinonline.com\/it\/wp-json\/wp\/v2\/category?post=337657"},{"taxonomy":"post_tag","embeddable":true,"href":"https:\/\/medizinonline.com\/it\/wp-json\/wp\/v2\/tags?post=337657"},{"taxonomy":"powerkit_post_featured","embeddable":true,"href":"https:\/\/medizinonline.com\/it\/wp-json\/wp\/v2\/powerkit_post_featured?post=337657"}],"curies":[{"name":"wp","href":"https:\/\/api.w.org\/{rel}","templated":true}]}}