{"id":339571,"date":"2017-07-23T02:00:00","date_gmt":"2017-07-23T00:00:00","guid":{"rendered":"https:\/\/medizinonline.com\/modelli-di-manifestazione-tipici-delle-sindromi-di-parkinson-atipiche\/"},"modified":"2017-07-23T02:00:00","modified_gmt":"2017-07-23T00:00:00","slug":"modelli-di-manifestazione-tipici-delle-sindromi-di-parkinson-atipiche","status":"publish","type":"post","link":"https:\/\/medizinonline.com\/it\/modelli-di-manifestazione-tipici-delle-sindromi-di-parkinson-atipiche\/","title":{"rendered":"Modelli di manifestazione tipici delle sindromi di Parkinson atipiche"},"content":{"rendered":"<p><strong>Nelle sindromi di Parkinson atipiche, la diagnostica per immagini mostra spesso modelli carattristici che consentono l&#8217;attribuzione diganostica. Questi modelli di infestazione hanno spesso nomi accattivanti.<\/strong><\/p>\n<p><!--more--><\/p>\n<p><strong>Introduzione:<\/strong> Nelle cosiddette &#8220;sindromi atipiche di Parkinson&#8221; (anche: Parkinson plus), oltre ai neuroni dopaminergici della substantia nigra, vengono colpiti precocemente altri sistemi cerebrali. Mentre queste malattie di solito consentono diagnosi cliniche chiare nelle fasi successive, la differenziazione dalla malattia di Parkinson idiopatica \u00e8 talvolta difficile nelle fasi precedenti o con un decorso atipico. A causa dell&#8217;atrofia avanzata di aree circoscritte del sistema nervoso centrale, spesso appaiono modelli caratteristici nell&#8217;imaging, che consentono un&#8217;assegnazione diagnostica esatta. La denominazione di questi modelli di infestazione \u00e8 molto descrittiva e memorabile.<\/p>\n<p>&nbsp;<\/p>\n<p><img fetchpriority=\"high\" decoding=\"async\" class=\" size-full wp-image-8927\" alt=\"\" src=\"https:\/\/medizinonline.com\/wp-content\/uploads\/2017\/07\/kolibri_broetchen.jpg\" style=\"height:438px; width:200px\" width=\"592\" height=\"1296\"><\/p>\n<p>&nbsp;<\/p>\n<p><strong>Descrizione del caso: <\/strong>Entrambi i pazienti qui presentati erano sospettati di avere una sindrome di Parkinson atipica con tremore e instabilit\u00e0 dell&#8217;andatura. L&#8217;atrofia multisistemica (MSA) \u00e8 una malattia neurodegenerativa sporadica con sintomi di Parkinson (MSA-P), atassia cerebellare (MSA-C) o deficit autonomici (MSA-A). La sottoclassificazione dipende dalla sintomatologia dominante.<\/p>\n<p>&nbsp;<\/p>\n<p><img decoding=\"async\" class=\"size-full wp-image-8928 lazyload\" alt=\"\" data-src=\"https:\/\/medizinonline.com\/wp-content\/uploads\/2017\/07\/abb1_np4_s20_0.jpg\" style=\"--smush-placeholder-width: 1100px; --smush-placeholder-aspect-ratio: 1100\/617;height:337px; width:600px\" width=\"1100\" height=\"617\" data-srcset=\"https:\/\/medizinonline.com\/wp-content\/uploads\/2017\/07\/abb1_np4_s20_0.jpg 1100w, https:\/\/medizinonline.com\/wp-content\/uploads\/2017\/07\/abb1_np4_s20_0-800x449.jpg 800w, https:\/\/medizinonline.com\/wp-content\/uploads\/2017\/07\/abb1_np4_s20_0-120x67.jpg 120w, https:\/\/medizinonline.com\/wp-content\/uploads\/2017\/07\/abb1_np4_s20_0-90x50.jpg 90w, https:\/\/medizinonline.com\/wp-content\/uploads\/2017\/07\/abb1_np4_s20_0-320x179.jpg 320w, https:\/\/medizinonline.com\/wp-content\/uploads\/2017\/07\/abb1_np4_s20_0-560x314.jpg 560w\" data-sizes=\"(max-width: 1100px) 100vw, 1100px\" src=\"data:image\/svg+xml;base64,PHN2ZyB3aWR0aD0iMSIgaGVpZ2h0PSIxIiB4bWxucz0iaHR0cDovL3d3dy53My5vcmcvMjAwMC9zdmciPjwvc3ZnPg==\" \/><\/p>\n<p>&nbsp;<\/p>\n<p>La MSA-C, in particolare, mostra un quadro caratteristico con un&#8217;atrofia esclusivamente infratentoriale del pons e del cervelletto. Le immagini sagittali mostrano una chiara atrofia del pons (frecce in  <strong>Fig.&nbsp;1b)<\/strong>  e del cervelletto con la fissura prima dilatata (freccia stretta in  <strong>Figura&nbsp;1a).  <\/strong>La perdita selettiva di fibre pontine trasversali con tratti corticocerebellari simultaneamente conservati mostra un caratteristico modello a forma di croce nelle sequenze trasversali T2-pesate e flair.  <strong>(Fig. 2). <\/strong>Questo ricorda i panini del Venerd\u00ec Santo inglesi.  <strong>(Fig. 2b),<\/strong>  Ecco perch\u00e9 la letteratura parla del cosiddetto &#8220;Segno della crocetta calda&#8221;.<\/p>\n<p>&nbsp;<\/p>\n<p><img decoding=\"async\" class=\"size-full wp-image-8929 lazyload\" alt=\"\" data-src=\"https:\/\/medizinonline.com\/wp-content\/uploads\/2017\/07\/abb2_np4_s21.jpg\" style=\"--smush-placeholder-width: 1100px; --smush-placeholder-aspect-ratio: 1100\/625;height:341px; width:600px\" width=\"1100\" height=\"625\" src=\"data:image\/svg+xml;base64,PHN2ZyB3aWR0aD0iMSIgaGVpZ2h0PSIxIiB4bWxucz0iaHR0cDovL3d3dy53My5vcmcvMjAwMC9zdmciPjwvc3ZnPg==\"><\/p>\n<p>&nbsp;<\/p>\n<p><strong>Discussione <\/strong>: La paralisi sopranucleare progressiva dello sguardo (PSP) \u00e8 una patologia tau con un&#8217;estesa atrofia sopratentoriale e infratentoriale <strong>(Fig. 3)<\/strong>. La diagnostica per immagini mostra una caratteristica atrofia del mesencefalo anche nelle fasi iniziali. Nelle immagini mediane, il contorno superiore del tectum \u00e8 concavo (punta di freccia in  <strong>Fig. 3a)<\/strong>  che ricorda l&#8217;immagine di un colibr\u00ec in volo. Nelle sequenze assiali, si nota una divergenza delle crura cerebri, che a loro volta non sono significativamente atrofizzate, il cosiddetto &#8220;segno di Topolino&#8221; ( <strong>Fig. 3)<\/strong>.<\/p>\n<p>&nbsp;<\/p>\n<p><img decoding=\"async\" class=\"size-full wp-image-8930 lazyload\" alt=\"\" data-src=\"https:\/\/medizinonline.com\/wp-content\/uploads\/2017\/07\/abb3_np4_s21.jpg\" style=\"--smush-placeholder-width: 1100px; --smush-placeholder-aspect-ratio: 1100\/660;height:360px; width:600px\" width=\"1100\" height=\"660\" src=\"data:image\/svg+xml;base64,PHN2ZyB3aWR0aD0iMSIgaGVpZ2h0PSIxIiB4bWxucz0iaHR0cDovL3d3dy53My5vcmcvMjAwMC9zdmciPjwvc3ZnPg==\"><\/p>\n<p>&nbsp;<\/p>\n<p>Mentre i segni sopra citati erano originariamente considerati patognomonici per la MSA-C o la PSP, oggi si presume che ci sia una chiara sovrapposizione dei sintomi. Tuttavia, la diagnostica per immagini pu\u00f2 fornire un indizio importante per la diagnosi differenziale.<\/p>\n<p>&nbsp;<\/p>\n<p><em>InFo NEUROLOGIA &amp; PSICHIATRIA 2017; 15(4): 20-21<\/em><\/p>\n","protected":false},"excerpt":{"rendered":"<p>Nelle sindromi di Parkinson atipiche, la diagnostica per immagini mostra spesso modelli carattristici che consentono l&#8217;attribuzione diganostica. Questi modelli di infestazione hanno spesso nomi accattivanti.<\/p>\n","protected":false},"author":7,"featured_media":68652,"comment_status":"closed","ping_status":"closed","sticky":false,"template":"","format":"standard","meta":{"_acf_changed":false,"pmpro_default_level":"","cat_1_feature_home_top":false,"cat_2_editor_pick":false,"csco_eyebrow_text":"Panini del Venerd\u00ec Santo e colibr\u00ec","footnotes":""},"category":[11528,11337,11371,11550],"tags":[37711,37708,11751,37700,37705],"powerkit_post_featured":[],"class_list":["post-339571","post","type-post","status-publish","format-standard","has-post-thumbnail","category-casi","category-contenuto-del-partner","category-neurologia-it","category-rx-it","tag-atassia-cerebellare","tag-paralisi-sopranucleare-dello-sguardo","tag-parkinson-it","tag-parkinson-plus-it","tag-sindromi-di-parkinson-atipiche","pmpro-has-access"],"acf":[],"publishpress_future_action":{"enabled":false,"date":"2026-05-09 04:33:54","action":"change-status","newStatus":"draft","terms":[],"taxonomy":"category","extraData":[]},"publishpress_future_workflow_manual_trigger":{"enabledWorkflows":[]},"wpml_current_locale":"it_IT","wpml_translations":{"pt_PT":{"locale":"pt_PT","id":339576,"slug":"padroes-tipicos-de-manifestacao-das-sindromes-atipicas-de-parkinson","post_title":"Padr\u00f5es t\u00edpicos de manifesta\u00e7\u00e3o das s\u00edndromes at\u00edpicas de Parkinson","href":"https:\/\/medizinonline.com\/pt-pt\/padroes-tipicos-de-manifestacao-das-sindromes-atipicas-de-parkinson\/"},"es_ES":{"locale":"es_ES","id":339580,"slug":"patrones-de-manifestacion-tipicos-de-los-sindromes-de-parkinson-atipicos","post_title":"Patrones de manifestaci\u00f3n t\u00edpicos de los s\u00edndromes de Parkinson at\u00edpicos","href":"https:\/\/medizinonline.com\/es\/patrones-de-manifestacion-tipicos-de-los-sindromes-de-parkinson-atipicos\/"}},"_links":{"self":[{"href":"https:\/\/medizinonline.com\/it\/wp-json\/wp\/v2\/posts\/339571","targetHints":{"allow":["GET"]}}],"collection":[{"href":"https:\/\/medizinonline.com\/it\/wp-json\/wp\/v2\/posts"}],"about":[{"href":"https:\/\/medizinonline.com\/it\/wp-json\/wp\/v2\/types\/post"}],"author":[{"embeddable":true,"href":"https:\/\/medizinonline.com\/it\/wp-json\/wp\/v2\/users\/7"}],"replies":[{"embeddable":true,"href":"https:\/\/medizinonline.com\/it\/wp-json\/wp\/v2\/comments?post=339571"}],"version-history":[{"count":0,"href":"https:\/\/medizinonline.com\/it\/wp-json\/wp\/v2\/posts\/339571\/revisions"}],"wp:featuredmedia":[{"embeddable":true,"href":"https:\/\/medizinonline.com\/it\/wp-json\/wp\/v2\/media\/68652"}],"wp:attachment":[{"href":"https:\/\/medizinonline.com\/it\/wp-json\/wp\/v2\/media?parent=339571"}],"wp:term":[{"taxonomy":"category","embeddable":true,"href":"https:\/\/medizinonline.com\/it\/wp-json\/wp\/v2\/category?post=339571"},{"taxonomy":"post_tag","embeddable":true,"href":"https:\/\/medizinonline.com\/it\/wp-json\/wp\/v2\/tags?post=339571"},{"taxonomy":"powerkit_post_featured","embeddable":true,"href":"https:\/\/medizinonline.com\/it\/wp-json\/wp\/v2\/powerkit_post_featured?post=339571"}],"curies":[{"name":"wp","href":"https:\/\/api.w.org\/{rel}","templated":true}]}}