{"id":339615,"date":"2017-07-11T02:00:00","date_gmt":"2017-07-11T00:00:00","guid":{"rendered":"https:\/\/medizinonline.com\/cambiamenti-pigmentari-striati-la-zebra-della-dermatologia\/"},"modified":"2017-07-11T02:00:00","modified_gmt":"2017-07-11T00:00:00","slug":"cambiamenti-pigmentari-striati-la-zebra-della-dermatologia","status":"publish","type":"post","link":"https:\/\/medizinonline.com\/it\/cambiamenti-pigmentari-striati-la-zebra-della-dermatologia\/","title":{"rendered":"Cambiamenti pigmentari striati: la zebra della dermatologia?"},"content":{"rendered":"<p><strong>I mosaici di pigmenti si presentano clinicamente sotto forma di modelli specifici, che di solito corrispondono a un prototipo di mosaico cutaneo. Questo \u00e8 causato da molteplici mutazioni e aberrazioni genetiche, alcune delle quali sono gravi. I bambini con mosaici di pigmenti devono essere valutati principalmente dal punto di vista clinico.<\/strong><\/p>\n<p> <!--more--> <\/p>\n<p><strong>Caso clinico:<\/strong> una paziente femmina di 6 anni presenta alterazioni pigmentarie bianche e brunastre sul tronco e sulle estremit\u00e0, alcune delle quali disposte a strisce. I genitori riferiscono che queste alterazioni pigmentarie sono presenti fin dalla nascita e non si sono ampliate da allora. In questi siti cutanei non si era mai verificata una desquamazione o una reazione infiammatoria visibile. Inoltre, non ci sono altri sintomi e il paziente mostra uno sviluppo psicomotorio non appariscente e adeguato all&#8217;et\u00e0. Si pone la questione della genesi e della necessit\u00e0 di una terapia per questi cambiamenti pigmentari.<\/p>\n<p><strong>Quadro clinico:<\/strong> Macule estese e lineari, parzialmente ipo- e iperpigmentate, si osservano nella regione del tronco, dell&#8217;arto superiore, meno a livello dei glutei e sulla coscia dorsale destra<strong> (Fig. 1)<\/strong>.<\/p>\n<p>&nbsp;<\/p>\n<p><img fetchpriority=\"high\" decoding=\"async\" class=\" size-full wp-image-8764\" alt=\"\" src=\"https:\/\/medizinonline.com\/wp-content\/uploads\/2017\/07\/abb1_dp3_s33.jpg\" style=\"height:496px; width:600px\" width=\"1100\" height=\"910\"><\/p>\n<p>&nbsp;<\/p>\n<h2 id=\"quiz\">Quiz<\/h2>\n<p>Sulla base di queste informazioni, qual \u00e8 la diagnosi pi\u00f9 probabile?<br \/>\n<strong>A <\/strong>Vitiligine segmentaria<br \/>\n<strong>B <\/strong>Sindrome di McCune-Albright<br \/>\n<strong>C<\/strong> Mosaico di pigmenti<br \/>\n<strong>D<\/strong> Neurofibromatosi segmentaria<\/p>\n<p><strong>Diagnosi e discussione: <\/strong>La presentazione clinica con ipopigmentazione relativamente estesa nell&#8217;area del tronco e delle estremit\u00e0, che segue in parte le linee di Blaschko, \u00e8 adatta alla presenza di un mosaico di pigmenti.<\/p>\n<p>Nella maggior parte dei casi, si tratta di una malformazione isolata della pelle, nel senso di un mosaico genetico, che si basa su una mutazione somatica [1].<\/p>\n<p>Un mosaico genetico in senso biologico \u00e8 un organismo costituito da due o pi\u00f9 popolazioni cellulari geneticamente diverse che si sono sviluppate da uno zigote.<\/p>\n<p>I mosaici di pigmenti si presentano clinicamente sotto forma di modelli specifici, che di solito corrispondono a uno dei prototipi di mosaico cutaneo descritti da Happle. Sono noti cinque diversi modelli di mosaico cutaneo [2] <strong>(Fig. 2)<\/strong>. Molto raramente, i mosaici pigmentari cutanei si verificano in associazione a sintomi concomitanti extracutanei. Questi interessano pi\u00f9 frequentemente il sistema nervoso centrale (ad esempio, ritardo dello sviluppo, epilessia), gli occhi (ad esempio, malformazioni della retina) e il sistema muscolo-scheletrico, ma possono coinvolgere qualsiasi organo. A seconda della presentazione clinica, della distribuzione e delle manifestazioni extracutanee associate, in letteratura vengono utilizzati termini e diagnosi diversi e spesso non chiaramente differenziati. Un esempio \u00e8 l&#8217;ipomelanosi di Ito, che si riferisce a mosaici pigmentari estesi e ipopigmentati che seguono le linee di Blaschko, di solito con anomalie neurologiche molto gravi [3]. La base genetica a mosaico sospettata sulla base della presentazione clinica \u00e8 stata nel frattempo confermata in molti casi. Per questo motivo, il termine sovraordinato &#8220;mosaico di pigmenti&#8221; \u00e8 oggi spesso utilizzato per questi quadri clinici.<\/p>\n<p>&nbsp;<\/p>\n<p><img decoding=\"async\" class=\"size-full wp-image-8765 lazyload\" alt=\"\" data-src=\"https:\/\/medizinonline.com\/wp-content\/uploads\/2017\/07\/abb2_dp3_s34.png\" style=\"--smush-placeholder-width: 1100px; --smush-placeholder-aspect-ratio: 1100\/367;height:267px; width:800px\" width=\"1100\" height=\"367\" src=\"data:image\/svg+xml;base64,PHN2ZyB3aWR0aD0iMSIgaGVpZ2h0PSIxIiB4bWxucz0iaHR0cDovL3d3dy53My5vcmcvMjAwMC9zdmciPjwvc3ZnPg==\"><\/p>\n<p>&nbsp;<\/p>\n<p>I mosaici pigmentari non sono un gruppo omogeneo di malattie. Piuttosto, sono note mutazioni multiple e aberrazioni genetiche causali (anche con presentazione cutanea geneticamente identica), alcune delle quali sono gravi e possono sopravvivere solo in uno stato di mosaico. Non sorprende quindi che vengano descritte associazioni extracutanee molteplici e incoerenti. Nel complesso, la frequenza delle manifestazioni extracutanee \u00e8 sovrastimata in letteratura, il che \u00e8 attribuito a un pregiudizio di segnalazione. \u00c8 ormai assodato che i mosaici di pigmento limitati sono solitamente confinati alla pelle.<\/p>\n<p>Il rischio di manifestazioni extracutanee dipende probabilmente non solo dall&#8217;estensione, ma anche dal sottotipo del mosaico pigmentario. Mentre questo sembra essere piuttosto piccolo nelle manifestazioni segmentali (modello a scacchiera o recentemente chiamato anche &#8220;a blocchi&#8221;), \u00e8 probabilmente pi\u00f9 grande nelle varianti blaschkolineari estese [4].<\/p>\n<p><strong>Chiarimenti:<\/strong> I bambini con mosaici di pigmenti devono quindi essere valutati principalmente dal punto di vista clinico. In caso di manifestazioni limitate e di presenza di un modello segmentale, nonch\u00e9 di assenza di altre anomalie cliniche, non sono necessarie ulteriori misure. Nei casi di infestazione cutanea estesa e di diffusione lungo le linee di Blasch, raccomandiamo una valutazione oftalmologica e un&#8217;attenta esecuzione dei controlli pediatrici di routine. In caso di anomalie neurologiche, \u00e8 indicato un esame di risonanza magnetica cranica.<\/p>\n<p><strong>Terapia:<\/strong> nei casi di rilevante compromissione estetica e di stigmatizzazione, in presenza di ipopigmentazione si pu\u00f2 consigliare l&#8217;applicazione di un camouflage e, soprattutto in estate, una protezione solare costante. In caso di iperpigmentazione, la terapia laser del pigmento pu\u00f2 essere presa in considerazione per il trattamento di singole aree. Per questo &#8211; fino ai 18 anni &#8211; ha senso una registrazione IV come difetto di nascita ai sensi del numero 109 delle GGV.<\/p>\n<p>\nLetteratura:<\/p>\n<ol>\n<li>Biesecker LG, et al: Una visione genomica del mosaicismo e delle malattie umane. Nt Rev Genet 2013; 14(5): 307-320.<\/li>\n<li>Happle R, et al.: Mosaicismo nella pelle umana. Comprendere i modelli e i meccanismi. Archivi di dermatologia 1993; 129(11): 1460-1470.<\/li>\n<li>Treat J, et al: Pigmentazione modellata nei bambini. Pediatr Clin Norh Am 2010; 57(5): 1121-1129.<\/li>\n<li>Hoegling M, et al: Disturbo della pigmentazione segmentale. Br J Dermatol 2010; 162(6): 1337-1341.<\/li>\n<\/ol>\n<p><em>PRATICA DERMATOLOGICA 2017; 27(3): 33-34<\/em><\/p>\n","protected":false},"excerpt":{"rendered":"<p>I mosaici di pigmenti si presentano clinicamente sotto forma di modelli specifici, che di solito corrispondono a un prototipo di mosaico cutaneo. Questo \u00e8 causato da molteplici mutazioni e aberrazioni&hellip;<\/p>\n","protected":false},"author":7,"featured_media":67478,"comment_status":"closed","ping_status":"","sticky":false,"template":"","format":"standard","meta":{"_acf_changed":false,"pmpro_default_level":"","cat_1_feature_home_top":false,"cat_2_editor_pick":false,"csco_eyebrow_text":"Deformit\u00e0 della pelle","footnotes":""},"category":[11528,11351,11443,11550],"tags":[37856,37852,37840,37832,15035,37847],"powerkit_post_featured":[],"class_list":["post-339615","post","type-post","status-publish","format-standard","has-post-thumbnail","category-casi","category-dermatologia-e-venereologia","category-pediatria-it","category-rx-it","tag-disturbi-della-pigmentazione","tag-malattie-della-pelle","tag-malformazione-della-pelle","tag-mosaico-di-pigmenti","tag-mutazione","tag-pediatria-it","pmpro-has-access"],"acf":[],"publishpress_future_action":{"enabled":false,"date":"2026-05-04 02:39:18","action":"change-status","newStatus":"draft","terms":[],"taxonomy":"category","extraData":[]},"publishpress_future_workflow_manual_trigger":{"enabledWorkflows":[]},"wpml_current_locale":"it_IT","wpml_translations":{"pt_PT":{"locale":"pt_PT","id":339628,"slug":"deslocamentos-pigmentares-de-listras-a-zebra-da-dermatologia","post_title":"Deslocamentos pigmentares de listras - a zebra da dermatologia?","href":"https:\/\/medizinonline.com\/pt-pt\/deslocamentos-pigmentares-de-listras-a-zebra-da-dermatologia\/"},"es_ES":{"locale":"es_ES","id":339631,"slug":"cambios-pigmentarios-estriados-la-cebra-de-la-dermatologia","post_title":"Cambios pigmentarios estriados: \u00bfla cebra de la dermatolog\u00eda?","href":"https:\/\/medizinonline.com\/es\/cambios-pigmentarios-estriados-la-cebra-de-la-dermatologia\/"}},"_links":{"self":[{"href":"https:\/\/medizinonline.com\/it\/wp-json\/wp\/v2\/posts\/339615","targetHints":{"allow":["GET"]}}],"collection":[{"href":"https:\/\/medizinonline.com\/it\/wp-json\/wp\/v2\/posts"}],"about":[{"href":"https:\/\/medizinonline.com\/it\/wp-json\/wp\/v2\/types\/post"}],"author":[{"embeddable":true,"href":"https:\/\/medizinonline.com\/it\/wp-json\/wp\/v2\/users\/7"}],"replies":[{"embeddable":true,"href":"https:\/\/medizinonline.com\/it\/wp-json\/wp\/v2\/comments?post=339615"}],"version-history":[{"count":0,"href":"https:\/\/medizinonline.com\/it\/wp-json\/wp\/v2\/posts\/339615\/revisions"}],"wp:featuredmedia":[{"embeddable":true,"href":"https:\/\/medizinonline.com\/it\/wp-json\/wp\/v2\/media\/67478"}],"wp:attachment":[{"href":"https:\/\/medizinonline.com\/it\/wp-json\/wp\/v2\/media?parent=339615"}],"wp:term":[{"taxonomy":"category","embeddable":true,"href":"https:\/\/medizinonline.com\/it\/wp-json\/wp\/v2\/category?post=339615"},{"taxonomy":"post_tag","embeddable":true,"href":"https:\/\/medizinonline.com\/it\/wp-json\/wp\/v2\/tags?post=339615"},{"taxonomy":"powerkit_post_featured","embeddable":true,"href":"https:\/\/medizinonline.com\/it\/wp-json\/wp\/v2\/powerkit_post_featured?post=339615"}],"curies":[{"name":"wp","href":"https:\/\/api.w.org\/{rel}","templated":true}]}}