{"id":339993,"date":"2017-04-18T02:00:00","date_gmt":"2017-04-18T00:00:00","guid":{"rendered":"https:\/\/medizinonline.com\/modulo-ecm-cancro-ovarico-opzioni-nella-terapia-di-mantenimento\/"},"modified":"2023-01-18T13:35:18","modified_gmt":"2023-01-18T12:35:18","slug":"modulo-ecm-cancro-ovarico-opzioni-nella-terapia-di-mantenimento","status":"publish","type":"post","link":"https:\/\/medizinonline.com\/it\/modulo-ecm-cancro-ovarico-opzioni-nella-terapia-di-mantenimento\/","title":{"rendered":"Modulo ECM Cancro ovarico: opzioni nella terapia di mantenimento"},"content":{"rendered":"\n<p><strong>Prof. em. Il Dr. Richard Herrmann conversa con il PD Dr. med. Marcus Vetter, primario di oncologia dell&#8217;Ospedale cantonale di Basilea.<\/strong><\/p>\n\n<p><strong>Parte 3\/3: Opzioni nella terapia di mantenimento<\/strong><\/p>\n\n<p><strong>Il modulo sul cancro ovarico \u00e8 stato aggiornato nel giugno 2022.<\/strong><\/p>\n\n<!--more-->\n\n<p><span style=\"font-size: 12px;\"><strong>Moderazione:<\/strong><br\/>Richard Herrmann, MD, Prof. em. per l&#8217;oncologia di Basilea<\/span><\/p>\n\n<p><span style=\"font-size: 12px;\"><strong>Ospite della conferenza:<\/strong><br\/>PD Dr. med. Marcus Vetter, Primario di Oncologia dell&#8217;Ospedale Cantonale di Basilea<\/span><\/p>\n\n<p><span style=\"font-size: 12px;\"><strong>Durata del video: <\/strong>18:05 min.<br\/>Lingua: tedesco<\/span><\/p>\n\n<p><strong>Dopo il video training, clicchi su INIZIA TEST per accedere al training online.<\/strong><\/p>\n\n<p><iframe title=\"5_PDAC_Vetter_V3_adattato.mp4\" data-src=\"https:\/\/player.vimeo.com\/video\/750003655?h=7d40edc218&amp;badge=0&amp;autopause=0&amp;player_id=0&amp;app_id=58479\" width=\"1920\" height=\"1080\" frameborder=\"0\" allowfullscreen=\"allowfullscreen\" src=\"data:image\/svg+xml;base64,PHN2ZyB3aWR0aD0iMSIgaGVpZ2h0PSIxIiB4bWxucz0iaHR0cDovL3d3dy53My5vcmcvMjAwMC9zdmciPjwvc3ZnPg==\" class=\"lazyload\" data-load-mode=\"1\"><\/iframe><\/p>\n\n<p><span style=\"color: #ffffff; font-family: calibri,sans-serif; font-size: 14.666666984558105px;\">(<\/span><em>Il video pu\u00f2 essere visualizzato in modalit\u00e0 a schermo intero facendo clic con il tasto destro del mouse e poi cliccando su &#8220;Apri il fotogramma in una scheda<span style=\"font-size: 14.666666984558105px;\">&#8220;&#8230;.<\/span><\/em><\/p>\n\n<p><em>Aggiornamento giugno 2022.<\/em><\/p>\n\n<p><span style=\"font-size: 12px;\">Con il gentile supporto di <\/span>GSK<\/p>\n\n<figure class=\"wp-block-image\"><img decoding=\"async\" width=\"191\" height=\"176\" data-src=\"https:\/\/medizinonline.com\/wp-content\/uploads\/2017\/04\/gsk_rgb_0.png\" alt=\"\" class=\"wp-image-11722 lazyload\" data-srcset=\"https:\/\/medizinonline.com\/wp-content\/uploads\/2017\/04\/gsk_rgb_0.png 191w, https:\/\/medizinonline.com\/wp-content\/uploads\/2017\/04\/gsk_rgb_0-120x111.png 120w, https:\/\/medizinonline.com\/wp-content\/uploads\/2017\/04\/gsk_rgb_0-90x83.png 90w\" data-sizes=\"(max-width: 191px) 100vw, 191px\" src=\"data:image\/svg+xml;base64,PHN2ZyB3aWR0aD0iMSIgaGVpZ2h0PSIxIiB4bWxucz0iaHR0cDovL3d3dy53My5vcmcvMjAwMC9zdmciPjwvc3ZnPg==\" style=\"--smush-placeholder-width: 191px; --smush-placeholder-aspect-ratio: 191\/176;\" \/><\/figure>\n","protected":false},"excerpt":{"rendered":"<p>Prof. em. Il Dr. Richard Herrmann conversa con il PD Dr. med. Marcus Vetter, primario di oncologia dell&#8217;Ospedale cantonale di Basilea. Parte 3\/3: Opzioni nella terapia di mantenimento Il modulo&hellip;<\/p>\n","protected":false},"author":7,"featured_media":0,"comment_status":"closed","ping_status":"closed","sticky":false,"template":"","format":"standard","meta":{"_acf_changed":false,"pmpro_default_level":"","cat_1_feature_home_top":false,"cat_2_editor_pick":false,"csco_eyebrow_text":"Formazione online Oncologia svizzera in movimento","footnotes":""},"category":[11337,11695,11519,22617,11409,11376,11550],"tags":[11750],"powerkit_post_featured":[],"class_list":["post-339993","post","type-post","status-publish","format-standard","category-contenuto-del-partner","category-formazione-con-il-partner","category-formazione-continua","category-formazione-ecm","category-ginecologia-it","category-oncologia-it","category-rx-it","tag-formazione-ecm","pmpro-has-access"],"acf":[],"publishpress_future_action":{"enabled":false,"date":"2026-05-06 02:26:06","action":"change-status","newStatus":"draft","terms":[],"taxonomy":"category","extraData":[]},"publishpress_future_workflow_manual_trigger":{"enabledWorkflows":[]},"wpml_current_locale":"it_IT","wpml_translations":{"pt_PT":{"locale":"pt_PT","id":340006,"slug":"cme-module-ovarian-cancer-opcoes-em-terapia-de-manutencao","post_title":"CME Module Ovarian Cancer: Op\u00e7\u00f5es em Terapia de Manuten\u00e7\u00e3o","href":"https:\/\/medizinonline.com\/pt-pt\/cme-module-ovarian-cancer-opcoes-em-terapia-de-manutencao\/"},"es_ES":{"locale":"es_ES","id":340018,"slug":"modulo-cme-cancer-de-ovario-opciones-en-la-terapia-de-mantenimiento","post_title":"M\u00f3dulo CME C\u00e1ncer de ovario: opciones en la terapia de mantenimiento","href":"https:\/\/medizinonline.com\/es\/modulo-cme-cancer-de-ovario-opciones-en-la-terapia-de-mantenimiento\/"}},"_links":{"self":[{"href":"https:\/\/medizinonline.com\/it\/wp-json\/wp\/v2\/posts\/339993","targetHints":{"allow":["GET"]}}],"collection":[{"href":"https:\/\/medizinonline.com\/it\/wp-json\/wp\/v2\/posts"}],"about":[{"href":"https:\/\/medizinonline.com\/it\/wp-json\/wp\/v2\/types\/post"}],"author":[{"embeddable":true,"href":"https:\/\/medizinonline.com\/it\/wp-json\/wp\/v2\/users\/7"}],"replies":[{"embeddable":true,"href":"https:\/\/medizinonline.com\/it\/wp-json\/wp\/v2\/comments?post=339993"}],"version-history":[{"count":1,"href":"https:\/\/medizinonline.com\/it\/wp-json\/wp\/v2\/posts\/339993\/revisions"}],"predecessor-version":[{"id":340001,"href":"https:\/\/medizinonline.com\/it\/wp-json\/wp\/v2\/posts\/339993\/revisions\/340001"}],"wp:attachment":[{"href":"https:\/\/medizinonline.com\/it\/wp-json\/wp\/v2\/media?parent=339993"}],"wp:term":[{"taxonomy":"category","embeddable":true,"href":"https:\/\/medizinonline.com\/it\/wp-json\/wp\/v2\/category?post=339993"},{"taxonomy":"post_tag","embeddable":true,"href":"https:\/\/medizinonline.com\/it\/wp-json\/wp\/v2\/tags?post=339993"},{"taxonomy":"powerkit_post_featured","embeddable":true,"href":"https:\/\/medizinonline.com\/it\/wp-json\/wp\/v2\/powerkit_post_featured?post=339993"}],"curies":[{"name":"wp","href":"https:\/\/api.w.org\/{rel}","templated":true}]}}