{"id":340399,"date":"2017-01-23T09:46:28","date_gmt":"2017-01-23T08:46:28","guid":{"rendered":"https:\/\/medizinonline.com\/lintegrazione-di-calcio-e-vitamina-d-merita-maggiore-attenzione\/"},"modified":"2017-01-23T09:46:28","modified_gmt":"2017-01-23T08:46:28","slug":"lintegrazione-di-calcio-e-vitamina-d-merita-maggiore-attenzione","status":"publish","type":"post","link":"https:\/\/medizinonline.com\/it\/lintegrazione-di-calcio-e-vitamina-d-merita-maggiore-attenzione\/","title":{"rendered":"L&#8217;integrazione di calcio e vitamina D merita maggiore attenzione"},"content":{"rendered":"<p><strong>L&#8217;integrazione di calcio e vitamina D \u00e8 una profilassi efficace, sicura e ampiamente applicabile contro le cadute e le fratture. Oltre alle nuove conquiste spettacolari e molto acclamate della medicina, questa misura di base semplice e solidamente basata non dovrebbe essere trascurata nella medicina generale.<\/strong><\/p>\n<p> <!--more--> <\/p>\n<p>Che si debba prestare maggiore attenzione all&#8217;integrazione diventa chiaro quando si prendono in considerazione le spaventose previsioni sullo sviluppo delle fratture da osteoporosi nei prossimi anni.<\/p>\n<p>La popolazione svizzera sta diventando sempre pi\u00f9 vecchia, \u00e8 necessario trattare sempre pi\u00f9 fratture da osteoporosi e i costi sono in forte aumento. Nel 2010, si stima che ci siano state 74.000 nuove fratture da osteoporosi in Svizzera [1]. Si prevedono quasi 99.000 nuove fratture da osteoporosi nel 2025.<\/p>\n<p>I costi che ne derivano sono gi\u00e0 enormi oggi e continueranno a crescere in modo significativo nei prossimi anni. Nel 2010, il costo degli eventi di frattura nuovi e precedenti nell&#8217;osteoporosi \u00e8 stato stimato in 2,05 miliardi di franchi svizzeri [1]. Per l&#8217;anno 2025 si prevedono costi pari a 2,64 miliardi di franchi svizzeri.<br \/>\n&nbsp;<\/p>\n<h1 id=\"pdf-intervista-con-lesperto\"><a href=\"https:\/\/assets.medizinonline.com\/sites\/default\/files\/sr14_hp9_meda-kalcipos_de_0_0.pdf\">PDF: Intervista con l&#8217;esperto<\/a><\/h1>\n<p><a href=\"https:\/\/assets.medizinonline.com\/sites\/default\/files\/sr14_hp9_meda-kalcipos_de_0_0.pdf\">L&#8217;integrazione di calcio-vitamina D nella pratica<\/a><br \/>\n&nbsp;<\/p>\n<h2 id=\"si-raccomanda-la-prevenzione-dellosteoporosi\">Si raccomanda la prevenzione dell&#8217;osteoporosi<\/h2>\n<p>Un livello di 25(OH)D di almeno 50&nbsp;nmol\/l \u00e8 necessario per sostenere la salute delle ossa (prevenzione dell&#8217;osteoporosi) in tutti gli adulti e la salute dei muscoli (prevenzione delle cadute) negli anziani di 60 anni e oltre [2]. Oltre alla produzione di vitamina D nella pelle, in Svizzera si raccomanda un apporto di vitamina D di 600&nbsp;UI per gli adulti di et\u00e0 inferiore ai 60 anni e di 800 UI per gli adulti di et\u00e0 superiore ai 60 anni [2]. Molte persone hanno bisogno di un&#8217;integrazione di vitamina D, non solo nei mesi invernali, quando la produzione di vitamina D nella pelle \u00e8 insufficiente tra novembre e aprile, quando l&#8217;intensit\u00e0 del sole \u00e8 troppo bassa. Anche in primavera, estate e autunno, l&#8217;esposizione al sole di molte persone \u00e8 limitata e le creme solari sono ampiamente utilizzate. Inoltre, ci sono poche fonti di vitamina D nella dieta [2]. Poich\u00e9 l&#8217;integrazione \u00e8 una profilassi a lungo termine, il regime di assunzione deve essere il pi\u00f9 semplice possibile per garantire l&#8217;aderenza. Per anni di integrazione di calcio e vitamina D, una compressa rivestita con film funziona bene. Kalcipos-D3 \u00e8 l&#8217;unica compressa rivestita con film in Svizzera che contiene 500 mg di calcio insieme a 800 UI di vitamina D, in un dosaggio idealmente bilanciato per l&#8217;integrazione.<\/p>\n<p>Tre rinomati esperti svizzeri commentano qui l&#8217;integrazione di calcio e vitamina D nella pratica. Fanno luce sull&#8217;importanza dell&#8217;integrazione per il mantenimento della salute delle ossa e dei muscoli e per la prevenzione delle fratture da osteoporosi.<br \/>\n<a href=\"https:\/\/assets.medizinonline.com\/sites\/default\/files\/sr14_hp9_meda-kalcipos_de_0_0.pdf\"><strong>PDF: Intervista con l&#8217;esperto<\/strong><\/a><\/p>\n<p>\nLetteratura:<\/p>\n<ol>\n<li>Svedbom A, et al: Epidemiologia e onere economico dell&#8217;osteoporosi in Svizzera. Arch Osteoporos 2014; 9: 187.<\/li>\n<li>Ufficio federale della sanit\u00e0 pubblica: Carenza di vitamina D: situazione dei dati, sicurezza e raccomandazioni per la popolazione svizzera. 2012.<\/li>\n<\/ol>\n","protected":false},"excerpt":{"rendered":"<p>L&#8217;integrazione di calcio e vitamina D \u00e8 una profilassi efficace, sicura e ampiamente applicabile contro le cadute e le fratture. Oltre alle nuove conquiste spettacolari e molto acclamate della medicina,&hellip;<\/p>\n","protected":false},"author":5,"featured_media":62379,"comment_status":"closed","ping_status":"","sticky":false,"template":"","format":"standard","meta":{"_acf_changed":false,"pmpro_default_level":"","cat_1_feature_home_top":false,"cat_2_editor_pick":false,"csco_eyebrow_text":"Una misura semplice nella pratica per la profilassi delle cadute e delle fratture da osteoporosi  ","footnotes":""},"category":[11525,11511,11550],"tags":[30260,39784,13169],"powerkit_post_featured":[],"class_list":["post-340399","post","type-post","status-publish","format-standard","has-post-thumbnail","category-interviste","category-notizie","category-rx-it","tag-calcio-it-2","tag-ossa","tag-vitamina-d-it","pmpro-has-access"],"acf":[],"publishpress_future_action":{"enabled":false,"date":"2026-05-06 03:08:39","action":"change-status","newStatus":"draft","terms":[],"taxonomy":"category","extraData":[]},"publishpress_future_workflow_manual_trigger":{"enabledWorkflows":[]},"wpml_current_locale":"it_IT","wpml_translations":{"pt_PT":{"locale":"pt_PT","id":340408,"slug":"a-suplementacao-com-vitamina-d-de-calcio-merece-mais-atencao","post_title":"A suplementa\u00e7\u00e3o com vitamina D de c\u00e1lcio merece mais aten\u00e7\u00e3o","href":"https:\/\/medizinonline.com\/pt-pt\/a-suplementacao-com-vitamina-d-de-calcio-merece-mais-atencao\/"},"es_ES":{"locale":"es_ES","id":340414,"slug":"los-suplementos-de-calcio-y-vitamina-d-merecen-mas-atencion","post_title":"Los suplementos de calcio y vitamina D merecen m\u00e1s atenci\u00f3n","href":"https:\/\/medizinonline.com\/es\/los-suplementos-de-calcio-y-vitamina-d-merecen-mas-atencion\/"}},"_links":{"self":[{"href":"https:\/\/medizinonline.com\/it\/wp-json\/wp\/v2\/posts\/340399","targetHints":{"allow":["GET"]}}],"collection":[{"href":"https:\/\/medizinonline.com\/it\/wp-json\/wp\/v2\/posts"}],"about":[{"href":"https:\/\/medizinonline.com\/it\/wp-json\/wp\/v2\/types\/post"}],"author":[{"embeddable":true,"href":"https:\/\/medizinonline.com\/it\/wp-json\/wp\/v2\/users\/5"}],"replies":[{"embeddable":true,"href":"https:\/\/medizinonline.com\/it\/wp-json\/wp\/v2\/comments?post=340399"}],"version-history":[{"count":0,"href":"https:\/\/medizinonline.com\/it\/wp-json\/wp\/v2\/posts\/340399\/revisions"}],"wp:featuredmedia":[{"embeddable":true,"href":"https:\/\/medizinonline.com\/it\/wp-json\/wp\/v2\/media\/62379"}],"wp:attachment":[{"href":"https:\/\/medizinonline.com\/it\/wp-json\/wp\/v2\/media?parent=340399"}],"wp:term":[{"taxonomy":"category","embeddable":true,"href":"https:\/\/medizinonline.com\/it\/wp-json\/wp\/v2\/category?post=340399"},{"taxonomy":"post_tag","embeddable":true,"href":"https:\/\/medizinonline.com\/it\/wp-json\/wp\/v2\/tags?post=340399"},{"taxonomy":"powerkit_post_featured","embeddable":true,"href":"https:\/\/medizinonline.com\/it\/wp-json\/wp\/v2\/powerkit_post_featured?post=340399"}],"curies":[{"name":"wp","href":"https:\/\/api.w.org\/{rel}","templated":true}]}}