{"id":341360,"date":"2016-06-25T02:00:00","date_gmt":"2016-06-25T00:00:00","guid":{"rendered":"https:\/\/medizinonline.com\/i-biologici-nellasma-e-i-coadiuvanti-di-alluminio-nei-vaccini\/"},"modified":"2016-06-25T02:00:00","modified_gmt":"2016-06-25T00:00:00","slug":"i-biologici-nellasma-e-i-coadiuvanti-di-alluminio-nei-vaccini","status":"publish","type":"post","link":"https:\/\/medizinonline.com\/it\/i-biologici-nellasma-e-i-coadiuvanti-di-alluminio-nei-vaccini\/","title":{"rendered":"I biologici nell&#8217;asma e i coadiuvanti di alluminio nei vaccini"},"content":{"rendered":"<p><strong>Il fatto che l&#8217;asma sia una malattia molto eterogenea \u00e8 particolarmente vero per i pazienti con asma grave. Ulteriori nuovi farmaci sono necessari soprattutto per i pazienti la cui asma grave non \u00e8 ben controllata nonostante la terapia standard. Si stanno sviluppando sempre pi\u00f9 biologici per questi pazienti. Il Prof. Dr. Ian Pavord, MD, Universit\u00e0 di Oxford, ne ha parlato a Montreux in occasione del Meeting congiunto SSORL\/SSAI 2016. Inoltre, il dottor Thomas Marichal, GIGA-Istituto di Ricerca di Liegi, ha parlato del tema dei coadiuvanti dell&#8217;alluminio nei vaccini.<\/strong><\/p>\n<p> <!--more--> <\/p>\n<p>Il fatto che i nuovi biologici debbano essere utilizzati in modo molto selettivo come trattamento aggiuntivo \u00e8 illustrato dai risultati del primo studio clinico condotto con l&#8217;anticorpo monoclonale mepolizumab diretto contro l&#8217;interleuchina 5 (IL-5). La citochina IL-5 \u00e8 necessaria per la differenziazione, la maturazione, il reclutamento, l&#8217;attivazione e la sopravvivenza dei granulociti eosinofili. Il mepolizumab riduce la formazione e la sopravvivenza degli eosinofili.<\/p>\n<p>Sebbene sia stato possibile ottenere forti effetti biologici (ad esempio, una riduzione pronunciata della sputosinofilia) con mepolizumab, inizialmente non \u00e8 risultato alcun beneficio clinico. Sulla base di ulteriori ricerche, si \u00e8 ipotizzato che nei pazienti con asma grave, l&#8217;infiammazione eosinofila fosse responsabile delle esacerbazioni dell&#8217;asma e la disfunzione delle vie aeree fosse responsabile dei sintomi quotidiani come tosse e dispnea. Di conseguenza, il principale beneficio di un nuovo farmaco che ha come obiettivo l&#8217;infiammazione eosinofila dovrebbe essere la riduzione delle esacerbazioni.<\/p>\n<h2 id=\"mepolizumab-e-clinicamente-efficace-in-pazienti-adeguatamente-selezionati\">Mepolizumab \u00e8 clinicamente efficace in pazienti adeguatamente selezionati<\/h2>\n<p>Lo studio MENSA ha effettivamente confermato queste aspettative [1]. Si \u00e8 trattato di uno studio randomizzato, controllato con placebo, in doppio cieco, che ha coinvolto 576 pazienti. Soffrivano di asma grave, spesso esacerbata nonostante il trattamento con alte dosi di glucocorticoidi per via inalatoria, con una grave infiammazione eosinofila delle vie aeree.<\/p>\n<p>Poich\u00e9 la conta degli eosinofili nell&#8217;espettorato indotto \u00e8 stata ritenuta sostituibile come biomarcatore dalla conta degli eosinofili nel sangue, molto pi\u00f9 facilmente misurabile, i pazienti sono stati selezionati in base all&#8217;eosinofilia del sangue (conta degli eosinofili nel sangue \u2265150 cellule per microlitro all&#8217;inizio del trattamento o \u2265300 cellule per microlitro nei dodici mesi precedenti).<\/p>\n<p>Lo studio MENSA ha dimostrato che la terapia sottocutanea con mepolizumab (100&nbsp;mg ogni quattro settimane) ha ridotto significativamente il tasso di esacerbazione (esacerbazioni all&#8217;anno) del 53% dopo 32 settimane rispetto al placebo e ha anche migliorato la funzione polmonare [1].<\/p>\n<p>Mepolizumab \u00e8 il primo biologico approvato specificamente per i pazienti asmatici con infiammazione eosinofila delle vie aeree. Seguiranno altri biologici <strong>(tab.&nbsp;1).<\/strong><\/p>\n<p><img fetchpriority=\"high\" decoding=\"async\" class=\" size-full wp-image-7290\" alt=\"\" src=\"https:\/\/medizinonline.com\/wp-content\/uploads\/2016\/06\/tab1_hp6-s34.png\" style=\"height:561px; width:600px\" width=\"890\" height=\"832\"><\/p>\n<p>I diversi biologici antinfiammatori influenzano i biomarcatori dell&#8217;infiammazione in modo diverso, ha riferito il relatore. I biologici anti-IL-5 hanno un forte effetto sull&#8217;eosinofilia del sangue e dell&#8217;espettorato, ma non influiscono sull&#8217;ossido nitrico nelle vie respiratorie (nessuna riduzione dell&#8217;ossido nitrico frazionale esalato [FeNO]). Dupilumab, invece, riduce la FeNO. Come biomarcatori facilmente misurabili, l&#8217;eosinofilia del sangue e la FeNO forniscono chiare indicazioni sugli eventi biologici nelle vie aeree. L&#8217;attivit\u00e0 dell&#8217;IL 5 nelle vie aeree \u00e8 responsabile dell&#8217;aumento degli eosinofili nel sangue e, a causa dell&#8217;attivit\u00e0 dell&#8217;IL 13 nelle vie aeree, la FeNO aumenta. Di conseguenza, si pu\u00f2 ipotizzare che i pazienti con grave eosinofilia nel sangue siano candidati anti-IL-5 e che i pazienti con FeNO elevata possano essere candidati anti-IL-13.<\/p>\n<h2 id=\"coadiuvanti-di-alluminio-nei-vaccini\">Coadiuvanti di alluminio nei vaccini<\/h2>\n<p>I composti di alluminio (abbreviazione inglese: &#8220;alum&#8221;) sono stati utilizzati come coadiuvanti nei vaccini per 90 anni [2]. Inizialmente, si ipotizzava che l&#8217;effetto di deposito dell&#8217;allume, con il rilascio rallentato dell&#8217;antigene vaccinale dal deposito, fosse responsabile dell&#8217;aumento della risposta immunitaria. Tuttavia, i risultati delle ricerche degli ultimi anni hanno dimostrato che l&#8217;allume non \u00e8 immunologicamente inerte come si pensava in origine, ma pu\u00f2 causare l&#8217;attivazione del sistema immunitario innato.<\/p>\n<p>Quando il Dr. Thomas Marichal, GIGA-Istituto di Ricerca di Liegi, ha esaminato i depositi di allume negli esperimenti sugli animali che si erano formati rapidamente nel sito di iniezione, ha trovato componenti di cellule morte sulla superficie del deposito. Una certa citotossicit\u00e0 dell&#8217;allume \u00e8 nota da molto tempo. A quanto pare, l&#8217;allume pu\u00f2 uccidere le cellule nel sito di iniezione, causando il rilascio del loro DNA. Il sistema immunitario innato viene attivato dal DNA rilasciato a livello extracellulare. Il Dr. Marichal \u00e8 riuscito a dimostrare che il DNA endogeno extracellulare agisce come immunostimolante endogeno e innesca la produzione di anticorpi [3]. L&#8217;antigene del vaccino da solo non ha indotto la formazione di anticorpi IgM, IgG1 e IgE nei topi. Tuttavia, tali anticorpi sono stati prodotti quando l&#8217;antigene \u00e8 stato utilizzato insieme all&#8217;allumadiuvante e anche quando l&#8217;antigene \u00e8 stato utilizzato insieme al DNA endogeno.&nbsp;&nbsp; &nbsp;<br \/>\n&nbsp;&nbsp; &nbsp;<br \/>\n<em>Fonte: Riunione congiunta SSORL\/SSAI 2016, 28-29 aprile 2016, Montreux<\/em><\/p>\n<p>&nbsp;<\/p>\n<p>Letteratura:<\/p>\n<ol>\n<li>Ortega HG, et al: Trattamento con Mepolizumab nei pazienti con asma eosinofila grave. N Engl J Med 2014; 371: 1198-1207.<\/li>\n<li>Wen Y, et al.: Allume: un vecchio cane con nuovi trucchi. Emerg Microbes Infect 2016; 5: e25.<\/li>\n<li>Marichal T, et al: il DNA rilasciato dalle cellule ospiti morenti media l&#8217;attivit\u00e0 adiuvante dell&#8217;alluminio. Nat Med 2011; 17: 996-1002.<\/li>\n<\/ol>\n<p>&nbsp;<\/p>\n<p><em>PRATICA GP 2016; 11(6): 33-34<br \/>\nPRATICA DERMATOLOGICA 2016; 26(3): 31-32<\/em><br \/>\n&nbsp;<\/p>\n","protected":false},"excerpt":{"rendered":"<p>Il fatto che l&#8217;asma sia una malattia molto eterogenea \u00e8 particolarmente vero per i pazienti con asma grave. Ulteriori nuovi farmaci sono necessari soprattutto per i pazienti la cui asma&hellip;<\/p>\n","protected":false},"author":7,"featured_media":57025,"comment_status":"closed","ping_status":"","sticky":false,"template":"","format":"standard","meta":{"_acf_changed":false,"pmpro_default_level":"","cat_1_feature_home_top":false,"cat_2_editor_pick":false,"csco_eyebrow_text":"Riunione congiunta SSORL\/SSAI","footnotes":""},"category":[11343,11468,11473,11522,11550,11515],"tags":[13783,12356,12293,26567,42023,42028],"powerkit_post_featured":[],"class_list":["post-341360","post","type-post","status-publish","format-standard","has-post-thumbnail","category-allergologia-e-immunologia-clinica","category-pneumologia","category-prevenzione-e-assistenza-sanitaria","category-rapporti-del-congresso","category-rx-it","category-studi","tag-anticorpo","tag-asma","tag-biologici","tag-citochina","tag-il-5-it","tag-mensa-it","pmpro-has-access"],"acf":[],"publishpress_future_action":{"enabled":false,"date":"2026-05-04 06:44:23","action":"change-status","newStatus":"draft","terms":[],"taxonomy":"category","extraData":[]},"publishpress_future_workflow_manual_trigger":{"enabledWorkflows":[]},"wpml_current_locale":"it_IT","wpml_translations":{"pt_PT":{"locale":"pt_PT","id":341325,"slug":"biologicos-em-asma-e-adjuvantes-de-aluminio-em-vacinas","post_title":"Biol\u00f3gicos em asma e adjuvantes de alum\u00ednio em vacinas","href":"https:\/\/medizinonline.com\/pt-pt\/biologicos-em-asma-e-adjuvantes-de-aluminio-em-vacinas\/"},"es_ES":{"locale":"es_ES","id":341338,"slug":"biologicos-en-el-asma-y-adyuvantes-de-aluminio-en-las-vacunas","post_title":"Biol\u00f3gicos en el asma y adyuvantes de aluminio en las vacunas","href":"https:\/\/medizinonline.com\/es\/biologicos-en-el-asma-y-adyuvantes-de-aluminio-en-las-vacunas\/"}},"_links":{"self":[{"href":"https:\/\/medizinonline.com\/it\/wp-json\/wp\/v2\/posts\/341360","targetHints":{"allow":["GET"]}}],"collection":[{"href":"https:\/\/medizinonline.com\/it\/wp-json\/wp\/v2\/posts"}],"about":[{"href":"https:\/\/medizinonline.com\/it\/wp-json\/wp\/v2\/types\/post"}],"author":[{"embeddable":true,"href":"https:\/\/medizinonline.com\/it\/wp-json\/wp\/v2\/users\/7"}],"replies":[{"embeddable":true,"href":"https:\/\/medizinonline.com\/it\/wp-json\/wp\/v2\/comments?post=341360"}],"version-history":[{"count":0,"href":"https:\/\/medizinonline.com\/it\/wp-json\/wp\/v2\/posts\/341360\/revisions"}],"wp:featuredmedia":[{"embeddable":true,"href":"https:\/\/medizinonline.com\/it\/wp-json\/wp\/v2\/media\/57025"}],"wp:attachment":[{"href":"https:\/\/medizinonline.com\/it\/wp-json\/wp\/v2\/media?parent=341360"}],"wp:term":[{"taxonomy":"category","embeddable":true,"href":"https:\/\/medizinonline.com\/it\/wp-json\/wp\/v2\/category?post=341360"},{"taxonomy":"post_tag","embeddable":true,"href":"https:\/\/medizinonline.com\/it\/wp-json\/wp\/v2\/tags?post=341360"},{"taxonomy":"powerkit_post_featured","embeddable":true,"href":"https:\/\/medizinonline.com\/it\/wp-json\/wp\/v2\/powerkit_post_featured?post=341360"}],"curies":[{"name":"wp","href":"https:\/\/api.w.org\/{rel}","templated":true}]}}