{"id":341616,"date":"2016-04-18T02:00:00","date_gmt":"2016-04-18T00:00:00","guid":{"rendered":"https:\/\/medizinonline.com\/che-ruolo-hanno-i-sensi-di-colpa\/"},"modified":"2016-04-18T02:00:00","modified_gmt":"2016-04-18T00:00:00","slug":"che-ruolo-hanno-i-sensi-di-colpa","status":"publish","type":"post","link":"https:\/\/medizinonline.com\/it\/che-ruolo-hanno-i-sensi-di-colpa\/","title":{"rendered":"Che ruolo hanno i sensi di colpa?"},"content":{"rendered":"<p><strong><em>Domanda di ricerca:<\/em> i correlati neuronali del senso di colpa possono essere utilizzati per prevedere le ricadute depressive?<\/strong><\/p>\n<p> <!--more--> <\/p>\n<h2 id=\"sfondo\">Sfondo<\/h2>\n<p>La depressione \u00e8 spesso una malattia cronica, con periodi di relativa guarigione interrotti da ricadute. Predittori affidabili di recidiva potrebbero influenzare in modo significativo la terapia. Nelle fasi di remissione, i sintomi sono spesso ancora presenti in modo subliminale e la loro entit\u00e0 \u00e8 correlata al rischio di recidiva. Questo \u00e8 il caso del senso di colpa, per esempio, che \u00e8 anche un&#8217;importante componente cognitiva della depressione e la cui neurobiologia \u00e8 sempre meglio compresa. Il cingolo anteriore subgenuale (SGAZ) e il lobo temporale anteriore (AT) svolgono ruoli importanti in questo processo. L&#8217;attivit\u00e0 nella SGAZ predice la risposta al trattamento, \u00e8 un obiettivo dell&#8217;intervento neurochirurgico e si correla con la tendenza al senso di colpa, mentre l&#8217;AT \u00e8 coinvolta nell&#8217;integrazione delle informazioni sociali [1,2]. Lythe et al. ha studiato la misura in cui i correlati del senso di colpa in parti della rete default-mode possono essere usati per prevedere le recidive.<\/p>\n<h2 id=\"pazienti-e-metodologia\">Pazienti e metodologia<\/h2>\n<p>Nel pi\u00f9 grande studio di coorte prospettico su questo tema fino ad oggi, sono stati studiati 75 pazienti senza farmaci con depressione ricorrente nota. La risonanza magnetica funzionale (fMRI) \u00e8 stata utilizzata per confrontare le risposte neurali al biasimo della propria persona o di un amico stretto. Le analisi si sono concentrate sulla connettivit\u00e0 funzionale, cio\u00e8 sulla correlazione delle traiettorie di attivazione temporale in diverse regioni cerebrali, principalmente nella SGAZ e nell&#8217;AT.<\/p>\n<h2 id=\"risultati\">Risultati<\/h2>\n<p>La connettivit\u00e0 funzionale tra AT, SGAZ e striato ventrale ha previsto le recidive con una precisione del 75%. Questo \u00e8 stato significativamente migliore rispetto alla previsione basata sulle variabili cliniche (61%). Le dimensioni dell&#8217;effetto erano grandi (Wilk&#8217;s=0,68).<\/p>\n<h2 id=\"conclusioni-degli-autori\">Conclusioni degli autori<\/h2>\n<p>Il senso di colpa autodiretto porta a modelli di attivazione nei pazienti depressi rimossi, che sono migliori predittori di ricaduta rispetto alle misure cliniche.<\/p>\n<h2 id=\"commento\">Commento<\/h2>\n<p>Sebbene la diagnosi precoce dell&#8217;alto rischio di recidiva nella depressione sia molto importante, ci sono stati pochi e piccoli studi in campioni pi\u00f9 eterogenei. Questo studio pi\u00f9 robusto evidenzia le potenziali applicazioni dell&#8217;imaging funzionale, che combina la comprensione neuroscientifica dei processi psicopatologici con applicazioni cliniche concrete. Come gli studi precedenti, anche questo studio dimostra l&#8217;importanza della corteccia prefrontale mediale nella ricaduta, ma evidenzia che non l&#8217;attivit\u00e0 pura \u00e8 predittiva, ma solo la correlazione con le regioni. Potrebbe quindi essere che sia proprio l&#8217;integrazione dell&#8217;informazione affettiva con la comprensione sociale a essere alla base del potenziale di recidiva del senso di colpa.<\/p>\n<p>Letteratura:<\/p>\n<ol>\n<li>Mayberg HS, et al: Modulazione mirata dei circuiti neurali basata sull&#8217;elettrodo per la depressione. J Clin Invest 2009; 119(4): 717-725.<\/li>\n<li>Green S, et al: Disconnessione funzionale selettiva del senso di colpa delle cortecce temporali anteriori e subgenuali nel disturbo depressivo maggiore. Arch Gen Psychiatry 2012; 69(10): 1014-1021.<\/li>\n<\/ol>\n<p>\n<em>InFo NEUROLOGIA &amp; PSICHIATRIA 2016; 14(2): 31<\/em><\/p>\n","protected":false},"excerpt":{"rendered":"<p>Domanda di ricerca: i correlati neuronali del senso di colpa possono essere utilizzati per prevedere le ricadute depressive?<\/p>\n","protected":false},"author":7,"featured_media":55769,"comment_status":"closed","ping_status":"","sticky":false,"template":"","format":"standard","meta":{"_acf_changed":false,"pmpro_default_level":"","cat_1_feature_home_top":false,"cat_2_editor_pick":false,"csco_eyebrow_text":"Previsione delle ricadute nella depressione","footnotes":""},"category":[11479,11550,11515],"tags":[42550,14677,14798,19017,42545],"powerkit_post_featured":[],"class_list":["post-341616","post","type-post","status-publish","format-standard","has-post-thumbnail","category-psichiatria-e-psicoterapia","category-rx-it","category-studi","tag-at-it","tag-depressione","tag-predittore","tag-ricorrenze","tag-sgaz-it","pmpro-has-access"],"acf":[],"publishpress_future_action":{"enabled":false,"date":"2026-05-07 15:56:21","action":"change-status","newStatus":"draft","terms":[],"taxonomy":"category","extraData":[]},"publishpress_future_workflow_manual_trigger":{"enabledWorkflows":[]},"wpml_current_locale":"it_IT","wpml_translations":{"pt_PT":{"locale":"pt_PT","id":341622,"slug":"que-papel-desempenham-os-sentimentos-de-culpa","post_title":"Que papel desempenham os sentimentos de culpa?","href":"https:\/\/medizinonline.com\/pt-pt\/que-papel-desempenham-os-sentimentos-de-culpa\/"},"es_ES":{"locale":"es_ES","id":341627,"slug":"que-papel-desempenan-los-sentimientos-de-culpa","post_title":"\u00bfQu\u00e9 papel desempe\u00f1an los sentimientos de culpa?","href":"https:\/\/medizinonline.com\/es\/que-papel-desempenan-los-sentimientos-de-culpa\/"}},"_links":{"self":[{"href":"https:\/\/medizinonline.com\/it\/wp-json\/wp\/v2\/posts\/341616","targetHints":{"allow":["GET"]}}],"collection":[{"href":"https:\/\/medizinonline.com\/it\/wp-json\/wp\/v2\/posts"}],"about":[{"href":"https:\/\/medizinonline.com\/it\/wp-json\/wp\/v2\/types\/post"}],"author":[{"embeddable":true,"href":"https:\/\/medizinonline.com\/it\/wp-json\/wp\/v2\/users\/7"}],"replies":[{"embeddable":true,"href":"https:\/\/medizinonline.com\/it\/wp-json\/wp\/v2\/comments?post=341616"}],"version-history":[{"count":0,"href":"https:\/\/medizinonline.com\/it\/wp-json\/wp\/v2\/posts\/341616\/revisions"}],"wp:featuredmedia":[{"embeddable":true,"href":"https:\/\/medizinonline.com\/it\/wp-json\/wp\/v2\/media\/55769"}],"wp:attachment":[{"href":"https:\/\/medizinonline.com\/it\/wp-json\/wp\/v2\/media?parent=341616"}],"wp:term":[{"taxonomy":"category","embeddable":true,"href":"https:\/\/medizinonline.com\/it\/wp-json\/wp\/v2\/category?post=341616"},{"taxonomy":"post_tag","embeddable":true,"href":"https:\/\/medizinonline.com\/it\/wp-json\/wp\/v2\/tags?post=341616"},{"taxonomy":"powerkit_post_featured","embeddable":true,"href":"https:\/\/medizinonline.com\/it\/wp-json\/wp\/v2\/powerkit_post_featured?post=341616"}],"curies":[{"name":"wp","href":"https:\/\/api.w.org\/{rel}","templated":true}]}}