{"id":342417,"date":"2015-11-28T01:00:00","date_gmt":"2015-11-28T00:00:00","guid":{"rendered":"https:\/\/medizinonline.com\/svolta-inaspettata-per-un-paziente-con-glioblastoma\/"},"modified":"2015-11-28T01:00:00","modified_gmt":"2015-11-28T00:00:00","slug":"svolta-inaspettata-per-un-paziente-con-glioblastoma","status":"publish","type":"post","link":"https:\/\/medizinonline.com\/it\/svolta-inaspettata-per-un-paziente-con-glioblastoma\/","title":{"rendered":"Svolta inaspettata per un paziente con glioblastoma"},"content":{"rendered":"<p><strong><em>Caso clinico: <\/em>nel 2009, la paziente, allora 32enne, \u00e8 stata sottoposta alla prima operazione di tumore al cervello (glioblastoma WHO \u00b0IV, DD: astrocitoma anaplastico WHO \u00b0III, Mib-1 10%). Il trattamento adiuvante raccomandato [1] \u00e8 stato rifiutato a causa di una gravidanza in corso. Nel 2011, \u00e8 stata eseguita una chirurgia di recidiva con radiazione adiuvante (dose totale 60 Gy). Istologicamente, la classificazione del tumore non era ancora chiara. L&#8217;indicazione per la chemioterapia \u00e8 stata discussa e raccomandata dal team interdisciplinare, ma non \u00e8 stata effettuata su richiesta del paziente. Un altro intervento \u00e8 stato eseguito per una nuova recidiva nel dicembre 2014 (glioblastoma secondario WHO \u00b0IV, IDH1 positivo, MGMT metilato, Mib-1 70%). \u00c8 stata pianificata una radio-chemioterapia adiuvante con volume di radiazioni adattato, ma \u00e8 stata interrotta dopo tre irradiazioni (dose totale 6 Gy) su richiesta della paziente; anche la chemioterapia \u00e8 stata nuovamente rifiutata.<\/strong><\/p>\n<p> <!--more--> <\/p>\n<p>Nel maggio 2015, il paziente sonnolento con una chiara progressione del tumore e una manifestazione tumorale intraventricolare con consecutivo idrocefalo occluso \u00e8 stato ricoverato come caso di emergenza<strong> (Fig.&nbsp;1)<\/strong>.<\/p>\n<p><img fetchpriority=\"high\" decoding=\"async\" class=\" size-full wp-image-6456\" alt=\"\" src=\"https:\/\/medizinonline.com\/wp-content\/uploads\/2015\/11\/abb1_np6_s34.jpg\" style=\"height:903px; width:800px\" width=\"1100\" height=\"1242\" srcset=\"https:\/\/medizinonline.com\/wp-content\/uploads\/2015\/11\/abb1_np6_s34.jpg 1100w, https:\/\/medizinonline.com\/wp-content\/uploads\/2015\/11\/abb1_np6_s34-800x903.jpg 800w, https:\/\/medizinonline.com\/wp-content\/uploads\/2015\/11\/abb1_np6_s34-120x135.jpg 120w, https:\/\/medizinonline.com\/wp-content\/uploads\/2015\/11\/abb1_np6_s34-90x102.jpg 90w, https:\/\/medizinonline.com\/wp-content\/uploads\/2015\/11\/abb1_np6_s34-320x361.jpg 320w, https:\/\/medizinonline.com\/wp-content\/uploads\/2015\/11\/abb1_np6_s34-560x632.jpg 560w\" sizes=\"(max-width: 1100px) 100vw, 1100px\" \/><\/p>\n<p>In caso di sintomi di pressione intracranica progressiva, \u00e8 stata eseguita una ventricolo-cisternostomia palliativa per alleviare l&#8217;idrocefalo <strong>(Fig.&nbsp;2)<\/strong>. Si trattava di aprire il pavimento del terzo ventricolo con una tecnica endoscopica e di ottenere un passaggio libero del liquido cerebrospinale verso gli spazi subaracnoidei. Dopo l&#8217;intervento, c&#8217;\u00e8 stato un rapido recupero clinico, quindi si \u00e8 ipotizzato che la sintomatologia preoperatoria non fosse dovuta esclusivamente alla progressione del tumore.<\/p>\n<p><img decoding=\"async\" class=\"size-full wp-image-6457 lazyload\" alt=\"\" data-src=\"https:\/\/medizinonline.com\/wp-content\/uploads\/2015\/11\/abb2_np6_s35.jpg\" style=\"--smush-placeholder-width: 1100px; --smush-placeholder-aspect-ratio: 1100\/657;height:478px; width:800px\" width=\"1100\" height=\"657\" data-srcset=\"https:\/\/medizinonline.com\/wp-content\/uploads\/2015\/11\/abb2_np6_s35.jpg 1100w, https:\/\/medizinonline.com\/wp-content\/uploads\/2015\/11\/abb2_np6_s35-800x478.jpg 800w, https:\/\/medizinonline.com\/wp-content\/uploads\/2015\/11\/abb2_np6_s35-120x72.jpg 120w, https:\/\/medizinonline.com\/wp-content\/uploads\/2015\/11\/abb2_np6_s35-90x54.jpg 90w, https:\/\/medizinonline.com\/wp-content\/uploads\/2015\/11\/abb2_np6_s35-320x191.jpg 320w, https:\/\/medizinonline.com\/wp-content\/uploads\/2015\/11\/abb2_np6_s35-560x334.jpg 560w\" data-sizes=\"(max-width: 1100px) 100vw, 1100px\" src=\"data:image\/svg+xml;base64,PHN2ZyB3aWR0aD0iMSIgaGVpZ2h0PSIxIiB4bWxucz0iaHR0cDovL3d3dy53My5vcmcvMjAwMC9zdmciPjwvc3ZnPg==\" \/><\/p>\n<p>Nonostante la situazione generale infausta, \u00e8 stata quindi iniziata la chemioterapia con temozolomide (6 cicli, regime 5\/28). Sotto terapia, le condizioni cliniche del paziente hanno continuato a migliorare. Senza nuovi deficit neurologici, il punteggio di performance Karnofsky \u00e8 del 90%. In termini di morfologia dell&#8217;immagine, l&#8217;ultimo follow-up a settembre 2015, dopo quattro cicli di temozolomide, ha mostrato un&#8217;impressionante regressione del tumore senza evidenza di tessuto tumorale che assorbe l&#8217;agente di contrasto <strong>(Fig.&nbsp;3).<\/strong><\/p>\n<p><img decoding=\"async\" class=\"size-full wp-image-6458 lazyload\" alt=\"\" data-src=\"https:\/\/medizinonline.com\/wp-content\/uploads\/2015\/11\/abb3_np6_s35.jpg\" style=\"--smush-placeholder-width: 1100px; --smush-placeholder-aspect-ratio: 1100\/1201;height:873px; width:800px\" width=\"1100\" height=\"1201\" data-srcset=\"https:\/\/medizinonline.com\/wp-content\/uploads\/2015\/11\/abb3_np6_s35.jpg 1100w, https:\/\/medizinonline.com\/wp-content\/uploads\/2015\/11\/abb3_np6_s35-800x873.jpg 800w, https:\/\/medizinonline.com\/wp-content\/uploads\/2015\/11\/abb3_np6_s35-120x131.jpg 120w, https:\/\/medizinonline.com\/wp-content\/uploads\/2015\/11\/abb3_np6_s35-90x98.jpg 90w, https:\/\/medizinonline.com\/wp-content\/uploads\/2015\/11\/abb3_np6_s35-320x349.jpg 320w, https:\/\/medizinonline.com\/wp-content\/uploads\/2015\/11\/abb3_np6_s35-560x611.jpg 560w\" data-sizes=\"(max-width: 1100px) 100vw, 1100px\" src=\"data:image\/svg+xml;base64,PHN2ZyB3aWR0aD0iMSIgaGVpZ2h0PSIxIiB4bWxucz0iaHR0cDovL3d3dy53My5vcmcvMjAwMC9zdmciPjwvc3ZnPg==\" \/><\/p>\n<p><strong>Discussione<\/strong>: Il decorso clinico e i risultati istologici del 2014 suggeriscono la presenza di un glioblastoma maligno secondario WHO \u00b0IV, che nel 2009 era piuttosto un tumore di grado III. Nel complesso, il tumore presenta marcatori genetici molecolari favorevoli dal punto di vista prognostico e terapeutico (IDH1 positivo [sekund\u00e4re Malignisierung], MGMT metilato) [2,3]. A causa della disomogeneit\u00e0 dei tumori, sono possibili casi con risultati istologici a volte difficili da interpretare e decorsi clinici notevoli.<\/p>\n<p>La particolarit\u00e0 di questo caso, tuttavia, \u00e8 il decorso dal maggio 2015. Non ci si aspettava una risposta cos\u00ec buona alla chemioterapia. Nei pazienti con progressione del tumore intraventricolare e deterioramento in termini di idrocefalo acuto (corna temporali visibili, <strong>Fig.&nbsp;1C) <\/strong>, si deve prendere in considerazione una terapia di congestione acuta. In questo modo, si pu\u00f2 valutare in che misura i sintomi sono dovuti alla progressione o alla congestione del tumore, soprattutto se &#8211; come in questo caso &#8211; non sono state esaurite tutte le opzioni di terapia adiuvante e il tumore ha un profilo genetico molecolare predittivamente favorevole. L&#8217;ottima risposta del tumore ricorrente alla chemioterapia \u00e8 probabilmente dovuta all&#8217;ingenuit\u00e0 alla temozolomide, oltre che a fattori genetici molecolari (MGMT-metilato) [2]. Inoltre, la barriera emato-encefalica \u00e8 stata ampiamente disturbata, per cui \u00e8 possibile che ci sia anche una permeabilit\u00e0 particolarmente buona del SNC per la temozolomide. Anche se si tratta di un caso individuale impressionante, questo corso conferma la nostra idea che approcci terapeutici piuttosto controversi dovrebbero essere presi in considerazione anche per i pazienti con tumori cerebrali maligni non completamente trattati.<\/p>\n<p>\nLetteratura:<\/p>\n<ol>\n<li>Stupp R, et al: Radioterapia pi\u00f9 temozolomide concomitante e adiuvante per il glioblastoma. N Engl J Med 2005; 352(10): 987-996.<\/li>\n<li>Stupp R, et al: Glioma di alto grado: Linee guida di pratica clinica ESMO per la diagnosi, il trattamento e il follow-up. Ann Oncol 2014; 25(Suppl 3): iii93-101.<\/li>\n<li>Wen PY, Kesari S: Gliomi maligni negli adulti. N Engl J Med 2008; 359(5): 492-507.<\/li>\n<\/ol>\n<p>\n<em>InFo NEUROLOGIA &amp; PSICHIATRIA 2015; 13(6): 34-35<\/em><\/p>\n","protected":false},"excerpt":{"rendered":"<p>Caso clinico: nel 2009, la paziente, allora 32enne, \u00e8 stata sottoposta alla prima operazione di tumore al cervello (glioblastoma WHO \u00b0IV, DD: astrocitoma anaplastico WHO \u00b0III, Mib-1 10%). Il trattamento&hellip;<\/p>\n","protected":false},"author":7,"featured_media":53805,"comment_status":"closed","ping_status":"","sticky":false,"template":"","format":"standard","meta":{"_acf_changed":false,"pmpro_default_level":"","cat_1_feature_home_top":false,"cat_2_editor_pick":false,"csco_eyebrow_text":"Infame tumore al cervello?  ","footnotes":""},"category":[11528,11371,11550],"tags":[13020,12705,12700],"powerkit_post_featured":[],"class_list":["post-342417","post","type-post","status-publish","format-standard","has-post-thumbnail","category-casi","category-neurologia-it","category-rx-it","tag-chemioterapia","tag-glioblastoma-it","tag-tumore-al-cervello","pmpro-has-access"],"acf":[],"publishpress_future_action":{"enabled":false,"date":"2026-05-09 08:02:38","action":"change-status","newStatus":"draft","terms":[],"taxonomy":"category","extraData":[]},"publishpress_future_workflow_manual_trigger":{"enabledWorkflows":[]},"wpml_current_locale":"it_IT","wpml_translations":{"pt_PT":{"locale":"pt_PT","id":342389,"slug":"volta-inesperada-para-um-doente-com-glioblastoma","post_title":"Volta inesperada para um doente com glioblastoma","href":"https:\/\/medizinonline.com\/pt-pt\/volta-inesperada-para-um-doente-com-glioblastoma\/"},"es_ES":{"locale":"es_ES","id":342398,"slug":"giro-inesperado-para-un-paciente-con-glioblastoma","post_title":"Giro inesperado para un paciente con glioblastoma","href":"https:\/\/medizinonline.com\/es\/giro-inesperado-para-un-paciente-con-glioblastoma\/"}},"_links":{"self":[{"href":"https:\/\/medizinonline.com\/it\/wp-json\/wp\/v2\/posts\/342417","targetHints":{"allow":["GET"]}}],"collection":[{"href":"https:\/\/medizinonline.com\/it\/wp-json\/wp\/v2\/posts"}],"about":[{"href":"https:\/\/medizinonline.com\/it\/wp-json\/wp\/v2\/types\/post"}],"author":[{"embeddable":true,"href":"https:\/\/medizinonline.com\/it\/wp-json\/wp\/v2\/users\/7"}],"replies":[{"embeddable":true,"href":"https:\/\/medizinonline.com\/it\/wp-json\/wp\/v2\/comments?post=342417"}],"version-history":[{"count":0,"href":"https:\/\/medizinonline.com\/it\/wp-json\/wp\/v2\/posts\/342417\/revisions"}],"wp:featuredmedia":[{"embeddable":true,"href":"https:\/\/medizinonline.com\/it\/wp-json\/wp\/v2\/media\/53805"}],"wp:attachment":[{"href":"https:\/\/medizinonline.com\/it\/wp-json\/wp\/v2\/media?parent=342417"}],"wp:term":[{"taxonomy":"category","embeddable":true,"href":"https:\/\/medizinonline.com\/it\/wp-json\/wp\/v2\/category?post=342417"},{"taxonomy":"post_tag","embeddable":true,"href":"https:\/\/medizinonline.com\/it\/wp-json\/wp\/v2\/tags?post=342417"},{"taxonomy":"powerkit_post_featured","embeddable":true,"href":"https:\/\/medizinonline.com\/it\/wp-json\/wp\/v2\/powerkit_post_featured?post=342417"}],"curies":[{"name":"wp","href":"https:\/\/api.w.org\/{rel}","templated":true}]}}