{"id":343358,"date":"2015-05-03T02:00:00","date_gmt":"2015-05-03T00:00:00","guid":{"rendered":"https:\/\/medizinonline.com\/migliore-assistenza-ai-pazienti-anche-per-quanto-riguarda-lo-stress-psicosociale\/"},"modified":"2015-05-03T02:00:00","modified_gmt":"2015-05-03T00:00:00","slug":"migliore-assistenza-ai-pazienti-anche-per-quanto-riguarda-lo-stress-psicosociale","status":"publish","type":"post","link":"https:\/\/medizinonline.com\/it\/migliore-assistenza-ai-pazienti-anche-per-quanto-riguarda-lo-stress-psicosociale\/","title":{"rendered":"Migliore assistenza ai pazienti, anche per quanto riguarda lo stress psicosociale."},"content":{"rendered":"<p><strong>Come psichiatra, ci si confronta con le malattie rare, le cosiddette &#8220;malattie orfane&#8221;, in due modi: In primo luogo, alcune di queste malattie comportano sintomi neuropsichiatrici. I due casi di studio che seguono lo illustreranno. D&#8217;altra parte &#8211; e questo \u00e8 il caso pi\u00f9 frequente &#8211; le malattie rare colpiscono indirettamente la psiche delle persone colpite e dei loro familiari, non da ultimo a causa dei lunghi tempi di attesa e dei percorsi ardui per arrivare alla diagnosi e alla terapia giusta.<\/strong><\/p>\n<p> <!--more--> <\/p>\n<p>Il signor F. era un 42enne sposato e padre di due figli, che aveva sviluppato sintomi depressivi che non rispondevano adeguatamente agli antidepressivi o alla psicoterapia. Sembrava congelato nella sua depressione. Parlava poco, rispondeva per lo pi\u00f9 con frasi brevi e soprattutto mostrava poca attivit\u00e0 spontanea. La moglie ha riferito che lui passa tutto il giorno seduto sulla sedia e si limita a fissarla. L&#8217;anamnesi ha rivelato che sua madre \u00e8 morta precocemente in ospedale, l&#8217;esame clinico ha mostrato movimenti oculari saccadici e la pressione delle dita era pulsatile. Dietro la depressione c&#8217;era la malattia di Huntington, che spesso inizia con uno stato apatico.<\/p>\n<p>La signora S. si \u00e8 recata al pronto soccorso, dicendo che aveva paura di perdere la testa. Dall&#8217;altro ieri, dice, tutto \u00e8 stato cos\u00ec strano, gli alberi hanno improvvisamente delle facce spaventose che le parlano. Non ha avuto alcuno stress, solo una grave influenza intestinale per la terza volta. Le malattie schizofreniche iniziano in modo insidioso o dopo uno stress acuto; inoltre, le persone colpite non hanno la percezione di avere qualcosa che non va. La signora S., invece, era consapevole che la sua percezione non era corretta e che l&#8217;inizio della malattia era stato brusco. Quando le \u00e8 stato chiesto, ha spiegato che ogni &#8220;influenza intestinale&#8221; era associata a queste delusioni. Soffriva di porfiria acuta intermittente.<\/p>\n<p>Come psichiatra, tuttavia, ci si confronta quasi pi\u00f9 spesso con un altro aspetto delle malattie rare: Le persone colpite, e soprattutto i loro familiari, sono sottoposti a una grande tensione psicologica e psicosociale. Di solito ci vuole molto tempo prima che venga fatta la diagnosi corretta. Ci sono sempre contatti con il sistema medico, in cui le persone colpite si &#8220;imbattono&#8221;. I primi due episodi di porfiria della paziente sopra menzionata non sono stati classificati correttamente &#8211; alla paziente \u00e8 stato detto che era disidratata nel contesto dell&#8217;influenza gastrointestinale e che probabilmente soffriva di un certo &#8220;stress&#8221;. Ecco perch\u00e9 all&#8217;inizio esitava a farsi aiutare durante il terzo episodio, perch\u00e9 pensava che avrebbero pensato che fosse di nuovo &#8220;troppo sensibile&#8221;.<\/p>\n<h2 id=\"percorsi-difficili-mancanza-di-competenza\">Percorsi difficili, mancanza di competenza<\/h2>\n<p>Tuttavia, spesso \u00e8 difficile trovare persone di riferimento competenti per queste malattie rare in Svizzera. Il punto di forza del sistema sanitario svizzero \u00e8 la sua profonda regionalizzazione. Questo \u00e8 ideale per le malattie comuni, ma piuttosto problematico per le malattie rare. Leggendo i forum del movimento delle persone colpite, diventa chiaro quanto sia difficile il percorso per cercare un trattamento adeguato &#8211; e per finanziarlo. Le spese mediche spesso non sono coperte e le assicurazioni sociali sono orientate anche alle malattie comuni, non a quelle rare. Pi\u00f9 volte, le famiglie colpite devono pagare da sole una parte considerevole dell&#8217;assistenza o sono coinvolte in lunghe controversie legali con il sistema assicurativo e dei servizi sociali. Questo elevato stress psicologico e sociale significa che le persone colpite, ma anche i loro parenti, hanno un rischio notevolmente aumentato di disturbi dell&#8217;adattamento, depressione da esaurimento o persino disturbi del sonno.<\/p>\n<h2 id=\"curare-i-pazienti-in-modo-piu-completo\">Curare i pazienti in modo pi\u00f9 completo<\/h2>\n<p>A questo proposito, i pazienti e i loro familiari desiderano un&#8217;assistenza completa che copra anche gli aspetti dello stress psicosociale. Questa assistenza \u00e8 fornita, da un lato, dai centri specializzati e, soprattutto, anche dalle organizzazioni di auto-aiuto e delle persone colpite. Tuttavia, tale assistenza \u00e8 desiderata dai pazienti e dai loro parenti soprattutto attraverso voi, i loro medici di famiglia.<\/p>\n<p><em><strong>Thomas Ihde, MD<\/strong><\/em><\/p>\n<p><em>Autore delle guide per gli osservatori &#8220;Ganz normal anders &#8211; alles \u00fcber psychische Erkrankungen&#8221; (2013) e &#8220;Wenn die Psyche streikt &#8211; psychische Gesundheit am Arbeitsplatz&#8221; (pubblicato l&#8217;8\/2015).<\/em><\/p>\n","protected":false},"excerpt":{"rendered":"<p>Come psichiatra, ci si confronta con le malattie rare, le cosiddette &#8220;malattie orfane&#8221;, in due modi: In primo luogo, alcune di queste malattie comportano sintomi neuropsichiatrici. I due casi di&hellip;<\/p>\n","protected":false},"author":7,"featured_media":50434,"comment_status":"closed","ping_status":"","sticky":false,"template":"","format":"standard","meta":{"_acf_changed":false,"pmpro_default_level":"","cat_1_feature_home_top":false,"cat_2_editor_pick":false,"csco_eyebrow_text":"Aspetti psichiatrici delle malattie rare","footnotes":""},"category":[11306,11511,11479,11550],"tags":[14677,22209],"powerkit_post_featured":[],"class_list":["post-343358","post","type-post","status-publish","format-standard","has-post-thumbnail","category-medicina-interna-generale","category-notizie","category-psichiatria-e-psicoterapia","category-rx-it","tag-depressione","tag-malattie-orfane","pmpro-has-access"],"acf":[],"publishpress_future_action":{"enabled":false,"date":"2026-05-03 17:11:21","action":"change-status","newStatus":"draft","terms":[],"taxonomy":"category","extraData":[]},"publishpress_future_workflow_manual_trigger":{"enabledWorkflows":[]},"wpml_current_locale":"it_IT","wpml_translations":{"pt_PT":{"locale":"pt_PT","id":343361,"slug":"melhor-tratamento-dos-doentes-tambem-no-que-diz-respeito-ao-stress-psicossocial","post_title":"Melhor tratamento dos doentes - tamb\u00e9m no que diz respeito ao stress psicossocial","href":"https:\/\/medizinonline.com\/pt-pt\/melhor-tratamento-dos-doentes-tambem-no-que-diz-respeito-ao-stress-psicossocial\/"},"es_ES":{"locale":"es_ES","id":343367,"slug":"mejor-atencion-a-los-pacientes-tambien-en-lo-que-respecta-al-estres-psicosocial","post_title":"Mejor atenci\u00f3n a los pacientes - tambi\u00e9n en lo que respecta al estr\u00e9s psicosocial","href":"https:\/\/medizinonline.com\/es\/mejor-atencion-a-los-pacientes-tambien-en-lo-que-respecta-al-estres-psicosocial\/"}},"_links":{"self":[{"href":"https:\/\/medizinonline.com\/it\/wp-json\/wp\/v2\/posts\/343358","targetHints":{"allow":["GET"]}}],"collection":[{"href":"https:\/\/medizinonline.com\/it\/wp-json\/wp\/v2\/posts"}],"about":[{"href":"https:\/\/medizinonline.com\/it\/wp-json\/wp\/v2\/types\/post"}],"author":[{"embeddable":true,"href":"https:\/\/medizinonline.com\/it\/wp-json\/wp\/v2\/users\/7"}],"replies":[{"embeddable":true,"href":"https:\/\/medizinonline.com\/it\/wp-json\/wp\/v2\/comments?post=343358"}],"version-history":[{"count":0,"href":"https:\/\/medizinonline.com\/it\/wp-json\/wp\/v2\/posts\/343358\/revisions"}],"wp:featuredmedia":[{"embeddable":true,"href":"https:\/\/medizinonline.com\/it\/wp-json\/wp\/v2\/media\/50434"}],"wp:attachment":[{"href":"https:\/\/medizinonline.com\/it\/wp-json\/wp\/v2\/media?parent=343358"}],"wp:term":[{"taxonomy":"category","embeddable":true,"href":"https:\/\/medizinonline.com\/it\/wp-json\/wp\/v2\/category?post=343358"},{"taxonomy":"post_tag","embeddable":true,"href":"https:\/\/medizinonline.com\/it\/wp-json\/wp\/v2\/tags?post=343358"},{"taxonomy":"powerkit_post_featured","embeddable":true,"href":"https:\/\/medizinonline.com\/it\/wp-json\/wp\/v2\/powerkit_post_featured?post=343358"}],"curies":[{"name":"wp","href":"https:\/\/api.w.org\/{rel}","templated":true}]}}