{"id":343500,"date":"2015-04-13T02:00:00","date_gmt":"2015-04-13T00:00:00","guid":{"rendered":"https:\/\/medizinonline.com\/varicella-non-guarita\/"},"modified":"2015-04-13T02:00:00","modified_gmt":"2015-04-13T00:00:00","slug":"varicella-non-guarita","status":"publish","type":"post","link":"https:\/\/medizinonline.com\/it\/varicella-non-guarita\/","title":{"rendered":"Varicella non guarita?"},"content":{"rendered":"<p><strong><em>Caso clinico: <\/em>Il paziente di quattro anni nella Figura&nbsp;1 ha presentato papule episodiche e vescicole crostose emorragiche. La madre ha riferito che tre o quattro mesi prima erano comparsi per la prima volta dei &#8220;brufoli&#8221; appena pruriginosi, soprattutto sul d\u00e9collet\u00e9 e sul tronco. Da allora, si sono verificate ripetute ricadute. Durante una vacanza al mare, la condizione della pelle era migliorata notevolmente, ma in seguito, a casa, si sono verificati di nuovo episodi pi\u00f9 gravi e pronunciati. La ragazza \u00e8 sempre stata nelle migliori condizioni generali, ha riferito solo un prurito minimo ed \u00e8 stata difficilmente colpita dalle lesioni cutanee. L&#8217;anamnesi personale e familiare precedente era irrilevante.<\/strong><\/p>\n<p> <!--more--> <\/p>\n<p><strong>Risultati:<\/strong> si osservano estese papule eritematose, in parte emorragiche e incrostate su tutto il tegumento, con particolare attenzione al tronco. Il viso, le membrane mucose e il capillizio sono omessi<strong> (Fig.&nbsp;1)<\/strong>.<\/p>\n<p>&nbsp;<\/p>\n<p><img fetchpriority=\"high\" decoding=\"async\" class=\" size-full wp-image-5360\" alt=\"\" src=\"https:\/\/medizinonline.com\/wp-content\/uploads\/2015\/04\/abb1_26.jpg\" style=\"height:477px; width:400px\" width=\"1100\" height=\"1311\"><\/p>\n<h2 id=\"quiz\">Quiz<\/h2>\n<p><strong>In base a queste informazioni, quale diagnosi \u00e8 pi\u00f9 probabile?<br \/>\nA<\/strong> Varicella<br \/>\n<strong>B<\/strong> Papulosi linfomatoide (LyP)<br \/>\n<strong>C<\/strong> Reazione alla puntura di insetto<br \/>\n<strong>D<\/strong> Pityriasis lichenoides et varioliformis acuta (PLEVA)<br \/>\n<strong>E <\/strong>Istiocitosi a cellule di Langerhans<br \/>\nSindrome di <strong>F<\/strong> Gianotti-Crosti<\/p>\n<p><strong>Diagnosi e discussione:<\/strong> L&#8217;anamnesi e il quadro clinico sono altamente caratteristici per la presenza di pitiriasi lichenoide e varioliforme acuta (PLEVA) (risposta D). \u00c8 stata eseguita una biopsia per confermare la diagnosi ed escludere altre diagnosi differenziali. Questo ha rivelato una massiccia dermatite di interfaccia con cheratinociti multipli apoptotici e un infiltrato infiammatorio linfoistiocitario nel corium superiore e medio, coerente con la diagnosi sospetta di PLEVA.<\/p>\n<p>Oltre agli steroidi topici, inizialmente abbiamo utilizzato una terapia perorale con eritromicina p.o. (40&nbsp;mg\/kg\/KG per tre settimane). Purtroppo, la terapia antinfiammatoria non ha portato a un miglioramento significativo della condizione della pelle. Tuttavia, nell&#8217;anno e mezzo successivo, le ricadute sono diventate molto meno frequenti. In contrasto con la presentazione iniziale con vescicole e papule incrostate emorragiche, ora c&#8217;erano papule sempre pi\u00f9 eritematose con una squama centrale oblata e lesioni ipopigmentate disseminate, coerenti con la transizione alla pitiriasi lichenoide cronica (PLC, <strong>Fig.&nbsp;2)<\/strong>.<\/p>\n<p><img decoding=\"async\" class=\"size-full wp-image-5361 lazyload\" alt=\"\" data-src=\"https:\/\/medizinonline.com\/wp-content\/uploads\/2015\/04\/abb2_26.jpg\" style=\"--smush-placeholder-width: 1029px; --smush-placeholder-aspect-ratio: 1029\/1224;height:476px; width:400px\" width=\"1029\" height=\"1224\" src=\"data:image\/svg+xml;base64,PHN2ZyB3aWR0aD0iMSIgaGVpZ2h0PSIxIiB4bWxucz0iaHR0cDovL3d3dy53My5vcmcvMjAwMC9zdmciPjwvc3ZnPg==\"><\/p>\n<p>\nLa pitiriasi lichenoide con le sue due manifestazioni cliniche, PLEVA e PLC, non \u00e8 rara nell&#8217;infanzia, con la PLEVA che mostra un picco di malattia tra i due e i tre anni di et\u00e0, e la PLC tra i cinque e i sette anni di et\u00e0. Tuttavia, l&#8217;evento \u00e8 possibile a qualsiasi et\u00e0. Di norma, ci si aspetta una guarigione spontanea e la malattia pu\u00f2 durare da poche settimane a diversi anni. Uno studio retrospettivo su 71 bambini con PLEVA [1] ha mostrato una durata mediana della malattia di 18 mesi (4-108). Come nel nostro paziente, le lesioni della PLEVA e della PLC possono essere presenti contemporaneamente [2] e alla fine progredire verso la PLC, anche se la PLC pu\u00f2 essere gi\u00e0 presente inizialmente senza lesioni acute.<\/p>\n<p>La patogenesi e l&#8217;eziologia rimangono sconosciute. In genere, oggi si ipotizza una reazione di ipersensibilit\u00e0 reattiva, probabilmente provocata da un&#8217;infezione. Poich\u00e9 a volte si trovano anche sottopopolazioni clonali di cellule T negli infiltrati, la PLEVA viene anche discussa come una malattia linfoproliferativa primaria, ma questo non \u00e8 ancora stato chiaramente confermato [1].<\/p>\n<p>La transizione della pitiriasi lichenoide in un linfoma cutaneo a cellule T solitamente CD 30+ \u00e8 stata descritta nella letteratura precedente [3]. Tuttavia, questo aspetto \u00e8 discusso in modo controverso ed \u00e8 probabile che corrisponda &#8211; se mai &#8211; a casi individuali. Questi pazienti potrebbero aver avuto una papulosi linfomatoide al basale, un&#8217;importante diagnosi differenziale della PLEVA.<br \/>\nSe si sospetta la PLEVA, si consiglia di eseguire una piccola biopsia cutanea, oltre a un controllo di laboratorio (emocromo differenziale e chimica di routine) per confermare la diagnosi. Se i risultati sono irrilevanti, non sono necessarie ulteriori misure diagnostiche.<\/p>\n<p>I dati sulla terapia della PLEVA nei bambini sono limitati; generalmente, si raccomanda una terapia con antibiotici macrolidi (eritromicina 30-50&nbsp;mg\/kg\/d per tre settimane, nei bambini pi\u00f9 grandi anche tetracicline). In questo caso, l&#8217;attenzione si concentra sull&#8217;effetto antinfiammatorio degli antibiotici macrolidi. Nei decorsi resistenti alla terapia o cronici, si pu\u00f2 prendere in considerazione la fototerapia con UVB 311 nb, soprattutto nei bambini e negli adolescenti pi\u00f9 grandi. Rari casi altamente acuti richiedono steroidi sistemici, nel migliore dei casi in combinazione con il metotrexato.<\/p>\n<p>A causa del decorso cronico del nostro paziente, abbiamo discusso con la famiglia l&#8217;inizio della terapia della luce, ma finora \u00e8 stata rifiutata con pochissima sofferenza.<\/p>\n<p>&nbsp;<\/p>\n<p>Letteratura:<\/p>\n<ol>\n<li>Ersoy-Evans S, et al: Pitiriasi lichenoide nell&#8217;infanzia: una revisione retrospettiva di 124 pazienti. Giornale dell&#8217;Accademia Americana di Dermatologia 2007; 56: 205-210.<\/li>\n<li>Fernandes NF, et al: Pityriasis lichenoides et varioliformis acuta: uno spettro di malattia. Rivista internazionale di dermatologia 2010; 49: 257-261.<\/li>\n<li>Fortson JS, Schroeter AL, Esterly NB: Linfoma cutaneo a cellule T (parapsoriasi a placche). Un&#8217;associazione<\/li>\n<li>con pityriasis lichenoides et varioliformis acuta nei bambini piccoli. Archivi di dermatologia 1990; 126: 1449-1453.<\/li>\n<\/ol>\n<p><em>PRATICA DERMATOLOGICA 2015; 25(1): 26-27<\/em><\/p>\n","protected":false},"excerpt":{"rendered":"<p>Caso clinico: Il paziente di quattro anni nella Figura&nbsp;1 ha presentato papule episodiche e vescicole crostose emorragiche. La madre ha riferito che tre o quattro mesi prima erano comparsi per&hellip;<\/p>\n","protected":false},"author":5,"featured_media":49688,"comment_status":"closed","ping_status":"","sticky":false,"template":"","format":"standard","meta":{"_acf_changed":false,"pmpro_default_level":"","cat_1_feature_home_top":false,"cat_2_editor_pick":false,"csco_eyebrow_text":"Papule intermittenti e vescicole emorragiche incrostate","footnotes":""},"category":[11528,11351,11415,11443,11550],"tags":[39941,47272,47268,47261,12646,40182,47254,37385],"powerkit_post_featured":[],"class_list":["post-343500","post","type-post","status-publish","format-standard","has-post-thumbnail","category-casi","category-dermatologia-e-venereologia","category-infettivologia","category-pediatria-it","category-rx-it","tag-papule","tag-pitiriasi","tag-plc-it","tag-pleva-it","tag-prurito","tag-steroidi-it","tag-uvb-it","tag-varicella-it-3","pmpro-has-access"],"acf":[],"publishpress_future_action":{"enabled":false,"date":"2026-05-08 09:18:43","action":"change-status","newStatus":"draft","terms":[],"taxonomy":"category","extraData":[]},"publishpress_future_workflow_manual_trigger":{"enabledWorkflows":[]},"wpml_current_locale":"it_IT","wpml_translations":{"pt_PT":{"locale":"pt_PT","id":343516,"slug":"varicela-nao-cicatrizante","post_title":"Varicela n\u00e3o cicatrizante?","href":"https:\/\/medizinonline.com\/pt-pt\/varicela-nao-cicatrizante\/"},"es_ES":{"locale":"es_ES","id":343527,"slug":"varicela-que-no-cicatriza","post_title":"\u00bfVaricela que no cicatriza?","href":"https:\/\/medizinonline.com\/es\/varicela-que-no-cicatriza\/"}},"_links":{"self":[{"href":"https:\/\/medizinonline.com\/it\/wp-json\/wp\/v2\/posts\/343500","targetHints":{"allow":["GET"]}}],"collection":[{"href":"https:\/\/medizinonline.com\/it\/wp-json\/wp\/v2\/posts"}],"about":[{"href":"https:\/\/medizinonline.com\/it\/wp-json\/wp\/v2\/types\/post"}],"author":[{"embeddable":true,"href":"https:\/\/medizinonline.com\/it\/wp-json\/wp\/v2\/users\/5"}],"replies":[{"embeddable":true,"href":"https:\/\/medizinonline.com\/it\/wp-json\/wp\/v2\/comments?post=343500"}],"version-history":[{"count":0,"href":"https:\/\/medizinonline.com\/it\/wp-json\/wp\/v2\/posts\/343500\/revisions"}],"wp:featuredmedia":[{"embeddable":true,"href":"https:\/\/medizinonline.com\/it\/wp-json\/wp\/v2\/media\/49688"}],"wp:attachment":[{"href":"https:\/\/medizinonline.com\/it\/wp-json\/wp\/v2\/media?parent=343500"}],"wp:term":[{"taxonomy":"category","embeddable":true,"href":"https:\/\/medizinonline.com\/it\/wp-json\/wp\/v2\/category?post=343500"},{"taxonomy":"post_tag","embeddable":true,"href":"https:\/\/medizinonline.com\/it\/wp-json\/wp\/v2\/tags?post=343500"},{"taxonomy":"powerkit_post_featured","embeddable":true,"href":"https:\/\/medizinonline.com\/it\/wp-json\/wp\/v2\/powerkit_post_featured?post=343500"}],"curies":[{"name":"wp","href":"https:\/\/api.w.org\/{rel}","templated":true}]}}