{"id":343781,"date":"2015-02-04T01:00:00","date_gmt":"2015-02-04T00:00:00","guid":{"rendered":"https:\/\/medizinonline.com\/evento-convulsivo-nel-contesto-della-meningite\/"},"modified":"2015-02-04T01:00:00","modified_gmt":"2015-02-04T00:00:00","slug":"evento-convulsivo-nel-contesto-della-meningite","status":"publish","type":"post","link":"https:\/\/medizinonline.com\/it\/evento-convulsivo-nel-contesto-della-meningite\/","title":{"rendered":"Evento convulsivo nel contesto della meningite"},"content":{"rendered":"<p><strong><em>Caso clin <\/em>ico: un uomo di 30 anni con un&#8217;anamnesi medica non rilevante ha avuto una crisi clonica focale dell&#8217;arto superiore sinistro, secondariamente generalizzata. Cinque giorni prima, il paziente ha avuto una febbre (38,6\u00b0) con sintomi di raffreddore. L&#8217;esame fisico era irrilevante, a parte un morso alla lingua, l&#8217;EEG normale. La puntura del liquor ha mostrato una pleocitosi linfocitaria, livelli di glucosio normali e proteine leggermente elevate.<\/strong><\/p>\n<p> <!--more--> <\/p>\n<p>La risonanza magnetica del cranio eseguita cinque giorni dopo la crisi ha mostrato anomalie nel giro dei cingoli destro e nel corpo calloso, nel senso di edema; non c&#8217;era diffusione limitata, n\u00e9 emorragia, n\u00e9 captazione di contrasto. Le alterazioni parenchimali erano localizzate nel territorio di una DVA (&#8220;anomalia venosa dello sviluppo&#8221;) che drenava nel seno sagittale superiore <strong>(Fig. 1) <\/strong>. La risonanza magnetica di perfusione ha mostrato segni di ipertensione venosa nel territorio drenato dal DVA <strong>(Fig. 2)<\/strong>.<\/p>\n<p><img fetchpriority=\"high\" decoding=\"async\" class=\" size-full wp-image-5202\" alt=\"\" src=\"https:\/\/medizinonline.com\/wp-content\/uploads\/2015\/02\/abb1_np1_s24.jpg\" style=\"height:265px; width:600px\" width=\"1100\" height=\"485\"><\/p>\n<p><img decoding=\"async\" class=\"size-full wp-image-5203 lazyload\" alt=\"\" data-src=\"https:\/\/medizinonline.com\/wp-content\/uploads\/2015\/02\/abb2_np1_s25_0.jpg\" style=\"--smush-placeholder-width: 1100px; --smush-placeholder-aspect-ratio: 1100\/506;height:276px; width:600px\" width=\"1100\" height=\"506\" data-srcset=\"https:\/\/medizinonline.com\/wp-content\/uploads\/2015\/02\/abb2_np1_s25_0.jpg 1100w, https:\/\/medizinonline.com\/wp-content\/uploads\/2015\/02\/abb2_np1_s25_0-800x368.jpg 800w, https:\/\/medizinonline.com\/wp-content\/uploads\/2015\/02\/abb2_np1_s25_0-120x55.jpg 120w, https:\/\/medizinonline.com\/wp-content\/uploads\/2015\/02\/abb2_np1_s25_0-90x41.jpg 90w, https:\/\/medizinonline.com\/wp-content\/uploads\/2015\/02\/abb2_np1_s25_0-320x147.jpg 320w, https:\/\/medizinonline.com\/wp-content\/uploads\/2015\/02\/abb2_np1_s25_0-560x258.jpg 560w\" data-sizes=\"(max-width: 1100px) 100vw, 1100px\" src=\"data:image\/svg+xml;base64,PHN2ZyB3aWR0aD0iMSIgaGVpZ2h0PSIxIiB4bWxucz0iaHR0cDovL3d3dy53My5vcmcvMjAwMC9zdmciPjwvc3ZnPg==\" \/><\/p>\n<p>L&#8217;angiografia a sottrazione digitale (DSA) ha mostrato anche segni di ipertensione venosa e stenosi della vena collettrice senza segni di trombosi<strong> (Fig. 3)<\/strong>.<\/p>\n<p><img decoding=\"async\" class=\"size-full wp-image-5204 lazyload\" alt=\"\" data-src=\"https:\/\/medizinonline.com\/wp-content\/uploads\/2015\/02\/abb3_np1_s25.jpg\" style=\"--smush-placeholder-width: 1100px; --smush-placeholder-aspect-ratio: 1100\/547;height:298px; width:600px\" width=\"1100\" height=\"547\" src=\"data:image\/svg+xml;base64,PHN2ZyB3aWR0aD0iMSIgaGVpZ2h0PSIxIiB4bWxucz0iaHR0cDovL3d3dy53My5vcmcvMjAwMC9zdmciPjwvc3ZnPg==\"><\/p>\n<p>Il paziente si \u00e8 ripreso bene con la terapia sintomatica. Le risonanze magnetiche di follow-up dopo uno e 20 mesi hanno mostrato una lenta regressione delle anomalie morfologiche nel giro del cingolo destro, con un cambiamento persistente del segnale iperintenso FLAIR-w nella barra adiacente, espressione di una presunta gliosi <strong>(Fig. 4)<\/strong>.<\/p>\n<p><img decoding=\"async\" class=\"size-full wp-image-5205 lazyload\" alt=\"\" data-src=\"https:\/\/medizinonline.com\/wp-content\/uploads\/2015\/02\/abb4_np1_s25_0.jpg\" style=\"--smush-placeholder-width: 1100px; --smush-placeholder-aspect-ratio: 1100\/429;height:234px; width:600px\" width=\"1100\" height=\"429\" data-srcset=\"https:\/\/medizinonline.com\/wp-content\/uploads\/2015\/02\/abb4_np1_s25_0.jpg 1100w, https:\/\/medizinonline.com\/wp-content\/uploads\/2015\/02\/abb4_np1_s25_0-800x312.jpg 800w, https:\/\/medizinonline.com\/wp-content\/uploads\/2015\/02\/abb4_np1_s25_0-120x47.jpg 120w, https:\/\/medizinonline.com\/wp-content\/uploads\/2015\/02\/abb4_np1_s25_0-90x35.jpg 90w, https:\/\/medizinonline.com\/wp-content\/uploads\/2015\/02\/abb4_np1_s25_0-320x125.jpg 320w, https:\/\/medizinonline.com\/wp-content\/uploads\/2015\/02\/abb4_np1_s25_0-560x218.jpg 560w\" data-sizes=\"(max-width: 1100px) 100vw, 1100px\" src=\"data:image\/svg+xml;base64,PHN2ZyB3aWR0aD0iMSIgaGVpZ2h0PSIxIiB4bWxucz0iaHR0cDovL3d3dy53My5vcmcvMjAwMC9zdmciPjwvc3ZnPg==\" \/><\/p>\n<p><strong>Discussione<\/strong>: Le DVA sono le malformazioni neurovascolari pi\u00f9 comuni. Possono essere intesi come una riconfigurazione dell&#8217;angioarchitettura venosa. Un DVA \u00e8 responsabile del drenaggio venoso di un territorio e pertanto non pu\u00f2 essere resecato o pu\u00f2 essere resecato solo con le conseguenze di un infarto venoso.<\/p>\n<p>Sebbene i DVA siano di solito asintomatici, non di rado sono associati ad anomalie parenchimali locoregionali, come atrofia, cavernoma o persino calcificazioni distrofiche, cambiamenti che possono essere facilmente rilevati con una TAC o una risonanza magnetica. Lo sviluppo dell&#8217;ipertensione venosa dovuta alla DVA pu\u00f2 essere causato da diversi fattori. In primo luogo, una singola vena drena un territorio venoso anormalmente ampio; in secondo luogo, \u00e8 stato dimostrato che le pareti di queste vene sono ispessite con una ridotta compliance vascolare e, infine, pu\u00f2 esserci una stenosi della vena collettrice drenante.<\/p>\n<p>Nella stragrande maggioranza dei casi la DVA rimane asintomatica, ma raramente pu\u00f2 diventare sintomatica a causa della trombosi; in questi casi si somministra l&#8217;anticoagulazione come nella trombosi venosa corticale. Le crisi epilettiche dovute a un cavernoma associato sono la manifestazione pi\u00f9 comune. Nel caso presentato, la DVA era sintomatica senza evidenza di cavernoma o trombosi. \u00c8 probabile che la meningite abbia abbassato la soglia delle crisi.<\/p>\n<p><strong>Riassunto <\/strong>: le DVA sono molto spesso rilevate dalla diagnostica per immagini e rimangono asintomatiche nella stragrande maggioranza dei casi. Come variazione della normale angioarchitettura venosa, possono portare a un&#8217;ipertensione venosa locoregionale con corrispondenti alterazioni parenchimali.<\/p>\n<p><em>Letteratura:<\/em><\/p>\n<ol>\n<li>Lasjaunias P, Burrows P, Planet C: Anomalie venose dello sviluppo (DVA): il cosiddetto angioma venoso. Neurosurg Rev 1986; 9: 233-242.<\/li>\n<li>Dillon WP: Malformazioni vascolari criptiche: controversie nella terminologia, diagnosi, fisiopatologia e trattamento. AJNR Am J Neuroradiol 1997; 18: 1839-1846<\/li>\n<li>San Millan Ruiz D, et al: Anomalie parenchimali associate ad anomalie venose dello sviluppo. Neuroradiologia 2007; 49: 987-995.<\/li>\n<li>San Millan Ruiz D, Yilmaz H, Gailloud P: Anomalie venose dello sviluppo cerebrale: concetti attuali. Ann Neurol 2009; 66: 271-283.<\/li>\n<\/ol>\n<p><em>InFo NEUROLOGIA &amp; PSICHIATRIA 2015; 13(1): 24-25<\/em><\/p>\n","protected":false},"excerpt":{"rendered":"<p>Caso clin ico: un uomo di 30 anni con un&#8217;anamnesi medica non rilevante ha avuto una crisi clonica focale dell&#8217;arto superiore sinistro, secondariamente generalizzata. Cinque giorni prima, il paziente ha&hellip;<\/p>\n","protected":false},"author":7,"featured_media":49078,"comment_status":"closed","ping_status":"","sticky":false,"template":"","format":"standard","meta":{"_acf_changed":false,"pmpro_default_level":"","cat_1_feature_home_top":false,"cat_2_editor_pick":false,"csco_eyebrow_text":"DVA cerebrale (\"anomalia venosa dello sviluppo\")  ","footnotes":""},"category":[11528,11371,11484,11550],"tags":[48243,27927,48251],"powerkit_post_featured":[],"class_list":["post-343781","post","type-post","status-publish","format-standard","has-post-thumbnail","category-casi","category-neurologia-it","category-radiologia-it","category-rx-it","tag-dva-it","tag-meningite-it","tag-pleocitosi","pmpro-has-access"],"acf":[],"publishpress_future_action":{"enabled":false,"date":"2026-05-04 10:14:04","action":"change-status","newStatus":"draft","terms":[],"taxonomy":"category","extraData":[]},"publishpress_future_workflow_manual_trigger":{"enabledWorkflows":[]},"wpml_current_locale":"it_IT","wpml_translations":{"pt_PT":{"locale":"pt_PT","id":343792,"slug":"evento-de-apreensao-no-contexto-de-meningite","post_title":"Evento de apreens\u00e3o no contexto de meningite","href":"https:\/\/medizinonline.com\/pt-pt\/evento-de-apreensao-no-contexto-de-meningite\/"},"es_ES":{"locale":"es_ES","id":343796,"slug":"evento-convulsivo-en-el-contexto-de-una-meningitis","post_title":"Evento convulsivo en el contexto de una meningitis","href":"https:\/\/medizinonline.com\/es\/evento-convulsivo-en-el-contexto-de-una-meningitis\/"}},"_links":{"self":[{"href":"https:\/\/medizinonline.com\/it\/wp-json\/wp\/v2\/posts\/343781","targetHints":{"allow":["GET"]}}],"collection":[{"href":"https:\/\/medizinonline.com\/it\/wp-json\/wp\/v2\/posts"}],"about":[{"href":"https:\/\/medizinonline.com\/it\/wp-json\/wp\/v2\/types\/post"}],"author":[{"embeddable":true,"href":"https:\/\/medizinonline.com\/it\/wp-json\/wp\/v2\/users\/7"}],"replies":[{"embeddable":true,"href":"https:\/\/medizinonline.com\/it\/wp-json\/wp\/v2\/comments?post=343781"}],"version-history":[{"count":0,"href":"https:\/\/medizinonline.com\/it\/wp-json\/wp\/v2\/posts\/343781\/revisions"}],"wp:featuredmedia":[{"embeddable":true,"href":"https:\/\/medizinonline.com\/it\/wp-json\/wp\/v2\/media\/49078"}],"wp:attachment":[{"href":"https:\/\/medizinonline.com\/it\/wp-json\/wp\/v2\/media?parent=343781"}],"wp:term":[{"taxonomy":"category","embeddable":true,"href":"https:\/\/medizinonline.com\/it\/wp-json\/wp\/v2\/category?post=343781"},{"taxonomy":"post_tag","embeddable":true,"href":"https:\/\/medizinonline.com\/it\/wp-json\/wp\/v2\/tags?post=343781"},{"taxonomy":"powerkit_post_featured","embeddable":true,"href":"https:\/\/medizinonline.com\/it\/wp-json\/wp\/v2\/powerkit_post_featured?post=343781"}],"curies":[{"name":"wp","href":"https:\/\/api.w.org\/{rel}","templated":true}]}}