{"id":344520,"date":"2014-09-25T13:38:44","date_gmt":"2014-09-25T11:38:44","guid":{"rendered":"https:\/\/medizinonline.com\/quali-sono-i-segnali-di-allarme-di-cui-bisogna-essere-consapevoli\/"},"modified":"2014-09-25T13:38:44","modified_gmt":"2014-09-25T11:38:44","slug":"quali-sono-i-segnali-di-allarme-di-cui-bisogna-essere-consapevoli","status":"publish","type":"post","link":"https:\/\/medizinonline.com\/it\/quali-sono-i-segnali-di-allarme-di-cui-bisogna-essere-consapevoli\/","title":{"rendered":"Quali sono i segnali di allarme di cui bisogna essere consapevoli?"},"content":{"rendered":"<p><strong>Un sistema immunitario funzionante \u00e8 fondamentale. Nelle immunodeficienze congenite e acquisite, una parte del sistema immunitario non funziona o \u00e8 completamente assente. Le immunodeficienze congenite sono rare. Circa una persona su 1000 in Svizzera \u00e8 affetta da una forma pi\u00f9 lieve di immunodeficienza congenita e circa una su 10.000 da una forma grave. In linea di massima, con le immunodeficienze congenite possono verificarsi tre problemi principali: Difesa compromessa contro le infezioni, disregolazione immunitaria (ad esempio, malattie autoimmuni e sindromi autoinfiammatorie) e aumento del rischio di malignit\u00e0.<\/strong><\/p>\n<p> <!--more--> <\/p>\n<p>Poich\u00e9 le immunodeficienze congenite sono rare e possono presentarsi in modi molto diversi, spesso vengono riconosciute solo in una fase avanzata. Nei bambini, la diagnosi \u00e8 ancora pi\u00f9 difficile perch\u00e9 sono fisiologicamente pi\u00f9 propensi a contrarre infezioni a causa del loro sistema immunitario immaturo. Un&#8217;anamnesi dettagliata, un esame fisico e la successiva esecuzione di una diagnostica di laboratorio mirata sono indispensabili per fare una diagnosi. Se c&#8217;\u00e8 il sospetto di un&#8217;alterata difesa contro le infezioni, i seguenti segnali d&#8217;allarme dovrebbero farla alzare in piedi e portare la questione a un consulto specialistico per un chiarimento:<\/p>\n<ol>\n<li>Otto o pi\u00f9 infezioni purulente dell&#8217;orecchio medio nell&#8217;arco di un anno<\/li>\n<li>Due o pi\u00f9 infezioni sinusali gravi nell&#8217;arco di un anno<\/li>\n<li>Due o pi\u00f9 polmoniti nell&#8217;arco di un anno<\/li>\n<li>Ascessi profondi ripetuti (raccolte di pus) della pelle e\/o di altri organi.<\/li>\n<li>Due o pi\u00f9 infezioni degli organi interni (ad esempio, meningite, avvelenamento del sangue).<\/li>\n<li>Infezioni ripetute o estese da germi normalmente innocui (ad esempio, micobatteri atipici).<\/li>\n<li>Infezione fungina delle membrane mucose della bocca o di altre aree della pelle, oltre il primo anno di vita.<\/li>\n<li>Assunzione di antibiotici per due mesi senza miglioramenti significativi<\/li>\n<li>Insufficienza nella crescita<\/li>\n<li>Immunodeficienze congenite in altri membri della famiglia<\/li>\n<li>Malattie infettive causate da agenti patogeni attenuati nelle vaccinazioni vive (morbillo, varicella,&nbsp; poliomielite, tubercolosi, rotavirus)<\/li>\n<li>Arrossamento cronico inspiegabile della pelle in tutto il corpo nei neonati, soprattutto sui palmi delle mani e sulle piante dei piedi (malattia del trapianto contro l&#8217;ospite).<\/li>\n<\/ol>\n<p>Le immunodeficienze congenite possono essere suddivise in otto gruppi principali (vedere i capitoli seguenti). Queste, a loro volta, sono infine suddivise nelle singole malattie da immunodeficienza, che sono in totale oltre 200.<\/p>\n<h2 id=\"gruppi-principali-di-immunodeficienze-congenite\">Gruppi principali di immunodeficienze congenite<\/h2>\n<p>Sindromi da carenza di anticorpi: le sindromi da carenza di anticorpi, i cosiddetti &#8220;deficit prevalentemente anticorpali&#8221;, rappresentano il gruppo pi\u00f9 numeroso di immunodeficienze congenite sia a livello mondiale che in Svizzera. La maggior parte di questi pazienti soffre di CVID (&#8220;immunodeficienza comune variabile&#8221;), che si manifesta principalmente all&#8217;inizio dell&#8217;et\u00e0 scolare o nella giovane et\u00e0 adulta ed \u00e8 caratterizzata da frequenti infezioni batteriche del tratto respiratorio o gastrointestinale, nonch\u00e9 da un aumento del rischio di autoimmunit\u00e0 e di tumori. Si tratta di un quadro clinico molto eterogeneo, che probabilmente si basa su molte mutazioni genetiche diverse.<\/p>\n<p>Altre sindromi da carenza di anticorpi, invece, si manifestano gi\u00e0 nella prima infanzia attraverso infezioni batteriche frequenti o singole e gravi. Riconoscerli precocemente \u00e8 una sfida particolare per i medici di base e i pediatri. In caso di sospetto, \u00e8 necessario contattare un centro immunologico locale. Una semplice diagnosi di base con emocromo differenziale e determinazione delle immunoglobuline IgG, -A, -M, nonch\u00e9 degli anticorpi vaccinali contro il tetano, l&#8217;Haemophilus influenzae e gli pneumococchi, pu\u00f2 essere effettuata in anticipo.<\/p>\n<p>In caso di valori di laboratorio patologici e infezioni ricorrenti, la sostituzione dell&#8217;immunoglobulina \u00e8 terapeuticamente indicata. Pu\u00f2 essere effettuata una volta al mese per via endovenosa in una clinica o in uno studio o una volta alla settimana per via sottocutanea come terapia domiciliare e di solito \u00e8 necessaria per tutta la vita.<\/p>\n<p><strong>Difetti dei fagociti:<\/strong> I difetti dei fagociti, &#8220;Difetti congeniti del numero, della funzione o di entrambi i fagociti&#8221;, comprendono sia difetti numerici dei neutrofili, come la neutropenia congenita grave, sia difetti funzionali dei neutrofili, come la malattia granulomatosa settica (CGD). Questi difetti sono caratterizzati anche da frequenti infezioni batteriche, ma anche da disturbi della guarigione delle ferite, ascessi e infezioni fungine invasive. La CGD pu\u00f2 anche presentarsi con diarrea cronica ricorrente e quindi viene spesso erroneamente interpretata come malattia infiammatoria cronica intestinale, dalla quale \u00e8 anche istologicamente indistinguibile.<\/p>\n<p>In caso di sospetto, oltre all&#8217;emocromo differenziale, \u00e8 necessario eseguire dei test di funzionalit\u00e0 dei granulociti. Questo \u00e8 possibile nei centri di immunologia della maggior parte degli ospedali universitari, previa consultazione.<\/p>\n<p>Nella neutropenia congenita grave, deve essere presa in considerazione la terapia sostitutiva con il fattore stimolante le colonie di granulociti (G-CSF) per ottenere una conta neutrofila sufficiente e prevenire infezioni batteriche gravi e malattie fungine invasive.<\/p>\n<p>Nella CGD, la profilassi antibiotica e antimicotica deve essere iniziata precocemente. In questo caso, l&#8217;unica terapia curativa \u00e8 il trapianto di cellule staminali ematopoietiche (HSCT). Se non \u00e8 possibile trovare un donatore idoneo, la terapia genica \u00e8 possibile anche a determinate condizioni in singoli centri (solo a Zurigo in tutta la Svizzera).<\/p>\n<p><strong>Difetti delle cellule T:<\/strong> I difetti delle cellule T appartengono a un altro gruppo principale, che viene diagnosticato principalmente nell&#8217;infanzia e nella prima giovinezza. Queste sono chiamate &#8220;immunodeficienze combinate&#8221;, perch\u00e9 la mancanza di aiuto da parte delle cellule T porta inevitabilmente anche a un difetto nella funzione delle cellule B. Di solito si presentano precocemente con infezioni gravi, spesso invasive, che possono essere causate da virus, funghi, batteri o patogeni atipici come la Pneumocystis. I bambini affetti possono anche presentare diarrea cronica e\/o mancata crescita. Se si sospetta un difetto delle cellule T, \u00e8 necessario effettuare immediatamente un emocromo e se la conta dei linfociti \u00e8 &lt;2000\/ul, \u00e8 necessario contattare immediatamente un centro di immunologia a causa del sospetto di immunodeficienza combinata grave (&#8220;SCID&#8221;), per avviare le ulteriori fasi diagnostiche e terapeutiche.<\/p>\n<p>L&#8217;unica terapia curativa in questo caso \u00e8 anche l&#8217;HSCT o la terapia genica, senza la quale la maggior parte dei bambini morirebbe di infezioni nel primo anno di vita.<br \/>\nNei bambini pi\u00f9 grandi e negli adulti, anche i difetti congeniti delle cellule T possono essere la causa dei sintomi. Questi sono dovuti a difetti congeniti nella funzione delle cellule T o nello sviluppo delle cellule T. Si basano su difetti genetici che di solito consentono una funzione residua, motivo per cui l&#8217;et\u00e0 di manifestazione pu\u00f2 essere pi\u00f9 alta rispetto alla SCID classica. Ne pu\u00f2 derivare una maggiore suscettibilit\u00e0 alle infezioni, ma anche una disregolazione immunitaria come la formazione di granulomi, malattie autoimmuni o un aumento del rischio di malignit\u00e0.<\/p>\n<p><strong>Difetto del sistema del complemento: <\/strong>le infezioni batteriche gravi, come la meningite e la polmonite, possono essere indice di un difetto del sistema del complemento. In caso di sospetto, \u00e8 necessario determinare i fattori del complemento e testare le vie alternative e classiche del complemento. Questi test, cos\u00ec come i test di funzionalit\u00e0 dei granulociti, sono disponibili nei centri di immunologia della maggior parte degli ospedali universitari, previa consultazione.<br \/>\nPoich\u00e9 non esiste una terapia curativa per i difetti del complemento, in questo caso si effettua una profilassi antibiotica permanente o una terapia antibiotica di stand-by, a seconda del decorso clinico. Inoltre, questi pazienti devono essere dotati di una carta d&#8217;identit\u00e0 d&#8217;emergenza appropriata, proprio come tutti gli altri pazienti affetti da immunodeficienza.<\/p>\n<p><strong>Sindromi autoinfiammatorie: <\/strong>in caso di episodi di febbre ricorrenti, per lo pi\u00f9 uniformi (cosiddetti periodici), bisogna sempre considerare le immunodeficienze congenite del gruppo delle sindromi autoinfiammatorie come diagnosi differenziale. La malattia pi\u00f9 comune di questo gruppo, la febbre mediterranea familiare, si manifesta tipicamente con febbre periodica accompagnata da sierosite (ad esempio, peritonite, pleurite, artrite).<\/p>\n<p>&#8220;<strong>Disregolazione immunitaria:<\/strong> linfoproliferazioni, sindrome da emofagocitosi, enteropatie o malattie autoimmuni possono essere indicazioni di immunodeficienze congenite e spesso portano a una diagnosi di disregolazione immunitaria anche nella tarda infanzia o nella giovane et\u00e0 adulta.<br \/>\nA causa della reazione immunitaria eccessiva spesso sottostante, le immunodeficienze di questi due gruppi principali vengono trattate con colchicina, immunosoppressori classici e\/o biologici, a seconda del quadro clinico e del decorso.<\/p>\n<p>&#8220;<strong>Immunodeficienze combinate con caratteristiche associate o sindromiche: <\/strong>Inoltre, esistono alcune malattie sindromiche che sono associate a un&#8217;immunodeficienza e che sono riassunte nel gruppo principale &#8220;Immunodeficienze combinate con caratteristiche associate o sindromiche&#8221;. Queste includono, ad esempio, la sindrome da iper IgE, che pu\u00f2 essere erroneamente interpretata come dermatite atopica a causa dell&#8217;elevato valore di IgE e dell&#8217;anamnesi atopica aggiuntiva spesso esistente. La sindrome da iper-IgE \u00e8 associata a ascessi cutanei stafilococcici ricorrenti e a polmonite ricorrente.<\/p>\n<p><strong>&#8220;Difetti dell&#8217;immunit\u00e0 innata&#8221;:<\/strong>  Ci sono immunodeficienze che colpiscono esclusivamente la difesa immunitaria innata, non specifica, &#8220;difetti dell&#8217;immunit\u00e0 innata&#8221;, e che quindi portano a infezioni gravi e pericolose per la vita nella prima infanzia, oppure sono completamente asintomatiche e quindi rimangono inosservate, poich\u00e9 nella seconda infanzia molti meccanismi della difesa immunitaria specifica, adattativa, assumono i compiti della difesa non specifica. L&#8217;infezione iniziale \u00e8 solitamente fulminante, ma non si verifica una reinfezione con lo stesso agente patogeno, poich\u00e9 la formazione di anticorpi protettivi \u00e8 normale.<\/p>\n<p>Nei bambini affetti da una di queste immunodeficienze, le infezioni spesso procedono senza o con segni molto bassi di infiammazione, come febbre o CRP, per cui la gravit\u00e0 dell&#8217;infezione viene spesso sottovalutata. La terapia in questo caso consiste principalmente in una terapia antibiotica precoce e, a seconda del difetto, nella sostituzione delle immunoglobuline. Poich\u00e9 i test necessari per la diagnosi sono complessi, \u00e8 necessario contattare un centro di immunologia vicino alla sede.  &nbsp;<\/p>\n<p>Indipendentemente dal tipo di immunodeficienza, l&#8217;obiettivo dovrebbe essere quello di effettuare una diagnosi il pi\u00f9 precoce e precisa possibile, al fine di evitare l&#8217;insorgere di danni agli organi attraverso una terapia adeguata e precoce, influenzando cos\u00ec positivamente la qualit\u00e0 di vita e la prognosi di questi pazienti.<\/p>\n<p>I link utili sono:<br \/>\nwww.immundefekte.ch<br \/>\nwww.kispi.uzh.ch\/de\/zuweiser\/fachbereiche\/immunologie<\/p>\n<p><em><strong>Miriam Hoernes, MD<\/strong><br \/>\n<strong>Prof. Dr. Jana Pachlopnik Schmid, MD<\/strong><\/em><\/p>\n<p><span style=\"font-size:10px\"><em>PRATICA GP 2014; 9(9): 46-48<\/em><\/span><\/p>\n","protected":false},"excerpt":{"rendered":"<p>Un sistema immunitario funzionante \u00e8 fondamentale. Nelle immunodeficienze congenite e acquisite, una parte del sistema immunitario non funziona o \u00e8 completamente assente. Le immunodeficienze congenite sono rare. Circa una persona&hellip;<\/p>\n","protected":false},"author":7,"featured_media":47001,"comment_status":"closed","ping_status":"","sticky":false,"template":"","format":"standard","meta":{"_acf_changed":false,"pmpro_default_level":"","cat_1_feature_home_top":false,"cat_2_editor_pick":false,"csco_eyebrow_text":"Immunodeficienze congenite","footnotes":""},"category":[11343,11361,11392,11415,11511,11376,11443,11468,11550],"tags":[12248,50698,27929,50688,15372,50692,19274],"powerkit_post_featured":[],"class_list":["post-344520","post","type-post","status-publish","format-standard","has-post-thumbnail","category-allergologia-e-immunologia-clinica","category-ematologia","category-endocrinologia-e-diabetologia","category-infettivologia","category-notizie","category-oncologia-it","category-pediatria-it","category-pneumologia","category-rx-it","tag-antibiotici","tag-avvelenamento-del-sangue","tag-meningite-it-2","tag-otite-media-it","tag-polmonite-it","tag-raccolta-di-pus","tag-sistema-immunitario","pmpro-has-access"],"acf":[],"publishpress_future_action":{"enabled":false,"date":"2026-05-05 04:34:37","action":"change-status","newStatus":"draft","terms":[],"taxonomy":"category","extraData":[]},"publishpress_future_workflow_manual_trigger":{"enabledWorkflows":[]},"wpml_current_locale":"it_IT","wpml_translations":{"pt_PT":{"locale":"pt_PT","id":344532,"slug":"de-que-sinais-de-aviso-se-deve-estar-atento","post_title":"De que sinais de aviso se deve estar atento?","href":"https:\/\/medizinonline.com\/pt-pt\/de-que-sinais-de-aviso-se-deve-estar-atento\/"},"es_ES":{"locale":"es_ES","id":344540,"slug":"que-senales-de-alarma-hay-que-tener-en-cuenta","post_title":"\u00bfQu\u00e9 se\u00f1ales de alarma hay que tener en cuenta?","href":"https:\/\/medizinonline.com\/es\/que-senales-de-alarma-hay-que-tener-en-cuenta\/"}},"_links":{"self":[{"href":"https:\/\/medizinonline.com\/it\/wp-json\/wp\/v2\/posts\/344520","targetHints":{"allow":["GET"]}}],"collection":[{"href":"https:\/\/medizinonline.com\/it\/wp-json\/wp\/v2\/posts"}],"about":[{"href":"https:\/\/medizinonline.com\/it\/wp-json\/wp\/v2\/types\/post"}],"author":[{"embeddable":true,"href":"https:\/\/medizinonline.com\/it\/wp-json\/wp\/v2\/users\/7"}],"replies":[{"embeddable":true,"href":"https:\/\/medizinonline.com\/it\/wp-json\/wp\/v2\/comments?post=344520"}],"version-history":[{"count":0,"href":"https:\/\/medizinonline.com\/it\/wp-json\/wp\/v2\/posts\/344520\/revisions"}],"wp:featuredmedia":[{"embeddable":true,"href":"https:\/\/medizinonline.com\/it\/wp-json\/wp\/v2\/media\/47001"}],"wp:attachment":[{"href":"https:\/\/medizinonline.com\/it\/wp-json\/wp\/v2\/media?parent=344520"}],"wp:term":[{"taxonomy":"category","embeddable":true,"href":"https:\/\/medizinonline.com\/it\/wp-json\/wp\/v2\/category?post=344520"},{"taxonomy":"post_tag","embeddable":true,"href":"https:\/\/medizinonline.com\/it\/wp-json\/wp\/v2\/tags?post=344520"},{"taxonomy":"powerkit_post_featured","embeddable":true,"href":"https:\/\/medizinonline.com\/it\/wp-json\/wp\/v2\/powerkit_post_featured?post=344520"}],"curies":[{"name":"wp","href":"https:\/\/api.w.org\/{rel}","templated":true}]}}