{"id":344666,"date":"2014-09-18T14:41:48","date_gmt":"2014-09-18T12:41:48","guid":{"rendered":"https:\/\/medizinonline.com\/abbreviare-le-lunghe-fasi-di-prova-ed-errore\/"},"modified":"2014-09-18T14:41:48","modified_gmt":"2014-09-18T12:41:48","slug":"abbreviare-le-lunghe-fasi-di-prova-ed-errore","status":"publish","type":"post","link":"https:\/\/medizinonline.com\/it\/abbreviare-le-lunghe-fasi-di-prova-ed-errore\/","title":{"rendered":"Abbreviare le lunghe fasi di prova ed errore."},"content":{"rendered":"<p><strong>L&#8217;attuale numero di InFo NEUROLOGIE &amp; PSYCHIATRIE le offre una panoramica ampia e informativa sul tema del &#8220;Disturbo bipolare&#8221;: vengono discussi l&#8217;epidemiologia, la mortalit\u00e0 e il clustering familiare, le sfide diagnostiche e la terapia stratificata.  <\/strong><\/p>\n<p> <!--more--> <\/p>\n<p>Il disturbo bipolare \u00e8 caratterizzato da una fluttuazione anomala dell&#8217;umore e si manifesta con episodi maniacali, ipomaniacali e depressivi. Le prime manifestazioni si verificano di solito nell&#8217;adolescenza o nella prima et\u00e0 adulta.<\/p>\n<p>Prof. Dr m\u00e9d. Martin Preisig, Dr m\u00e9d. Nel loro articolo, Sylfa Fassassi e la dottoressa Caroline Vandeleur, Prilly, utilizzano studi attuali per illustrare che il decorso del disturbo bipolare \u00e8 purtroppo generalmente sfavorevole: Soprattutto quando si aggiungono altre comorbidit\u00e0 somatiche e psichiatriche, come i disturbi d&#8217;ansia o di personalit\u00e0, il tasso di mortalit\u00e0 aumenta. Oltre al suicidio, anche il rischio di remissione incompleta e di ricaduta \u00e8 molto alto &#8211; con ogni nuovo episodio, la possibilit\u00e0 di una remissione completa diventa meno probabile. Si tratta di un circolo vizioso che deve essere spezzato. Gli autori discutono anche gli aspetti epidemiologici e il clustering familiare: Il rischio di sviluppare il disturbo bipolare I \u00e8 tre volte superiore per i membri di una famiglia in cui si sono gi\u00e0 verificati casi del genere, rispetto ai membri di famiglie sane.<\/p>\n<p>Le persone bipolari parlano prevalentemente dei sintomi depressivi quando si recano dal medico, non solo perch\u00e9 di solito trascorrono pi\u00f9 tempo negli stati depressivi, ma anche perch\u00e9 valutano i periodi (ipo)maniacali come pi\u00f9 positivi e classificano le loro conseguenze sociali come meno rilevanti. In questo caso, c&#8217;\u00e8 il rischio di una falsa diagnosi di depressione unipolare e quindi di una terapia troppo unilaterale. Nel suo articolo, Philipp Eich, MD, Liestal, mette in guardia da un&#8217;anamnesi imprecisa e discute ancora una volta le basi pi\u00f9 importanti di una diagnosi completa e di una terapia adattata al paziente. In particolare, affronta la prospettiva del medico di base, che ha un ruolo importante da svolgere in vista dell&#8217;anamnesi, della terapia e del controllo a lungo termine.<\/p>\n<p>Per contrastare le difficili fasi di aggiustamento della terapia, regolate in modo incoerente e spesso lunghe, secondo il principio del &#8220;trial-and-error&#8221;, si dovrebbero stratificare i pazienti bipolari e le fasi di trattamento, in cui i biomarcatori in futuro e oggi, la storia e la clinica, possono essere utili (la storia \u00e8 considerata, non a torto, il pi\u00f9 forte predittore attualmente disponibile del successo della terapia). Nel mio articolo fornisco una panoramica di questo importante e promettente campo di ricerca.<\/p>\n<p>Le auguro una lettura ricca di informazioni e la saluto cordialmente.<\/p>\n<p><em><strong>Prof. Dr. med. Gregor Hasler<\/strong><\/em><\/p>\n<p>&nbsp;<\/p>\n<p><span style=\"font-size:10px\"><em>InFo Neurologia &amp; Psichiatria 2014; 12(5): 1<\/em><\/span><\/p>\n","protected":false},"excerpt":{"rendered":"<p>L&#8217;attuale numero di InFo NEUROLOGIE &amp; PSYCHIATRIE le offre una panoramica ampia e informativa sul tema del &#8220;Disturbo bipolare&#8221;: vengono discussi l&#8217;epidemiologia, la mortalit\u00e0 e il clustering familiare, le sfide&hellip;<\/p>\n","protected":false},"author":7,"featured_media":46501,"comment_status":"closed","ping_status":"","sticky":false,"template":"","format":"standard","meta":{"_acf_changed":false,"pmpro_default_level":"","cat_1_feature_home_top":false,"cat_2_editor_pick":false,"csco_eyebrow_text":"Disturbo bipolare","footnotes":""},"category":[11519,11479,11550],"tags":[13713,14677,28573,51048,26547,24111],"powerkit_post_featured":[],"class_list":["post-344666","post","type-post","status-publish","format-standard","has-post-thumbnail","category-formazione-continua","category-psichiatria-e-psicoterapia","category-rx-it","tag-biomarcatore","tag-depressione","tag-disturbo-bipolare","tag-prove-ed-errori","tag-remissione","tag-suicidio","pmpro-has-access"],"acf":[],"publishpress_future_action":{"enabled":false,"date":"2026-05-09 09:38:27","action":"change-status","newStatus":"draft","terms":[],"taxonomy":"category","extraData":[]},"publishpress_future_workflow_manual_trigger":{"enabledWorkflows":[]},"wpml_current_locale":"it_IT","wpml_translations":{"pt_PT":{"locale":"pt_PT","id":344673,"slug":"encurtar-as-longas-fases-de-julgamento-e-erro","post_title":"Encurtar as longas fases de julgamento e erro","href":"https:\/\/medizinonline.com\/pt-pt\/encurtar-as-longas-fases-de-julgamento-e-erro\/"},"es_ES":{"locale":"es_ES","id":344678,"slug":"acortar-las-largas-fases-de-prueba-y-error","post_title":"Acortar las largas fases de prueba y error","href":"https:\/\/medizinonline.com\/es\/acortar-las-largas-fases-de-prueba-y-error\/"}},"_links":{"self":[{"href":"https:\/\/medizinonline.com\/it\/wp-json\/wp\/v2\/posts\/344666","targetHints":{"allow":["GET"]}}],"collection":[{"href":"https:\/\/medizinonline.com\/it\/wp-json\/wp\/v2\/posts"}],"about":[{"href":"https:\/\/medizinonline.com\/it\/wp-json\/wp\/v2\/types\/post"}],"author":[{"embeddable":true,"href":"https:\/\/medizinonline.com\/it\/wp-json\/wp\/v2\/users\/7"}],"replies":[{"embeddable":true,"href":"https:\/\/medizinonline.com\/it\/wp-json\/wp\/v2\/comments?post=344666"}],"version-history":[{"count":0,"href":"https:\/\/medizinonline.com\/it\/wp-json\/wp\/v2\/posts\/344666\/revisions"}],"wp:featuredmedia":[{"embeddable":true,"href":"https:\/\/medizinonline.com\/it\/wp-json\/wp\/v2\/media\/46501"}],"wp:attachment":[{"href":"https:\/\/medizinonline.com\/it\/wp-json\/wp\/v2\/media?parent=344666"}],"wp:term":[{"taxonomy":"category","embeddable":true,"href":"https:\/\/medizinonline.com\/it\/wp-json\/wp\/v2\/category?post=344666"},{"taxonomy":"post_tag","embeddable":true,"href":"https:\/\/medizinonline.com\/it\/wp-json\/wp\/v2\/tags?post=344666"},{"taxonomy":"powerkit_post_featured","embeddable":true,"href":"https:\/\/medizinonline.com\/it\/wp-json\/wp\/v2\/powerkit_post_featured?post=344666"}],"curies":[{"name":"wp","href":"https:\/\/api.w.org\/{rel}","templated":true}]}}