{"id":344776,"date":"2014-09-11T13:32:52","date_gmt":"2014-09-11T11:32:52","guid":{"rendered":"https:\/\/medizinonline.com\/lalimentazione-equilibrata-si-impara-gia-nellinfanzia\/"},"modified":"2014-09-11T13:32:52","modified_gmt":"2014-09-11T11:32:52","slug":"lalimentazione-equilibrata-si-impara-gia-nellinfanzia","status":"publish","type":"post","link":"https:\/\/medizinonline.com\/it\/lalimentazione-equilibrata-si-impara-gia-nellinfanzia\/","title":{"rendered":"L&#8217;alimentazione equilibrata si impara gi\u00e0 nell&#8217;infanzia"},"content":{"rendered":"<p><strong>La promozione della salute inizia nell&#8217;infanzia. In giovane et\u00e0, si gettano le basi di uno stile di vita sano su cui costruire da adulti.<\/strong><\/p>\n<p> <!--more--> <\/p>\n<p>Nei primi anni di vita del bambino, i genitori determinano la gamma di alimenti per la loro prole. All&#8217;interno di questo spettro, i bambini sviluppano poi i loro gusti e le loro preferenze. Il dolce \u00e8 l&#8217;unica preferenza che i bambini portano con s\u00e9 dalla nascita. Tutte le altre preferenze di gusto vengono apprese. I genitori e gli altri assistenti sono modelli di ruolo in questo processo: Cosa piace alla madre, al padre, al fratello, alla nonna, a chi si occupa dell&#8217;asilo, agli insegnanti, ecc. E cosa non gli piace? Cosa viene messo in tavola e quando, dove viene mangiato? Le esperienze nutrizionali che i bambini fanno nei primi anni di vita rimangono; le preferenze dell&#8217;infanzia raramente si perdono.<\/p>\n<p>Con tutte le buone intenzioni di una dieta equilibrata, anche il divertimento e il piacere fanno parte dell&#8217;alimentazione. I bambini non giudicano il cibo in base al suo valore salutistico. Vogliono sperimentare il cibo con tutti i sensi: l&#8217;aspetto, il gusto e l&#8217;odore sono di grande importanza per i bambini. I bambini pi\u00f9 grandi, inoltre, non vogliono principalmente mangiare in modo sano: le prestazioni fisiche o mentali, la forma fisica, il bell&#8217;aspetto, ecc. sono molto pi\u00f9 importanti per loro. I bambini non vogliono una &#8220;dieta teoricamente sana&#8221;, ma un pasto fantasioso e vario, che pu\u00f2 anche includere il fast food.<br \/>\nLe seguenti raccomandazioni <strong>(Tab.&nbsp;1) <\/strong>assicurano un apporto sufficiente di energia, nutrienti e sostanze protettive nel senso di una dieta mista equilibrata e quindi di una dieta bilanciata per bambini sani.<\/p>\n<p><img fetchpriority=\"high\" decoding=\"async\" class=\" size-full wp-image-4427\" alt=\"\" src=\"https:\/\/medizinonline.com\/wp-content\/uploads\/2014\/09\/tab1_hp8_s5.jpg\" style=\"height:816px; width:600px\" width=\"1029\" height=\"1400\" srcset=\"https:\/\/medizinonline.com\/wp-content\/uploads\/2014\/09\/tab1_hp8_s5.jpg 1029w, https:\/\/medizinonline.com\/wp-content\/uploads\/2014\/09\/tab1_hp8_s5-800x1088.jpg 800w, https:\/\/medizinonline.com\/wp-content\/uploads\/2014\/09\/tab1_hp8_s5-120x163.jpg 120w, https:\/\/medizinonline.com\/wp-content\/uploads\/2014\/09\/tab1_hp8_s5-90x122.jpg 90w, https:\/\/medizinonline.com\/wp-content\/uploads\/2014\/09\/tab1_hp8_s5-320x435.jpg 320w, https:\/\/medizinonline.com\/wp-content\/uploads\/2014\/09\/tab1_hp8_s5-560x762.jpg 560w\" sizes=\"(max-width: 1029px) 100vw, 1029px\" \/><\/p>\n<p>Le quantit\u00e0 e le porzioni indicate sono state adattate al fabbisogno nutritivo ed energetico del bambino, ma sono solo valori medi di orientamento, poich\u00e9 il fabbisogno effettivo dipende fortemente dalla taglia e dall&#8217;attivit\u00e0 fisica del bambino. Inoltre, le raccomandazioni non devono essere seguite ogni giorno, ma a lungo termine, ad esempio per una settimana. Un&#8217;eccezione sono le raccomandazioni sull&#8217;assunzione di liquidi, che devono essere considerate quotidianamente.<\/p>\n<p>Per maggiori informazioni sull&#8217;alimentazione equilibrata nell&#8217;infanzia, veda:<br \/>\n<a href=\"http:\/\/www.sge-ssn.ch\/kinder\" target=\"_blank\" rel=\"noopener\">www.sge-ssn.ch\/kinder.<\/a><\/p>\n<p><em>PRATICA GP 2014; 9(8): 5<\/em><\/p>\n","protected":false},"excerpt":{"rendered":"<p>La promozione della salute inizia nell&#8217;infanzia. In giovane et\u00e0, si gettano le basi di uno stile di vita sano su cui costruire da adulti.<\/p>\n","protected":false},"author":7,"featured_media":46191,"comment_status":"closed","ping_status":"","sticky":false,"template":"","format":"standard","meta":{"_acf_changed":false,"pmpro_default_level":"","cat_1_feature_home_top":false,"cat_2_editor_pick":false,"csco_eyebrow_text":"Raccomandazione nutrizionale della Societ\u00e0 Svizzera di Nutrizione SGE","footnotes":""},"category":[11511,11395,11443,11550],"tags":[51256,51271,51262,12983,51277,24940],"powerkit_post_featured":[],"class_list":["post-344776","post","type-post","status-publish","format-standard","has-post-thumbnail","category-notizie","category-nutrizione","category-pediatria-it","category-rx-it","tag-cibo","tag-dieta-mista","tag-fast-food-it","tag-nutrizione","tag-requisiti-nutritivi","tag-stile-di-vita-it","pmpro-has-access"],"acf":[],"publishpress_future_action":{"enabled":false,"date":"2026-05-04 22:58:12","action":"change-status","newStatus":"draft","terms":[],"taxonomy":"category","extraData":[]},"publishpress_future_workflow_manual_trigger":{"enabledWorkflows":[]},"wpml_current_locale":"it_IT","wpml_translations":{"pt_PT":{"locale":"pt_PT","id":344787,"slug":"a-nutricao-equilibrada-ja-e-aprendida-na-infancia","post_title":"A nutri\u00e7\u00e3o equilibrada j\u00e1 \u00e9 aprendida na inf\u00e2ncia","href":"https:\/\/medizinonline.com\/pt-pt\/a-nutricao-equilibrada-ja-e-aprendida-na-infancia\/"},"es_ES":{"locale":"es_ES","id":344795,"slug":"la-nutricion-equilibrada-ya-se-aprende-en-la-infancia","post_title":"La nutrici\u00f3n equilibrada ya se aprende en la infancia","href":"https:\/\/medizinonline.com\/es\/la-nutricion-equilibrada-ya-se-aprende-en-la-infancia\/"}},"_links":{"self":[{"href":"https:\/\/medizinonline.com\/it\/wp-json\/wp\/v2\/posts\/344776","targetHints":{"allow":["GET"]}}],"collection":[{"href":"https:\/\/medizinonline.com\/it\/wp-json\/wp\/v2\/posts"}],"about":[{"href":"https:\/\/medizinonline.com\/it\/wp-json\/wp\/v2\/types\/post"}],"author":[{"embeddable":true,"href":"https:\/\/medizinonline.com\/it\/wp-json\/wp\/v2\/users\/7"}],"replies":[{"embeddable":true,"href":"https:\/\/medizinonline.com\/it\/wp-json\/wp\/v2\/comments?post=344776"}],"version-history":[{"count":0,"href":"https:\/\/medizinonline.com\/it\/wp-json\/wp\/v2\/posts\/344776\/revisions"}],"wp:featuredmedia":[{"embeddable":true,"href":"https:\/\/medizinonline.com\/it\/wp-json\/wp\/v2\/media\/46191"}],"wp:attachment":[{"href":"https:\/\/medizinonline.com\/it\/wp-json\/wp\/v2\/media?parent=344776"}],"wp:term":[{"taxonomy":"category","embeddable":true,"href":"https:\/\/medizinonline.com\/it\/wp-json\/wp\/v2\/category?post=344776"},{"taxonomy":"post_tag","embeddable":true,"href":"https:\/\/medizinonline.com\/it\/wp-json\/wp\/v2\/tags?post=344776"},{"taxonomy":"powerkit_post_featured","embeddable":true,"href":"https:\/\/medizinonline.com\/it\/wp-json\/wp\/v2\/powerkit_post_featured?post=344776"}],"curies":[{"name":"wp","href":"https:\/\/api.w.org\/{rel}","templated":true}]}}