{"id":345080,"date":"2014-06-13T00:00:00","date_gmt":"2014-06-12T22:00:00","guid":{"rendered":"https:\/\/medizinonline.com\/febbre-da-fieno-una-nuova-speranza-contro-la-malattia-diffusa-e-sottovalutata\/"},"modified":"2014-06-13T00:00:00","modified_gmt":"2014-06-12T22:00:00","slug":"febbre-da-fieno-una-nuova-speranza-contro-la-malattia-diffusa-e-sottovalutata","status":"publish","type":"post","link":"https:\/\/medizinonline.com\/it\/febbre-da-fieno-una-nuova-speranza-contro-la-malattia-diffusa-e-sottovalutata\/","title":{"rendered":"Febbre da fieno: una nuova speranza contro la malattia diffusa e sottovalutata?"},"content":{"rendered":"<p><strong>Non tutte le persone desiderano giornate soleggiate e calde gi\u00e0 in primavera. Molti soffrono di febbre da fieno, una malattia diffusa spesso sottovalutata. I pazienti gravemente colpiti soffrono di prestazioni ridotte e talvolta si sentono fortemente limitati dal turbinio del polline, anche nelle loro attivit\u00e0 di svago. Con <sup>Dymista\u00ae<\/sup>, i medici hanno a disposizione una nuova opzione terapeutica i cui risultati degli studi sono molto promettenti.<\/strong><\/p>\n<p> <!--more--> <\/p>\n<p><em>(lg)  <\/em>Se \u00e8 affetto da raffreddore da fieno, la stanchezza, una sensazione di malessere quasi permanente e una &#8220;piccola farmacia&#8221; sono compagni costanti in primavera o in estate. Molte persone conoscono questa condizione e pi\u00f9 alto \u00e8 il numero di pollini a cui i pazienti sono allergici, pi\u00f9 a lungo dura la condizione durante l&#8217;estate. Alla conferenza stampa di Zurigo, il Prof. Dr med Peter Schmid-Grendelmeier, Zurigo, e il Prof. Dr med Claus Bachert, Gent (Belgio), hanno parlato della nuova approvazione di Dymista, i cui risultati dello studio sono fonte di speranza.<\/p>\n<h2 id=\"malattie-conseguenti-alla-sottovalutazione-del-raffreddore-da-fieno\">Malattie conseguenti alla sottovalutazione del raffreddore da fieno<\/h2>\n<p>Circa un quinto della popolazione svizzera soffre di febbre da fieno, e quasi la met\u00e0 dei pazienti assume due o addirittura pi\u00f9 farmaci. Poich\u00e9 molti soffrono di una variet\u00e0 di sintomi, si utilizza un preparato diverso per ciascuno dei sintomi che si presentano. Tuttavia, controllare i sintomi \u00e8 tutt&#8217;altro che facile. Se il trattamento viene applicato troppo tardi o in modo errato, possono insorgere gravi malattie. &#8220;\u00c8 importante proteggere i pazienti dalle malattie secondarie, perch\u00e9 un paziente con febbre da fieno su tre sviluppa un&#8217;asma allergica. Questo pu\u00f2 quindi verificarsi non solo stagionalmente, ma tutto l&#8217;anno&#8221;, afferma il Prof. Schmid-Grendelmeier sull&#8217;importanza della giusta terapia.<\/p>\n<p>La prima fase della terapia consiste nell&#8217;evitare l&#8217;allergene; i pazienti devono essere incoraggiati a lavare i capelli frequentemente e ad evitare erbe e pollini. Il secondo passo consiste nel trattare i sintomi con i farmaci e il terzo \u00e8 la desensibilizzazione, che ha lo scopo di creare una tolleranza agli allergeni in questione. Tuttavia, la terapia si rivela spesso difficile nella pratica, poich\u00e9 ogni paziente mostra sintomi diversi e spesso \u00e8 allergico a diversi gruppi di pollini ed erbe.<\/p>\n<h2 id=\"la-preparazione-combinata-convince-negli-studi\">La preparazione combinata convince negli studi<\/h2>\n<p>Con Dymista, una nuova combinazione di principi attivi \u00e8 stata approvata per il mercato svizzero. Si tratta di un antistaminico e di un cortisone locale, che viene utilizzato nella sua forma attuale come spray nasale. Il vantaggio: il composto esplica il suo effetto molto rapidamente, la &#8220;farmacia&#8221; che i malati devono portare con s\u00e9 \u00e8 ridotta a un solo preparato, poich\u00e9 secondo i risultati degli studi pu\u00f2 anche alleviare i sintomi oculari. Il Prof. Bachert parla di &#8220;un reale effetto additivo&#8221; che lo spray nasale offre con questa combinazione di farmaci: &#8220;Il farmaco \u00e8 stato testato in totale in circa 4500 pazienti non solo contro il placebo, ma anche direttamente contro i corticosteroidi intranasali. In questo caso, ha dimostrato di essere due volte pi\u00f9 efficace nella sintomatologia generale della rinite allergica stagionale. Questo d\u00e0 a molti pazienti una nuova speranza&#8221;. I pazienti spesso citano la congestione nasale come il sintomo pi\u00f9 fastidioso, che \u00e8 stato significativamente alleviato dalla terapia con Dymista rispetto ai corticosteroidi intranasali.<\/p>\n<p>L&#8217;uso corretto dello spray nasale \u00e8 essenziale. Il medico di famiglia \u00e8 incoraggiato a insegnare l&#8217;uso corretto. La testa deve essere leggermente piegata verso il basso e lo spray deve essere spruzzato nella narice destra con la mano sinistra e viceversa, secondo le precise istruzioni del Prof. Bachert. &#8220;Nella pratica, vediamo che il farmaco \u00e8 ben accettato dai pazienti, in quanto i sintomi migliorano rapidamente. In circa quattro giorni, invece dei dieci finora previsti, migliora il complesso dei sintomi, il che pu\u00f2 anche migliorare l&#8217;aderenza&#8221;, \u00e8 la valutazione del Prof. Schmid-Grendelmeier.<\/p>\n<p><img fetchpriority=\"high\" decoding=\"async\" class=\" size-full wp-image-4098\" src=\"https:\/\/medizinonline.com\/wp-content\/uploads\/2014\/06\/Schmid-Grendelmeier_DP3_s48.png_2251.png\" width=\"864\" height=\"877\" srcset=\"https:\/\/medizinonline.com\/wp-content\/uploads\/2014\/06\/Schmid-Grendelmeier_DP3_s48.png_2251.png 864w, https:\/\/medizinonline.com\/wp-content\/uploads\/2014\/06\/Schmid-Grendelmeier_DP3_s48.png_2251-800x812.png 800w, https:\/\/medizinonline.com\/wp-content\/uploads\/2014\/06\/Schmid-Grendelmeier_DP3_s48.png_2251-80x80.png 80w, https:\/\/medizinonline.com\/wp-content\/uploads\/2014\/06\/Schmid-Grendelmeier_DP3_s48.png_2251-120x122.png 120w, https:\/\/medizinonline.com\/wp-content\/uploads\/2014\/06\/Schmid-Grendelmeier_DP3_s48.png_2251-90x90.png 90w, https:\/\/medizinonline.com\/wp-content\/uploads\/2014\/06\/Schmid-Grendelmeier_DP3_s48.png_2251-320x325.png 320w, https:\/\/medizinonline.com\/wp-content\/uploads\/2014\/06\/Schmid-Grendelmeier_DP3_s48.png_2251-560x568.png 560w\" sizes=\"(max-width: 864px) 100vw, 864px\" \/><\/p>\n<p>Non \u00e8 ancora possibile valutare in modo definitivo se l&#8217;uso di Dymista abbia anche un effetto positivo sull&#8217;asma allergica. Tuttavia, sono in corso indagini e studi corrispondenti. Il farmaco \u00e8 approvato in Svizzera per i pazienti di et\u00e0 superiore ai 12 anni che soffrono di rinite allergica stagionale e rinoconcettivite. Il farmaco ha mostrato una buona tollerabilit\u00e0 nell&#8217;uso a lungo termine per un anno. Un piccolo gruppo di pazienti ha sperimentato disturbi del gusto durante l&#8217;uso dello spray nasale. Questo \u00e8 stato l&#8217;effetto collaterale pi\u00f9 comune (2,5%), seguito da epistassi (1,2%), mal di testa e tosse (1% ciascuno).<\/p>\n<p><em>Fonte: &#8220;Il raffreddore da fieno &#8211; una malattia diffusa e sottovalutata &#8211; la nuova terapia d\u00e0 speranza!&#8221;, conferenza stampa MEDA, 19 marzo 2014, Zurigo<\/em><\/p>\n<p><em>PRATICA DERMATOLOGICA 2014; 24(3): 47-48<\/em><\/p>\n","protected":false},"excerpt":{"rendered":"<p>Non tutte le persone desiderano giornate soleggiate e calde gi\u00e0 in primavera. Molti soffrono di febbre da fieno, una malattia diffusa spesso sottovalutata. I pazienti gravemente colpiti soffrono di prestazioni&hellip;<\/p>\n","protected":false},"author":4,"featured_media":44856,"comment_status":"closed","ping_status":"","sticky":false,"template":"","format":"standard","meta":{"_acf_changed":false,"pmpro_default_level":"","cat_1_feature_home_top":false,"cat_2_editor_pick":false,"csco_eyebrow_text":"Nuova opzione terapeutica","footnotes":""},"category":[11343,11351,11522,11550],"tags":[12994,52348,52339,13489,24846,44147,23275,13755],"powerkit_post_featured":[],"class_list":["post-345080","post","type-post","status-publish","format-standard","has-post-thumbnail","category-allergologia-e-immunologia-clinica","category-dermatologia-e-venereologia","category-rapporti-del-congresso","category-rx-it","tag-allergia","tag-disturbo-del-gusto","tag-dymista-it","tag-febbre-da-fieno","tag-mal-di-testa-it","tag-sangue-dal-naso","tag-spray-nasale","tag-tosse","pmpro-has-access"],"acf":[],"publishpress_future_action":{"enabled":false,"date":"2026-05-03 06:35:20","action":"change-status","newStatus":"draft","terms":[],"taxonomy":"category","extraData":[]},"publishpress_future_workflow_manual_trigger":{"enabledWorkflows":[]},"wpml_current_locale":"it_IT","wpml_translations":{"pt_PT":{"locale":"pt_PT","id":345086,"slug":"febre-do-feno-nova-esperanca-contra-a-doenca-subestimada-generalizada","post_title":"Febre do feno - nova esperan\u00e7a contra a doen\u00e7a subestimada generalizada?","href":"https:\/\/medizinonline.com\/pt-pt\/febre-do-feno-nova-esperanca-contra-a-doenca-subestimada-generalizada\/"},"es_ES":{"locale":"es_ES","id":345094,"slug":"fiebre-del-heno-nueva-esperanza-contra-la-subestimada-enfermedad-generalizada","post_title":"Fiebre del heno: \u00bfnueva esperanza contra la subestimada enfermedad generalizada?","href":"https:\/\/medizinonline.com\/es\/fiebre-del-heno-nueva-esperanza-contra-la-subestimada-enfermedad-generalizada\/"}},"_links":{"self":[{"href":"https:\/\/medizinonline.com\/it\/wp-json\/wp\/v2\/posts\/345080","targetHints":{"allow":["GET"]}}],"collection":[{"href":"https:\/\/medizinonline.com\/it\/wp-json\/wp\/v2\/posts"}],"about":[{"href":"https:\/\/medizinonline.com\/it\/wp-json\/wp\/v2\/types\/post"}],"author":[{"embeddable":true,"href":"https:\/\/medizinonline.com\/it\/wp-json\/wp\/v2\/users\/4"}],"replies":[{"embeddable":true,"href":"https:\/\/medizinonline.com\/it\/wp-json\/wp\/v2\/comments?post=345080"}],"version-history":[{"count":0,"href":"https:\/\/medizinonline.com\/it\/wp-json\/wp\/v2\/posts\/345080\/revisions"}],"wp:featuredmedia":[{"embeddable":true,"href":"https:\/\/medizinonline.com\/it\/wp-json\/wp\/v2\/media\/44856"}],"wp:attachment":[{"href":"https:\/\/medizinonline.com\/it\/wp-json\/wp\/v2\/media?parent=345080"}],"wp:term":[{"taxonomy":"category","embeddable":true,"href":"https:\/\/medizinonline.com\/it\/wp-json\/wp\/v2\/category?post=345080"},{"taxonomy":"post_tag","embeddable":true,"href":"https:\/\/medizinonline.com\/it\/wp-json\/wp\/v2\/tags?post=345080"},{"taxonomy":"powerkit_post_featured","embeddable":true,"href":"https:\/\/medizinonline.com\/it\/wp-json\/wp\/v2\/powerkit_post_featured?post=345080"}],"curies":[{"name":"wp","href":"https:\/\/api.w.org\/{rel}","templated":true}]}}